{"id":57307,"date":"2025-10-10T12:41:10","date_gmt":"2025-10-10T12:41:10","guid":{"rendered":"https:\/\/www.europesays.com\/no\/57307\/"},"modified":"2025-10-10T12:41:10","modified_gmt":"2025-10-10T12:41:10","slug":"en-pris-til-en-hel-bevegelse","status":"publish","type":"post","link":"https:\/\/www.europesays.com\/no\/57307\/","title":{"rendered":"\u2013 En pris til en hel bevegelse"},"content":{"rendered":"\n<p class=\"_paragraph_o9xde_4 _paragraph_xtcu6_10 layout-component text-serif-m layout-normal text-serif-m layout-padded\">Nobels fredspris 2025 g\u00e5r til Mar\u00eda Corina Machado (58), bekrefter nobelkomiteen p\u00e5 en pressekonferanse p\u00e5 Nobelinstituttet, klokken 11 fredag. <\/p>\n<p class=\"_paragraph_o9xde_4 _paragraph_xtcu6_10 layout-component text-serif-m layout-normal text-serif-m layout-padded\">Hun er leder for partiet Vente Venezuela, som beskriver seg som sentrumsliberale. Hun var medlem av landets parlament fra 2011 til 2014 og grunnla valgobservasjonsorganisasjonen S\u00famate.<\/p>\n<p class=\"_paragraph_o9xde_4 _paragraph_xtcu6_10 layout-component text-serif-m layout-normal text-serif-m layout-padded\">\u2013 Machado f\u00e5r fredsprisen for arbeidet for \u00e5 fremme demokratiske rettigheter for folket i Venezuela og for kampen for et rettferdig og fredelig overgang fra diktatur til demokrati, sier leder i Nobelkomiteen J\u00f8rgen Watne Frydnes. <\/p>\n<p class=\"_paragraph_o9xde_4 _paragraph_xtcu6_10 layout-component text-serif-m layout-normal text-serif-m layout-padded\"><strong class=\"_strong_o9xde_25\">Han sier at fredsprismottageren er et ekstraordin\u00e6rt eksempel p\u00e5 sivilt mot i Latin-Amerika.<\/strong><\/p>\n<p class=\"_paragraph_o9xde_4 _paragraph_xtcu6_10 layout-component text-serif-m layout-normal text-serif-m layout-padded\">Venezuela har g\u00e5tt fra \u00e5 v\u00e6re et relativt demokratisk og blomstrende land til en brutal og autorit\u00e6r stat som n\u00e5 lider humanit\u00e6rt og er i \u00f8konomisk krise, sier Frydnes. <\/p>\n<p class=\"_paragraph_o9xde_4 _paragraph_xtcu6_10 layout-component text-serif-m layout-normal text-serif-m layout-padded\">Nobelkomiteen har fredag formiddag v\u00e6rt i kontakt med Machado. <\/p>\n<p class=\"_paragraph_o9xde_4 _paragraph_xtcu6_10 layout-component text-serif-m layout-normal text-serif-m layout-padded\">\u2013 Hun ble stum med en gang, men sa det var overveldende, og at det er en pris til en hel bevegelse. Den bevegelsen i Venezuela som har kjempet for demokrati, sier komit\u00e9sekret\u00e6r Kristian Berg Harpviken til NRK. <\/p>\n<p>Dette er Mar\u00eda Corina Machado<\/p>\n<ul class=\"_list_o9xde_3 _list_xtcu6_9 _list_16v91_9 _unordered_o9xde_106 layout-component text-serif-m layout-normal text-sans-m layout-padded\">\n<li class=\"_item_o9xde_30\">Hun ble f\u00f8dt den 7. oktober 1967 i Caracas, Venezuela.<\/li>\n<li class=\"_item_o9xde_30\">Begynte sin aktivistkarriere som leder for stiftelsen Fundacion Atenea<\/li>\n<li class=\"_item_o9xde_30\">Hun var en av grunnleggerne av den sivile organisasjonen S\u00famate, som jobber med valgobservasjon og borgerrettigheter. <\/li>\n<li class=\"_item_o9xde_30\">Hun er ogs\u00e5 leder for partiet Vente Venezuela, etablert rundt 2012. <\/li>\n<li class=\"_item_o9xde_30\">Hun var medlem av Venezuelas nasjonalforsamling fra januar 2011 til mars 2014, valgt for delstaten Miranda. <\/li>\n<li class=\"_item_o9xde_30\">I 2014 mistet hun sin posisjon som representant, etter at hun ble anklaget av regjeringen for medvirkning i protester mot president Nicol\u00e1s Maduro. <\/li>\n<li class=\"_item_o9xde_30\">Hun har v\u00e6rt en skarp kritiker av Maduro-regimet og har st\u00e5tt sentralt i motstandskampen for demokratiske valg og regjeringsskifte i Venezuela. <\/li>\n<li class=\"_item_o9xde_30\">I prim\u00e6rvalget til opposisjonen i oktober 2023 vant hun over 90\u202f% av stemmene, og ble dermed nominert som kandidat for hele opposisjonen til presidentvalget 2024. <\/li>\n<li class=\"_item_o9xde_30\">Men regjeringen svarte med \u00e5 diskvalifisere henne fra \u00e5 stille som kandidat i 2024, med en periode p\u00e5 15 \u00e5r hvor hun ikke kan inneha offentlig verv. <\/li>\n<\/ul>\n<p>Vis mer<img alt=\"Mar\u00eda Corina Machado under et valgkamp-arrangement i 2024.  Foto: ADRIANA LOUREIRO FERNANDEZ \/ NYT\" class=\"_image_qp4xg_65 layout-component layout-normal\" data-fullscreen- data-track-element-type=\"Article image fullscreen\" data-track-name=\"ImageFullscreen\" decoding=\"async\" loading=\"lazy\" height=\"3280\" itemprop=\"image\"  src=\"https:\/\/www.europesays.com\/no\/wp-content\/uploads\/2025\/10\/59573e2f-a939-4790-a456-a809a1bc2127\"  style=\"object-position:0% 0%\" width=\"4152\"\/>Mar\u00eda Corina Machado under et valgkamp-arrangement i 2024.  Foto: ADRIANA LOUREIRO FERNANDEZ \/ NYT<\/p>\n<p class=\"_paragraph_o9xde_4 _paragraph_xtcu6_10 layout-component text-serif-m layout-normal text-serif-m layout-padded\">En av Norges fremste eksperter p\u00e5 latinamerikansk politikk, professor Benedicte Bull sier det er litt overraskende at Mar\u00eda Corina Machado f\u00e5r fredsprisen.<\/p>\n<p class=\"_paragraph_o9xde_4 _paragraph_xtcu6_10 layout-component text-serif-m layout-normal text-serif-m layout-padded\"><strong class=\"_strong_o9xde_25\">\u2013 Jeg skj\u00f8nner at hun er valgt, fordi Nobelkomiteen fryktet kritikk fra Trump. Det er vanskelig for ham \u00e5 kritisere Norge, n\u00e5r Machado har f\u00e5tt prisen, sier Bull til VG.<\/strong><\/p>\n<p class=\"_paragraph_o9xde_4 _paragraph_xtcu6_10 layout-component text-serif-m layout-normal text-serif-m layout-padded\">Bull sier at Machado har v\u00e6rt positiv til amerikansk inngripen i venezuelansk politikk.<\/p>\n<p class=\"_paragraph_o9xde_4 _paragraph_xtcu6_10 layout-component text-serif-m layout-normal text-serif-m layout-padded\">\u2013 Det handler om at amerikanerne senker b\u00e5ter i Karibia, alts\u00e5 utenomrettslige henrettelser, sier Bull, som er professor ved Senter for global b\u00e6rekraft ved Universitetet i <a href=\"https:\/\/www.vg.no\/tag\/oslo?utm_source=vg-article&amp;utm_medium=auto-tagger&amp;utm_campaign=wg7Vad\" class=\"_link_o9xde_39\" rel=\"nofollow noopener\" target=\"_blank\">Oslo<\/a>.<\/p>\n<p class=\"_paragraph_o9xde_4 _paragraph_xtcu6_10 layout-component text-serif-m layout-normal text-serif-m layout-padded\">Bull sier at Machado ikke har v\u00e6rt tilhenger av dialog med regimet som styret hjemlandet hennes.<\/p>\n<p class=\"_paragraph_o9xde_4 _paragraph_xtcu6_10 layout-component text-serif-m layout-normal text-serif-m layout-padded\">\u2013 Hun mener at forhandlinger med president Nicol\u00e1s Maduro ikke f\u00f8rer noen vei og \u00f8nsker direkte press og sanksjoner mot det brutale og undertrykkende regimet.<\/p>\n<p class=\"_paragraph_o9xde_4 _paragraph_xtcu6_10 layout-component text-serif-m layout-normal text-serif-m layout-padded\">Bull m\u00f8tte Machado f\u00f8r valget i fjor.<\/p>\n<p class=\"_paragraph_o9xde_4 _paragraph_xtcu6_10 layout-component text-serif-m layout-normal text-serif-m layout-padded\">\u2013 Da var hun veldig p\u00e5 demokratiske verdier, men hun har g\u00e5tt litt frem og tilbake. Hun er ingen typisk fredsprisvinner, sier professor Benedicte Bull.<\/p>\n<p><img decoding=\"async\" alt=\"Bilde av Benedicte Bull\" class=\"_image_ygndg_42\" height=\"53\" itemprop=\"image\" loading=\"lazy\"  src=\"https:\/\/www.europesays.com\/no\/wp-content\/uploads\/2025\/10\/9db97431-654b-4196-9294-810a3f8d9c55\"  width=\"40\"\/><strong class=\"_name_ygndg_51 title-serif-xs\">Benedicte Bull<\/strong><\/p>\n<p class=\"_paragraph_o9xde_4 text-sans-m _description_ygndg_56\">Professor ved Universitetet i Oslo<\/p>\n<p class=\"_paragraph_o9xde_4 _paragraph_xtcu6_10 layout-component text-serif-m layout-normal text-serif-m layout-padded\">Amnesty International sier prisen er en anerkjennelse av motstanden til alle som har st\u00e5tt sammen med Machado, inkludert lokalsamfunn, fagforeninger, politiske partier og bevegelser som har ut\u00f8vd sine politiske rettigheter og krevd endringer mens Venezuela st\u00e5r i en menneskerettighetskrise.<\/p>\n<p class=\"_paragraph_o9xde_4 _paragraph_xtcu6_10 layout-component text-serif-m layout-normal text-serif-m layout-padded\">\u2013 Maria Corina Machado har st\u00e5tt i bresjen for alle dem som er rammet og forfulgt i Venezuela fordi de tenker annerledes, fordi de blir ansett som motstandere, opposisjon, dissidenter eller kritikere, sier politisk r\u00e5dgiver Frank Code Tangberg til VG.<\/p>\n<p class=\"_paragraph_o9xde_4 _paragraph_xtcu6_10 layout-component text-serif-m layout-normal text-serif-m layout-padded\">\u2013 Hva tror du prisen kommer til \u00e5 bety for henne?<\/p>\n<p class=\"_paragraph_o9xde_4 _paragraph_xtcu6_10 layout-component text-serif-m layout-normal text-serif-m layout-padded\">\u2013 Hun befinner seg i en veldig prek\u00e6r situasjon og lever s\u00e5 vidt vi er kjent med i skjul og risikerer \u00e5 bli arrestert og utsatt for tvungen forsvinning.<\/p>\n<p class=\"_paragraph_o9xde_4 _paragraph_xtcu6_10 layout-component text-serif-m layout-normal text-serif-m layout-padded\">Tangberg h\u00e5per prisen vil b\u00e5de Machado og menneskerettighetskrisen som Venezuela st\u00e5r i, \u00f8kt oppmerksomhet.<\/p>\n<p class=\"_paragraph_o9xde_4 _paragraph_xtcu6_10 layout-component text-serif-m layout-normal text-serif-m layout-padded\">\u2013 Slik at det forh\u00e5pentligvis vil fungere som et skjold som beskytter henne og andre.<\/p>\n<p><img alt=\"Foto: Ariana Cubillos \/ AP\" class=\"_image_qp4xg_65 layout-component layout-normal\" data-fullscreen- data-track-element-type=\"Article image fullscreen\" data-track-name=\"ImageFullscreen\" decoding=\"async\" loading=\"lazy\" height=\"4067\" itemprop=\"image\"  src=\"https:\/\/www.europesays.com\/no\/wp-content\/uploads\/2025\/10\/df48a791-8833-4602-9b70-fde84710ab38\"  style=\"object-position:0% 0%\" width=\"6100\"\/>Foto: Ariana Cubillos \/ AP<\/p>\n<p class=\"_paragraph_o9xde_4 _paragraph_xtcu6_10 layout-component text-serif-m layout-normal text-serif-m layout-padded\">H\u00f8yre gratulerer Machado med prisen.<\/p>\n<p class=\"_paragraph_o9xde_4 _paragraph_xtcu6_10 layout-component text-serif-m layout-normal text-serif-m layout-padded\">\u2013 Folket i Venezuela har lidd under diktatur i flere ti\u00e5r.\u00a0President Maduros undertrykkelse blir stadig t\u00f8ffere. Det krever et enormt mot \u00e5 st\u00e5 imot en slik undertrykkelse, og det har Mar\u00eda Corina Machado utvist, sier Ine Eriksen S\u00f8reide i en kommentar.<\/p>\n<p class=\"_paragraph_o9xde_4 _paragraph_xtcu6_10 layout-component text-serif-m layout-normal text-serif-m layout-padded\">S\u00f8reide viser til at Machado har blitt nektet \u00e5 stille til valg.<\/p>\n<p class=\"_paragraph_o9xde_4 _paragraph_xtcu6_10 layout-component text-serif-m layout-normal text-serif-m layout-padded\">\u2013 Men hun nekter selv \u00e5 la seg true til taushet og forblir i Venezuela til tross for fare for sitt eget liv.<\/p>\n<p class=\"_paragraph_o9xde_4 _paragraph_xtcu6_10 layout-component text-serif-m layout-normal text-serif-m layout-padded\"><strong class=\"_strong_o9xde_25\">I \u00e5r ble totalt 338 nominert til prisen, inkludert 94 organisasjoner. <\/strong><\/p>\n<p class=\"_paragraph_o9xde_4 _paragraph_xtcu6_10 layout-component text-serif-m layout-normal text-serif-m layout-padded\">Innen 31. januar m\u00e5 alle nominasjoner fra hele verden v\u00e6re innsendt. P\u00e5 sitt f\u00f8rste m\u00f8te kan Nobelkomiteens fem medlemmer fremme sine egne kandidater. <\/p>\n<p class=\"_paragraph_o9xde_4 _paragraph_xtcu6_10 layout-component text-serif-m layout-normal text-serif-m layout-padded\">Helt frem til den andre fredagen i oktober \u2013 kunngj\u00f8ringsdagen \u2013 kan komiteen i praksis ombestemme seg, if\u00f8lge komit\u00e9leder J\u00f8rgen Watne Frydnes til <a href=\"https:\/\/www.vg.no\/nyheter\/i\/Ppkogz\/fredsprisen-naa-er-tildelingen-avgjort\" data-track-element-type=\"Link\" data-track-id=\"link:Ppkogz\" class=\"_link_o9xde_39\" rel=\"nofollow noopener\" target=\"_blank\">VG<\/a>.<\/p>\n<p class=\"_paragraph_o9xde_4 _paragraph_xtcu6_10 layout-component text-serif-m layout-normal text-serif-m layout-padded\">Hvem som nominerer, og hvem som blir nominert, er hemmelig i 50 \u00e5r, men de som nominerer, velger av og til \u00e5 g\u00e5 ut med det.<\/p>\n<p>Dette er kriteriene<\/p>\n<ul class=\"_list_o9xde_3 _list_xtcu6_9 _list_16v91_9 _unordered_o9xde_106 layout-component text-serif-m layout-normal text-sans-m layout-padded\">\n<li class=\"_item_o9xde_30\">If\u00f8lge Nobels testamente skal fredsprisen g\u00e5 til den \u00absom har verkat mest eller b\u00e4st f\u00f6r folkens f\u00f6rbr\u00f6drande och afskaffande eller minsking av st\u00e5ende armeer samt bildande och spridande av fredskongresser\u00bb.<\/li>\n<li class=\"_item_o9xde_30\">Alle levende personer og aktive organisasjoner eller institusjoner kan foresl\u00e5s som mottagere av Nobels fredspris.<\/li>\n<li class=\"_item_o9xde_30\">Nobels fredspris har blitt utdelt til et bredt spekter av fredskonsepter og fredsarbeid, men ogs\u00e5 blitt droppet 19 ganger. Det er s\u00e6rlig i perioder med store kriger. Begrunnelsen har v\u00e6rt at det ikke var noen verdige saker eller kandidater blant de nominerte.<\/li>\n<li class=\"_item_o9xde_30\">I det 21. \u00e5rhundre har Nobels fredspris ogs\u00e5 blitt tildelt for arbeid mot milj\u00f8trusler og menneskeskapte klimaendringer.<\/li>\n<\/ul>\n<p class=\"_paragraph_o9xde_4 _paragraph_xtcu6_10 _paragraph_16v91_10 layout-component text-serif-m layout-normal text-sans-m layout-padded\">(Kilde:\u00a0<a href=\"https:\/\/www.nobelpeaceprize.org\/nobels-fredspris\/om-nobels-fredspris\/\" class=\"_link_o9xde_39\" rel=\"nofollow noopener\" target=\"_blank\">Nobelinstituttet<\/a>\u00a0)<\/p>\n<p>Vis merHvorfor deler Norge ut Nobels fredspris?<\/p>\n<p class=\"_paragraph_o9xde_4 _paragraph_xtcu6_10 layout-component text-serif-m layout-normal text-serif-m layout-padded\">Nobelprisene ble opprettet p\u00e5 grunnlag av\u00a0testamentet\u00a0til den svenske oppfinneren, forretningsmannen, skribenten og\u00a0pasifisten\u00a0Alfred Nobel, som ble sv\u00e6rt rik etter \u00e5 ha oppfunnet dynamitt.<\/p>\n<p class=\"_paragraph_o9xde_4 _paragraph_xtcu6_10 layout-component text-serif-m layout-normal text-serif-m layout-padded\"><strong class=\"_strong_o9xde_25\">Nobelprisen deles ut i kategoriene medisin, fysikk, kjemi, litteratur og fred.<\/strong><\/p>\n<p class=\"_paragraph_o9xde_4 _paragraph_xtcu6_10 layout-component text-serif-m layout-normal text-serif-m layout-padded\">Alle prisene med unntak av fredsprisen deles ut av Sverige. Hvorfor akkurat Norge har f\u00e5tt ansvaret for fredsprisen, er det ingen som vet med sikkerhet.<\/p>\n<p class=\"_paragraph_o9xde_4 _paragraph_xtcu6_10 layout-component text-serif-m layout-normal text-serif-m layout-padded\">\u2013 Nobel etterlot ingen forklaring p\u00e5 hvorfor fredsprisen skulle deles ut av en norsk komit\u00e9 mens de andre prisene skulle forvaltes av svenske komiteer. P\u00e5 dette punktet m\u00e5 vi alts\u00e5 n\u00f8ye oss med kvalifiserte gjetninger,\u00a0<a href=\"https:\/\/www.nobelpeaceprize.org\/nobels-fredspris\/historie\/hvorfor-norge\" class=\"_link_o9xde_39\" rel=\"nofollow noopener\" target=\"_blank\">skrev<\/a>\u00a0tidligere direkt\u00f8r ved Det Norske Nobelinstitutt, Geir Lundestad i 2001.<\/p>\n<p><img alt=\"Nobelkomiteen best\u00e5r av (F.v.) komit\u00e9medlem Anne Enger, direkt\u00f8r ved Det Norske Nobelinstitutt og sekret\u00e6r for Den norske Nobelkomite Kristian Berg Harpviken, komit\u00e9medlem Gry Larsen, komit\u00e9medlem Kristin Clemet, nestleder Asle Toje og komit\u00e9leder J\u00f8rgen Watne Frydnes.  Foto: H\u00e5kon Mosvold Larsem \/ NTB\" class=\"_image_qp4xg_65 layout-component layout-normal\" data-fullscreen- data-track-element-type=\"Article image fullscreen\" data-track-name=\"ImageFullscreen\" decoding=\"async\" loading=\"lazy\" height=\"2466\" itemprop=\"image\"  src=\"https:\/\/www.europesays.com\/no\/wp-content\/uploads\/2025\/10\/112ae8ef-caaa-4192-8ebe-ce8bc5006341\"  style=\"object-position:0% 0%\" width=\"3699\"\/>Nobelkomiteen best\u00e5r av (F.v.) komit\u00e9medlem Anne Enger, direkt\u00f8r ved Det Norske Nobelinstitutt og sekret\u00e6r for Den norske Nobelkomite Kristian Berg Harpviken, komit\u00e9medlem Gry Larsen, komit\u00e9medlem Kristin Clemet, nestleder Asle Toje og komit\u00e9leder J\u00f8rgen Watne Frydnes.  Foto: H\u00e5kon Mosvold Larsem \/ NTBDisse sitter i Nobelkomiteen<\/p>\n<p class=\"_paragraph_o9xde_4 _paragraph_xtcu6_10 _paragraph_16v91_10 layout-component text-serif-m layout-normal text-sans-m layout-padded\">Komiteens medlemmer velges av Stortinget for seks \u00e5r av gangen med mulighet for gjenvalg. Nobelkomiteens medlemmer i dag er:<\/p>\n<ul class=\"_list_o9xde_3 _list_xtcu6_9 _list_16v91_9 _unordered_o9xde_106 layout-component text-serif-m layout-normal text-sans-m layout-padded\">\n<li class=\"_item_o9xde_30\">J\u00f8rgen Watne Frydnes (Ap). Komiteens leder fra 2024. Valgt inn i komiteen for perioden 2021\u20132026.<\/li>\n<li class=\"_item_o9xde_30\">Asle Toje (Frp). Komiteens nestleder fra 2021. Medlem av komiteen fra 2018, gjenvalgt for perioden 2024\u20132029.<\/li>\n<li class=\"_item_o9xde_30\">Anne Enger (Sp). Medlem av komiteen fra 2018, gjenvalgt for perioden 2021\u20132026.<\/li>\n<li class=\"_item_o9xde_30\">Kristin Clemet (H). Valgt for perioden 2021\u20132026.<\/li>\n<li class=\"_item_o9xde_30\">Gry Larsen (Ap). Valgt for perioden 2024\u20132029.<\/li>\n<\/ul>\n<p class=\"_paragraph_o9xde_4 _paragraph_xtcu6_10 _paragraph_16v91_10 layout-component text-serif-m layout-normal text-sans-m layout-padded\">Komiteen har tre vararepresentanter, som alle er valgt for perioden 2024-2026:<\/p>\n<ul class=\"_list_o9xde_3 _list_xtcu6_9 _list_16v91_9 _unordered_o9xde_106 layout-component text-serif-m layout-normal text-sans-m layout-padded\">\n<li class=\"_item_o9xde_30\">Geir Flikke (H).<\/li>\n<li class=\"_item_o9xde_30\">Inger Skjelsb\u00e6k (SV).<\/li>\n<li class=\"_item_o9xde_30\">Trine Skei Grande (V).<\/li>\n<\/ul>\n<p class=\"_paragraph_o9xde_4 _paragraph_xtcu6_10 _paragraph_16v91_10 layout-component text-serif-m layout-normal text-sans-m layout-padded\">Komiteens sekret\u00e6r er Nobelinstituttets direkt\u00f8r Kristian Berg Harpviken. Han er ikke del av komiteen. <\/p>\n<p class=\"_paragraph_o9xde_4 _paragraph_xtcu6_10 _paragraph_16v91_10 layout-component text-serif-m layout-normal text-sans-m layout-padded\">(Kilde: Nobelinstituttet)<\/p>\n<p>Vis mer<\/p>\n<p class=\"_paragraph_o9xde_4 _paragraph_xtcu6_10 layout-component text-serif-m layout-normal text-serif-m layout-padded\"><strong class=\"_strong_o9xde_25\">Alle prisene deles ut 10. desember hvert \u00e5r, p\u00e5 Alfred Nobels d\u00f8dsdag. <\/strong><\/p>\n<p class=\"_paragraph_o9xde_4 _paragraph_xtcu6_10 layout-component text-serif-m layout-normal text-serif-m layout-padded\">I fjor var det den japanske organisasjonen <a href=\"https:\/\/www.vg.no\/nyheter\/i\/OoWyeb\/nobels-fredspris-gaar-til-nihon-hidankyo\" data-track-element-type=\"Link\" data-track-id=\"link:OoWyeb\" class=\"_link_o9xde_39\" rel=\"nofollow noopener\" target=\"_blank\">Nihon Hidankyo som fikk prisen<\/a>, for sitt arbeid mot atomv\u00e5pen. Grasrotbevegelsen best\u00e5r av overlevende av atombombene i Hiroshima og Nagasaki i 1945.<\/p>\n<p><img alt=\"Fra fredsprisutdelingen i 2024, da overlevende etter atombombene i Japan i 1945 mottok prisen.   Foto: Terje Pedersen \/ NTB\" class=\"_image_qp4xg_65 layout-component layout-normal\" data-fullscreen- data-track-element-type=\"Article image fullscreen\" data-track-name=\"ImageFullscreen\" decoding=\"async\" loading=\"lazy\" height=\"2632\" itemprop=\"image\"  src=\"https:\/\/www.europesays.com\/no\/wp-content\/uploads\/2025\/10\/0a66ce00-0e50-4cee-9e23-74f73541f6ec\"  style=\"object-position:0% 0%\" width=\"3936\"\/>Fra fredsprisutdelingen i 2024, da overlevende etter atombombene i Japan i 1945 mottok prisen.   Foto: Terje Pedersen \/ NTBTidligere vinnere<\/p>\n<p class=\"_paragraph_o9xde_4 _paragraph_xtcu6_10 _paragraph_16v91_10 layout-component text-serif-m layout-normal text-sans-m layout-padded\">Her er fredsprisvinnerne de siste fem \u00e5rene:<\/p>\n<ul class=\"_list_o9xde_3 _list_xtcu6_9 _list_16v91_9 _unordered_o9xde_106 layout-component text-serif-m layout-normal text-sans-m layout-padded\">\n<li class=\"_item_o9xde_30\">2020: Verdens matvareprogram (WFP)<\/li>\n<li class=\"_item_o9xde_30\">2021: Maria Ressa (Filippinene) og Dmitrij Muratov (Russland)<\/li>\n<li class=\"_item_o9xde_30\">2022: Ales Bjaljatski (Belarus); Memorial, russisk menneskerettsorganisasjon; Center for Civil Liberties, ukrainsk menneskerettsorganisasjon<\/li>\n<li class=\"_item_o9xde_30\">2023: Narges Mohammadi (Iran)<\/li>\n<li class=\"_item_o9xde_30\">2024: Nihon Hidankyo (Japan)<\/li>\n<\/ul>\n<p class=\"_paragraph_o9xde_4 _paragraph_xtcu6_10 _paragraph_16v91_10 layout-component text-serif-m layout-normal text-sans-m layout-padded\">Kilde: SNL<\/p>\n<p>Vis mer    <\/p>\n","protected":false},"excerpt":{"rendered":"Nobels fredspris 2025 g\u00e5r til Mar\u00eda Corina Machado (58), bekrefter nobelkomiteen p\u00e5 en pressekonferanse p\u00e5 Nobelinstituttet, klokken 11&hellip;\n","protected":false},"author":2,"featured_media":57308,"comment_status":"","ping_status":"","sticky":false,"template":"","format":"standard","meta":{"footnotes":""},"categories":[5],"tags":[20,21,24,25,15,19,22,23,17,18,13,30,1125,28,29,14,636,16,26,27,95],"class_list":{"0":"post-57307","1":"post","2":"type-post","3":"status-publish","4":"format-standard","5":"has-post-thumbnail","7":"category-overskrifter","8":"tag-breaking-news","9":"tag-breakingnews","10":"tag-featured-news","11":"tag-featurednews","12":"tag-headlines","13":"tag-hovedoppslag","14":"tag-latest-news","15":"tag-latestnews","16":"tag-main-news","17":"tag-mainnews","18":"tag-news","19":"tag-no","20":"tag-nobels-fredspris","21":"tag-norge","22":"tag-norway","23":"tag-nyheter","24":"tag-oslo","25":"tag-overskrifter","26":"tag-top-stories","27":"tag-topstories","28":"tag-venezuela"},"share_on_mastodon":{"url":"","error":""},"_links":{"self":[{"href":"https:\/\/www.europesays.com\/no\/wp-json\/wp\/v2\/posts\/57307","targetHints":{"allow":["GET"]}}],"collection":[{"href":"https:\/\/www.europesays.com\/no\/wp-json\/wp\/v2\/posts"}],"about":[{"href":"https:\/\/www.europesays.com\/no\/wp-json\/wp\/v2\/types\/post"}],"author":[{"embeddable":true,"href":"https:\/\/www.europesays.com\/no\/wp-json\/wp\/v2\/users\/2"}],"replies":[{"embeddable":true,"href":"https:\/\/www.europesays.com\/no\/wp-json\/wp\/v2\/comments?post=57307"}],"version-history":[{"count":0,"href":"https:\/\/www.europesays.com\/no\/wp-json\/wp\/v2\/posts\/57307\/revisions"}],"wp:featuredmedia":[{"embeddable":true,"href":"https:\/\/www.europesays.com\/no\/wp-json\/wp\/v2\/media\/57308"}],"wp:attachment":[{"href":"https:\/\/www.europesays.com\/no\/wp-json\/wp\/v2\/media?parent=57307"}],"wp:term":[{"taxonomy":"category","embeddable":true,"href":"https:\/\/www.europesays.com\/no\/wp-json\/wp\/v2\/categories?post=57307"},{"taxonomy":"post_tag","embeddable":true,"href":"https:\/\/www.europesays.com\/no\/wp-json\/wp\/v2\/tags?post=57307"}],"curies":[{"name":"wp","href":"https:\/\/api.w.org\/{rel}","templated":true}]}}