{"id":57345,"date":"2025-10-10T13:38:11","date_gmt":"2025-10-10T13:38:11","guid":{"rendered":"https:\/\/www.europesays.com\/no\/57345\/"},"modified":"2025-10-10T13:38:11","modified_gmt":"2025-10-10T13:38:11","slug":"vaer-farevarsel-oppjusterer-varsel-for-jord","status":"publish","type":"post","link":"https:\/\/www.europesays.com\/no\/57345\/","title":{"rendered":"V\u00e6r, Farevarsel | Oppjusterer varsel for jord"},"content":{"rendered":"\n<p>Det skriver NVE fredag ettermiddag.<\/p>\n<p>Varselet gjelder til s\u00f8ndag morgen.<\/p>\n<p>Det er ventet mye regn fredag og l\u00f8rdag. Det er allerede h\u00f8y grunnvannstand og metningsgrad i bakken i deler av omr\u00e5det.<\/p>\n<p>For Nordm\u00f8re sin del er det Sunndal og Surnadal som er verst utsatt.<\/p>\n<p>\u2013 Bratte skr\u00e5ninger, bekker og elvel\u00f8p med stor vannf\u00f8ring er spesielt utsatt for skred. Vi anbefaler derfor \u00e5 holde seg unna slike omr\u00e5der. Flomskred har lang rekkevidde og kan g\u00e5 langt, selv om de l\u00f8ses ut h\u00f8yt i terrenget, sier Anne Fleig, jordskredvakt i NVE i en pressemelding.<\/p>\n<p><a href=\"https:\/\/www.varsom.no\/flom-og-jordskred\/varsling\/varselid\/584687\" rel=\"Follow nofollow noopener\" target=\"_blank\"><b>Se hele farevarslet her!<\/b><\/a><\/p>\n<p>  <a href=\"https:\/\/www.tk.no\/5-51-1754945\" class=\"related-teaser has-image default-story-teaser article--c-eRUmMG article--c-eRUmMG-jKCPdD-design-default\" rel=\"nofollow noopener\" target=\"_blank\"><\/p>\n<p>    <img decoding=\"async\" loading=\"lazy\"  src=\"https:\/\/www.europesays.com\/no\/wp-content\/uploads\/2025\/10\/18a26102-14f1-4849-92ab-2aec41490673.png\" alt=\"\" class=\"brick-c-cFOWSL\" style=\"\"\/><\/p>\n<p>\n            Les ogs\u00e5<\/p>\n<p>              Har sendt ut flere farevarsel: Her skal det b\u00f8tte ned\n        <\/p>\n<p>  <\/a><br \/>\n  Gult flomvarsel<\/p>\n<p>NVE har ogs\u00e5 sendt ut varsel for flom p\u00e5 gult niv\u00e5 for indre str\u00f8k av Vestland fylke og p\u00e5 Nordvestlandet.<\/p>\n<p>\u2013 Hold stikkrenner, kummer og andre vannveier fri for grus, s\u00f8ppel, kvist og l\u00f8v, sier Fleig.<\/p>\n<p>Det er forventet at flom- og skredfaren avtar s\u00f8ndag morgen.<\/p>\n<p>F\u00f8lg med p\u00e5 <a href=\"https:\/\/sxxgx.mjt.lu\/lnk\/BAAAB6hXiQMAAc4Ig-gAARPhbJgAAYCt2OgAAAAAACWDKwBo6PGqIkGK44e1SHOEt8HXvI72KgAjB_s\/2\/0TSrAntauDLfSMyu7Ueuqw\/aHR0cDovL3ZhcnNvbS5ubw\" rel=\"nofollow noopener\" target=\"_blank\">varsom.no<\/a> for oppdatert informasjon.<\/p>\n<p>  <a href=\"https:\/\/www.tk.no\/5-51-1755077\" class=\"related-teaser has-image default-story-teaser article--c-eRUmMG article--c-eRUmMG-jKCPdD-design-default\" rel=\"nofollow noopener\" target=\"_blank\"><\/p>\n<p>    <img decoding=\"async\" loading=\"lazy\"  src=\"https:\/\/www.europesays.com\/no\/wp-content\/uploads\/2025\/10\/1760103491_305_35d16552-988a-4019-a10c-ff84750233ec.png\" alt=\"\" class=\"brick-c-cFOWSL\" style=\"\"\/><\/p>\n<p>\n            Les ogs\u00e5<\/p>\n<p>              Hold deg fast &#8211; nye vindkast i vente\n        <\/p>\n<p>  <\/a><br \/>\n  Store mengder nedb\u00f8r<\/p>\n<p>\u00c5rsaken til at det er meldt om fare for b\u00e5de flom og jord- og flomskred er at det er meldt store mengder regn b\u00e5de fredag og l\u00f8rdag.<\/p>\n<p>\u2013 Fra i morgen formiddag til kveld forventer vi 35\u201350 mm p\u00e5 12 timer enkelte steder, skriver Meteorologisk institutt i en melding p\u00e5 X om farevarslet som er sendt ut for mye regn p\u00e5 Nordvestlandet.<\/p>\n<p>            Dette betyr farevarslene<br \/>\n            Gult = moderat fare<\/p>\n<p><b>Gult er nok det fareniv\u00e5et du kommer til \u00e5 se mest. Dette brukes om en moderat farlig situasjon, som kan for\u00e5rsake skader lokalt.<\/b><\/p>\n<p>Gule farevarsler sendes ut n\u00e5r det forventes mindre konsekvenser. De fleste vil kunne fortsette sine daglige gj\u00f8rem\u00e5l, men de som f.eks. planlegger utend\u00f8rsaktiviteter, b\u00f8r v\u00e6re oppmerksomme eller eventuelt holde seg inne.<\/p>\n<ul>\n<li>Det kan bli skader lokalt<\/li>\n<li>Str\u00f8mbrudd kan forekomme<\/li>\n<li>Det er sannsynlig med forsinkelser i trafikken<\/li>\n<li>Vind kan gj\u00f8re det farlig \u00e5 v\u00e6re i fjellet<\/li>\n<\/ul>\n<p>Det er alltid viktig at du leser innholdet i farevarselet for \u00e5 kunne vurdere hvilke konsekvenser det kan ha for deg.<\/p>\n<p>Oransje = stor fare<\/p>\n<p><b>Dette er en alvorlig situasjon som forekommer sjelden. Sannsynligvis m\u00e5 du forberede deg, og v\u00e6ret kan f\u00f8re til alvorlige skader.<\/b><\/p>\n<p>Oransje farevarsel sendes ut n\u00e5r konsekvensene vil bli omfattende for mange mennesker.<\/p>\n<ul>\n<li>V\u00e6ret kan f\u00f8re til alvorlige skader<\/li>\n<li>Reell fare for at liv og verdier kan g\u00e5 tapt<\/li>\n<li>Veier kan bli stengt<\/li>\n<li>Avganger med b\u00e5t, fly og annen transport blir kansellert<\/li>\n<\/ul>\n<p>Du m\u00e5 v\u00e6re forberedt p\u00e5 alvorlige konsekvenser, og b\u00f8r vurdere om det er trygt \u00e5 gj\u00f8re det du hadde planlagt i omr\u00e5dene som er ber\u00f8rt av oransje farevarsel.<\/p>\n<p>R\u00f8dt = ekstrem fare og ekstremv\u00e6r<\/p>\n<p><b>R\u00f8dt farevarsel betyr at situasjonen er ekstrem. Dette fareniv\u00e5et forekommer sv\u00e6rt sjelden, og kan f\u00f8re til store skader.<\/b><\/p>\n<p>R\u00f8de farevarsler ser du bare n\u00e5r det er forventet at v\u00e6ret kan gi ekstreme konsekvenser.<\/p>\n<ul>\n<li>Fare for at liv g\u00e5r tapt<\/li>\n<li>Store \u00f8deleggelser p\u00e5 eiendom og infrastruktur<\/li>\n<\/ul>\n<p>Myndigheter og sivile i ber\u00f8rte omr\u00e5der oppfordres til \u00e5 utf\u00f8re tiltak som bidrar til \u00e5 sikre liv og begrense skadeomfanget. Det frar\u00e5des \u00e5 oppholde seg i ber\u00f8rte omr\u00e5der.<\/p>\n<p>Kilde: Yr.no<\/p>\n","protected":false},"excerpt":{"rendered":"Det skriver NVE fredag ettermiddag. Varselet gjelder til s\u00f8ndag morgen. Det er ventet mye regn fredag og l\u00f8rdag.&hellip;\n","protected":false},"author":2,"featured_media":4145,"comment_status":"","ping_status":"","sticky":false,"template":"","format":"standard","meta":{"footnotes":""},"categories":[5],"tags":[36,20,21,102,24,25,15,19,22,23,17,18,13,30,1911,28,29,954,14,16,1510,26,27,553],"class_list":{"0":"post-57345","1":"post","2":"type-post","3":"status-publish","4":"format-standard","5":"has-post-thumbnail","7":"category-overskrifter","8":"tag-art","9":"tag-breaking-news","10":"tag-breakingnews","11":"tag-farevarsel","12":"tag-featured-news","13":"tag-featurednews","14":"tag-headlines","15":"tag-hovedoppslag","16":"tag-latest-news","17":"tag-latestnews","18":"tag-main-news","19":"tag-mainnews","20":"tag-news","21":"tag-no","22":"tag-nordmore","23":"tag-norge","24":"tag-norway","25":"tag-nve","26":"tag-nyheter","27":"tag-overskrifter","28":"tag-story","29":"tag-top-stories","30":"tag-topstories","31":"tag-vaer"},"share_on_mastodon":{"url":"","error":""},"_links":{"self":[{"href":"https:\/\/www.europesays.com\/no\/wp-json\/wp\/v2\/posts\/57345","targetHints":{"allow":["GET"]}}],"collection":[{"href":"https:\/\/www.europesays.com\/no\/wp-json\/wp\/v2\/posts"}],"about":[{"href":"https:\/\/www.europesays.com\/no\/wp-json\/wp\/v2\/types\/post"}],"author":[{"embeddable":true,"href":"https:\/\/www.europesays.com\/no\/wp-json\/wp\/v2\/users\/2"}],"replies":[{"embeddable":true,"href":"https:\/\/www.europesays.com\/no\/wp-json\/wp\/v2\/comments?post=57345"}],"version-history":[{"count":0,"href":"https:\/\/www.europesays.com\/no\/wp-json\/wp\/v2\/posts\/57345\/revisions"}],"wp:featuredmedia":[{"embeddable":true,"href":"https:\/\/www.europesays.com\/no\/wp-json\/wp\/v2\/media\/4145"}],"wp:attachment":[{"href":"https:\/\/www.europesays.com\/no\/wp-json\/wp\/v2\/media?parent=57345"}],"wp:term":[{"taxonomy":"category","embeddable":true,"href":"https:\/\/www.europesays.com\/no\/wp-json\/wp\/v2\/categories?post=57345"},{"taxonomy":"post_tag","embeddable":true,"href":"https:\/\/www.europesays.com\/no\/wp-json\/wp\/v2\/tags?post=57345"}],"curies":[{"name":"wp","href":"https:\/\/api.w.org\/{rel}","templated":true}]}}