{"id":57369,"date":"2025-10-10T14:32:34","date_gmt":"2025-10-10T14:32:34","guid":{"rendered":"https:\/\/www.europesays.com\/no\/57369\/"},"modified":"2025-10-10T14:32:34","modified_gmt":"2025-10-10T14:32:34","slug":"sinnatreneren-glenn-ellignsen-reagerer-pa-podkast-kommentarer-fra-marte-bratberg-og-janka-polliani-om-menn","status":"publish","type":"post","link":"https:\/\/www.europesays.com\/no\/57369\/","title":{"rendered":"Sinnatreneren, Glenn Ellignsen reagerer p\u00e5 podkast-kommentarer fra Marte Bratberg og Janka Polliani om menn"},"content":{"rendered":"<p class=\"kicker t20\" style=\"\">\u00abJanka &amp; Marte\u00bb:\u00a0<\/p>\n<p>  Utsagnet om at menn p\u00e5 apparater er usexy, f\u00e5r \u00abSinnatreneren\u00bb til \u00e5 reagere. Marte Bratberg sier det hele er en misforst\u00e5else.\u00a0<\/p>\n<p>\n    F\u00c5R KRITIKK: Janka Polliani og Marte Bratbergs kommentar om menn p\u00e5 treningssenter har f\u00e5tt flere til \u00e5 reagere. Foto: Andreas Fadum\/Se og H\u00f8r\n  <\/p>\n<p>&#8211; Menn p\u00e5 apparater, det er usexy.\u00a0<\/p>\n<p>&#8211; Det er det faktisk!<\/p>\n<p>Kommentarene kommer fra duoen Marte Bratberg (36) og Janka Polliani (46), som sammen har podkasten \u00abJanka &amp; Marte\u00bb.\u00a0<\/p>\n<p>    <a itemprop=\"url\" href=\"https:\/\/www.seher.no\/kjendis\/ferdig-i-bloggerne\/83695168\" rel=\"nofollow noopener\" target=\"_blank\"><\/p>\n<p>      <img loading=\"lazy\" decoding=\"async\" src=\"https:\/\/www.europesays.com\/no\/wp-content\/uploads\/2025\/10\/83695203.webp\" width=\"980\" height=\"441\" title=\"Ferdig i \u00abBloggerne\u00bb\" alt=\"\" class=\"lazyload\" style=\"--aspect-ratio-image: 2.22; \"\/><\/p>\n<p>        Ferdig i \u00abBloggerne\u00bb<\/p>\n<p>    <\/a><\/p>\n<p>Bratberg sin observasjon er gjort utifra hennes egen opplevelse p\u00e5 trening med forloveden.\u00a0<\/p>\n<p>I et klipp fra podkasten, som n\u00e5 deles p\u00e5 <a href=\"https:\/\/www.tiktok.com\/@podimo_no\/video\/7556909698071416086?_r=1&amp;_t=ZN-90LtWbStUFK\" rel=\"nofollow noopener\" target=\"_blank\">Podimos<\/a> kanaler, snakker de to kvinnene om at menn p\u00e5 treningsapparater kan se feminine ut, og at det er usexy fordi det ofte betyr at \u00abman ikke kan s\u00e5 mye\u00bb.\u00a0<\/p>\n<p>          <img loading=\"lazy\" decoding=\"async\" src=\"https:\/\/www.europesays.com\/no\/wp-content\/uploads\/2025\/10\/83695801.webp\" width=\"686\" height=\"638\" title=\"REAGERTE: Glenn Ellingsen mener vi burde fokusere mer p\u00e5 menns psykiske helse. Foto: Privat\" alt=\"\" class=\"\" style=\"--aspect-ratio-image: 1.08; \"\/><\/p>\n<p>\n          REAGERTE: Glenn Ellingsen mener vi burde fokusere mer p\u00e5 menns psykiske helse. Foto: Privat\n      <\/p>\n<p>Det f\u00e5r Glenn Ellingsen, kjent under navnet \u00abSinnatreneren\u00bb, til \u00e5 fyre seg opp.\u00a0<\/p>\n<p class=\"italic m-italic\" data-lab-italic=\"italic\">Marte Bratberg sier at kommentaren er tolket feil. Les svaret hennes nederst i saken.<\/p>\n<p>&#8211; Skremmer de med d\u00e5rlig selvbilde\t<\/p>\n<p>Ellingsen har v\u00e6rt personlig trener i 18 \u00e5r, og har opparbeidet seg en f\u00f8lgerskare p\u00e5 over 120 000 p\u00e5 TikTok.\u00a0<\/p>\n<p class=\"\">Overfor Se og H\u00f8r utdyper Ellingsen hvorfor kommentarene fra Bratberg og Polliani treffer ham s\u00e5 hardt.<\/p>\n<p>Han sier han snakker p\u00e5 vegne av \u00abgamle Glenn\u00bb, som ikke hadde samme selvtillit som i dag.\u00a0<\/p>\n<p>    <a itemprop=\"url\" href=\"https:\/\/www.seher.no\/kjendis\/dette-fikk-du-ikke-se-pa-tv\/83691358\" rel=\"nofollow noopener\" target=\"_blank\"><\/p>\n<p>      <img loading=\"lazy\" decoding=\"async\" src=\"https:\/\/www.europesays.com\/no\/wp-content\/uploads\/2025\/10\/83690875.webp\" width=\"980\" height=\"441\" title=\"Dette fikk du ikke se p\u00e5 TV\" alt=\"\" class=\"lazyload\" style=\"--aspect-ratio-image: 2.22; \"\/><\/p>\n<p>        Dette fikk du ikke se p\u00e5 TV<\/p>\n<p>    <\/a><\/p>\n<p>&#8211; Jeg har truffet s\u00e5 mange mennesker som ikke t\u00f8r \u00e5 g\u00e5 p\u00e5 treningssenteret i frykt for \u00e5 gj\u00f8re feil. Slik kommentarer skremmer de som har d\u00e5rlig selvbilde, er overvektige eller redde for \u00e5 gj\u00f8re feil. Det gj\u00f8r vondt verre.<\/p>\n<p>Mener at menn f\u00f8ler p\u00e5 nok press\t<\/p>\n<p>Ellingsen sier at han som influenser f\u00f8ler p\u00e5 en plikt til \u00e5 bruke stemmen sin, og mener vi m\u00e5 bli flinkere til l\u00f8fte fram menns psykiske helse.\u00a0<\/p>\n<p>Han skj\u00f8nner at usexy-kommentaren kan v\u00e6re ment som en sp\u00f8k, men p\u00e5peker at det er slike hverdagslige kommentarer som til slutt f\u00e5r begeret til \u00e5 renne over.\u00a0<\/p>\n<p>          <img loading=\"lazy\" decoding=\"async\" src=\"https:\/\/www.europesays.com\/no\/wp-content\/uploads\/2025\/10\/83695312.webp\" width=\"686\" height=\"783\" title=\"GODE VENNER: Janka Polliani og Marte Bratberg har drevet podkast sammen siden 2017. Foto: Andreas Fadum\/Se og H\u00f8r\" alt=\"\" class=\"\" style=\"--aspect-ratio-image: 0.88; \"\/><\/p>\n<p>\n          GODE VENNER: Janka Polliani og Marte Bratberg har drevet podkast sammen siden 2017. Foto: Andreas Fadum\/Se og H\u00f8r\n      <\/p>\n<p>&#8211; De som sliter begynner hvert fall ikke \u00e5 trene n\u00e5. Hvor mye m\u00e5 en ung og usikker mann t\u00e5le \u00e5 h\u00f8re f\u00f8r han knekker sammen? De dro den for langt.\u00a0<\/p>\n<p>Ellingsen mener samfunnet allerede har nok forventinger til menn, og hva de skal gj\u00f8re p\u00e5 et treningssenter burde ikke v\u00e6re en av dem.\u00a0<\/p>\n<p>    <a itemprop=\"url\" href=\"https:\/\/www.seher.no\/kjendis\/avslorer-blodig-ulykke\/83694047\" rel=\"nofollow noopener\" target=\"_blank\"><\/p>\n<p>      <img loading=\"lazy\" decoding=\"async\" src=\"https:\/\/www.europesays.com\/no\/wp-content\/uploads\/2025\/10\/1760106753_887_83694135.webp\" width=\"980\" height=\"441\" title=\"Avsl\u00f8rer blodig ulykke\" alt=\"\" class=\"lazyload\" style=\"--aspect-ratio-image: 2.22; \"\/><\/p>\n<p>        Avsl\u00f8rer blodig ulykke<\/p>\n<p>    <\/a><\/p>\n<p>&#8211; N\u00e5 skal vi definere hva som er sexy p\u00e5 et treningsssenter? Har vi kommet dit at det er greit?\u00a0<\/p>\n<p class=\"italic m-italic\" data-lab-italic=\"italic\">&#8211; Kvinner har vel f\u00e5tt f\u00f8ringer p\u00e5 hva som er sexy eller usexy i \u00e5revis. Kan ikke kvinner mene noe tilbake?<\/p>\n<p>&#8211; Dette handler egentlig ikke om forskjellen p\u00e5 menn og kvinner. Jeg hadde reagert enda sterkere hvis det var to menn som satt der og sa noe slikt om andre menn. Vi skal hjelpe hverandre opp og frem.\u00a0<\/p>\n<p>        NY SERIE: Gunilla Persson har f\u00e5tt sitt eget datingprogram, hvor vi ogs\u00e5 f\u00e5r f\u00f8lge livet hennes, men noen av kravene hun har til mennene kan nok oppfattes som litt store. Video: Viaplay \/ \u00abDen rette for Gunilla\u00bb \/\/ Reporter: H\u00e5vard Bj\u00f8rnerem<\/p>\n<p>Han legger til:\u00a0<\/p>\n<p>&#8211; I tillegg er det veldig dumt og s\u00e5rende \u00e5 snakke om for eksempel kroppen til en kvinne. S\u00e5nt gj\u00f8r man ikke. Det burde gjelde begge veier.\u00a0<\/p>\n<p>Ordla seg feil\t<\/p>\n<p>Se og H\u00f8r har v\u00e6rt i kontakt med Marte Bratberg, som mener at kommentaren har blitt tolket feil.\u00a0<\/p>\n<p>Hun understreker at praten om apparaterer ikke var ment til \u00e5 handle om alle menn, men om kj\u00e6resten hennes.\u00a0<\/p>\n<p>    <a itemprop=\"url\" href=\"https:\/\/www.seher.no\/kjendis\/ferdig-med-a-unnskylde-meg\/83692257\" rel=\"nofollow noopener\" target=\"_blank\"><\/p>\n<p>      <img loading=\"lazy\" decoding=\"async\" src=\"https:\/\/www.europesays.com\/no\/wp-content\/uploads\/2025\/10\/1760106754_916_83691065.webp\" width=\"980\" height=\"441\" title=\"- Ferdig med \u00e5 unnskylde meg\" alt=\"\" class=\"lazyload\" style=\"--aspect-ratio-image: 2.22; \"\/><\/p>\n<p>        &#8211; Ferdig med \u00e5 unnskylde meg<\/p>\n<p>    <\/a><\/p>\n<p>&#8211; Vi ordla oss feil. I podkasten forteller jeg at kj\u00e6resten og jeg var p\u00e5 trening sammen og vi to lo av den ene \u00f8velsen p\u00e5 et apparat da jeg synes vi s\u00e5 morsomme ut da vi gjorde den. Jeg forst\u00e5r at det kan oppfattes feil p\u00e5 dette korte klippet tatt ut fra en lang samtale.\u00a0<\/p>\n<p>Bratberg sier det er veldig leit om denne kommentaren gj\u00f8r at folk ikke vil dra p\u00e5 trening.\u00a0<\/p>\n<p>        \u00abSKAL VI DANSE\u00bb: Trygve Bennetsen ber om hjelp til dette. Video: R\u00f8d L\u00f8per\/Thea Hope\/Nora Skavhaug<\/p>\n<p>&#8211; Vi vet hvor vanskelig det kan v\u00e6re og hvor stort kroppspress det er i samfunnet for menn og kvinner. Janka og jeg liker begge \u00e5 trene, og liker menn som trener og heier p\u00e5 trening, sier hun avslutningsvis.\u00a0<\/p>\n<p><script async src=\"\/\/www.tiktok.com\/embed.js\"><\/script><\/p>\n","protected":false},"excerpt":{"rendered":"\u00abJanka &amp; Marte\u00bb:\u00a0 Utsagnet om at menn p\u00e5 apparater er usexy, f\u00e5r \u00abSinnatreneren\u00bb til \u00e5 reagere. Marte Bratberg&hellip;\n","protected":false},"author":2,"featured_media":55689,"comment_status":"","ping_status":"","sticky":false,"template":"","format":"standard","meta":{"footnotes":""},"categories":[12],"tags":[20,21,24,25,15,7241,479,2543,22,23,5388,13,30,28,29,14,16,26,27,42,43,44,45],"class_list":{"0":"post-57369","1":"post","2":"type-post","3":"status-publish","4":"format-standard","5":"has-post-thumbnail","7":"category-verden","8":"tag-breaking-news","9":"tag-breakingnews","10":"tag-featured-news","11":"tag-featurednews","12":"tag-headlines","13":"tag-janka-polliani","14":"tag-kjendis","15":"tag-kjendisdesken","16":"tag-latest-news","17":"tag-latestnews","18":"tag-marte-bratberg","19":"tag-news","20":"tag-no","21":"tag-norge","22":"tag-norway","23":"tag-nyheter","24":"tag-overskrifter","25":"tag-top-stories","26":"tag-topstories","27":"tag-verden","28":"tag-world","29":"tag-world-news","30":"tag-worldnews"},"share_on_mastodon":{"url":"","error":""},"_links":{"self":[{"href":"https:\/\/www.europesays.com\/no\/wp-json\/wp\/v2\/posts\/57369","targetHints":{"allow":["GET"]}}],"collection":[{"href":"https:\/\/www.europesays.com\/no\/wp-json\/wp\/v2\/posts"}],"about":[{"href":"https:\/\/www.europesays.com\/no\/wp-json\/wp\/v2\/types\/post"}],"author":[{"embeddable":true,"href":"https:\/\/www.europesays.com\/no\/wp-json\/wp\/v2\/users\/2"}],"replies":[{"embeddable":true,"href":"https:\/\/www.europesays.com\/no\/wp-json\/wp\/v2\/comments?post=57369"}],"version-history":[{"count":0,"href":"https:\/\/www.europesays.com\/no\/wp-json\/wp\/v2\/posts\/57369\/revisions"}],"wp:featuredmedia":[{"embeddable":true,"href":"https:\/\/www.europesays.com\/no\/wp-json\/wp\/v2\/media\/55689"}],"wp:attachment":[{"href":"https:\/\/www.europesays.com\/no\/wp-json\/wp\/v2\/media?parent=57369"}],"wp:term":[{"taxonomy":"category","embeddable":true,"href":"https:\/\/www.europesays.com\/no\/wp-json\/wp\/v2\/categories?post=57369"},{"taxonomy":"post_tag","embeddable":true,"href":"https:\/\/www.europesays.com\/no\/wp-json\/wp\/v2\/tags?post=57369"}],"curies":[{"name":"wp","href":"https:\/\/api.w.org\/{rel}","templated":true}]}}