{"id":57395,"date":"2025-10-10T15:03:21","date_gmt":"2025-10-10T15:03:21","guid":{"rendered":"https:\/\/www.europesays.com\/no\/57395\/"},"modified":"2025-10-10T15:03:21","modified_gmt":"2025-10-10T15:03:21","slug":"jakob-ingebrigtsen-gjert-ingebrigtsen-jakob-ingebrigtsen-apner-om-gjert-ingebrigtsen-saken-kaos-i-hodet-hans-2","status":"publish","type":"post","link":"https:\/\/www.europesays.com\/no\/57395\/","title":{"rendered":"Jakob Ingebrigtsen, Gjert Ingebrigtsen | Jakob Ingebrigtsen \u00e5pner om Gjert Ingebrigtsen-saken: \u2013 Kaos i hodet hans"},"content":{"rendered":"<p> (<a href=\"https:\/\/www.nettavisen.no\" rel=\"nofollow noopener\" target=\"_blank\">Nettavisen<\/a>) <\/p>\n<p>\u2013 Hvis vi har et problem s\u00e5 er det veldig enkelt \u00e5 bare l\u00f8pe fra det, sier Jakob Ingebrigtsen i traileren til sesong to av Prime Video-serien \u00abBorn to run\u00bb.<\/p>\n<p>Det ble imidlertid lettere sagt enn gjort i \u00e5r for 25-\u00e5ringen. 2025 har v\u00e6rt et t\u00f8ft \u00e5r for Ingebrigtsen, med b\u00e5de rettssak mot faren Gjert og store skadeproblemer.<\/p>\n<p>Kaos for Jakob<\/p>\n<p>I TV-serien f\u00e5r vi se Ingebrigtsen-br\u00f8drene og Jakobs kone beskrive hvordan rettssaken p\u00e5virket livet til Jakob, i det som ogs\u00e5 ble en t\u00f8ff sesong sportslig for 25-\u00e5ringen.<\/p>\n<p>\u2013 Det er jo en helt ny situasjon \u00e5 sitte i en rettssal der faren hans er tiltalt. Det er en h\u00f8y pris, sier Filip Ingebrigtsen.<\/p>\n<p>    Vil du se neste video?<\/p>\n<p>    <a href=\"https:\/\/www.sandnesposten.no\/her-kan-det-bli-trobbel\/v\/5-105-1236702\" class=\"recommend-poster\" data-adp-clicklabel=\"video-recommend\" data-adp-clickvalue=\"poster\" rel=\"nofollow noopener\" target=\"_blank\"><br \/>\n      <img decoding=\"async\" width=\"200\" height=\"200\" loading=\"lazy\" src=\"https:\/\/www.europesays.com\/no\/wp-content\/uploads\/2025\/10\/Flom.jpg\" alt=\"\" class=\"brick-c-cFOWSL\" style=\"--brick-image-ratio: 200 \/ 200;\"\/><\/p>\n<p>Her kan det bli tr\u00f8bbel0:48<\/p>\n<p>    <\/a><\/p>\n<p>\u2013 Det blir kaos i hodet hans, beskriver Henrik Ingebrigtsen om broren Jakob.<\/p>\n<p>\u2013 Dagene ble litt tyngre enn forventet, sier Jakobs kone Elisabeth Asserson Ingebrigtsen, som selv vitnet i rettssaken.<\/p>\n<p>Uttalelsene kommer alts\u00e5 fram i den nye sesongen av Ingebrigtsen-serien \u00abBorn to run\u00bb.<\/p>\n<p>Serien har premiere p\u00e5 Prime Video 24. oktober og f\u00f8lger Ingebrigtsen-br\u00f8drene det siste \u00e5ret.<\/p>\n<p>Det inneb\u00e6rer blant annet rettssaken mot deres far Gjert Ingebrigtsen, samt Jakobs kamp om \u00e5 komme seg tilbake etter skade i en viktig VM-sesong.<\/p>\n<p>\u2013 Alt g\u00e5r til helvete. Og s\u00e5 g\u00e5r den ene tingen som gir han noe som helst, det g\u00e5r og til helvete, oppsummerer kona Elisabeth.<\/p>\n<p>Gjert ble frifunnet<\/p>\n<p>Gjert Ingebrigtsen ble til slutt frifunnet for mishandling av Jakob og datteren, men d\u00f8mt til femten dager betinget fengsel for kroppskrenkelse.<\/p>\n<p>Det han ble d\u00f8mt for var knyttet til tiltalepunktene som dreide seg om datteren, der retten mente Gjert slo hun med et fuktig h\u00e5ndkle. Han ble ogs\u00e5 d\u00f8mt til en oppreisningserstatning til datteren p\u00e5 10.000 kroner.<\/p>\n<p>Sportslig ble det ogs\u00e5 et t\u00f8ft \u00e5r for Jakob Ingebrigtsen. En akillesskade holdt han ute i flere m\u00e5neder, men han ble til slutt klar for VM i Tokyo.<\/p>\n<p>Formen var imidlertid ikke god nok til \u00e5 kjempe om medaljer, og han r\u00f8k ut allerede i fors\u00f8ket p\u00e5 1500 meter og ble bare nummer 10 p\u00e5 5000 meter.<\/p>\n","protected":false},"excerpt":{"rendered":"(Nettavisen) \u2013 Hvis vi har et problem s\u00e5 er det veldig enkelt \u00e5 bare l\u00f8pe fra det, sier&hellip;\n","protected":false},"author":2,"featured_media":57061,"comment_status":"","ping_status":"","sticky":false,"template":"","format":"standard","meta":{"footnotes":""},"categories":[59],"tags":[36,423,1620,422,30,28,29,8552,83,82,1510],"class_list":{"0":"post-57395","1":"post","2":"type-post","3":"status-publish","4":"format-standard","5":"has-post-thumbnail","7":"category-sport","8":"tag-art","9":"tag-friidrett","10":"tag-gjert-ingebrigtsen","11":"tag-jakob-ingebrigtsen","12":"tag-no","13":"tag-norge","14":"tag-norway","15":"tag-rettssak-mot-gjert-ingebrigtsen","16":"tag-sport","17":"tag-sports","18":"tag-story"},"share_on_mastodon":{"url":"","error":""},"_links":{"self":[{"href":"https:\/\/www.europesays.com\/no\/wp-json\/wp\/v2\/posts\/57395","targetHints":{"allow":["GET"]}}],"collection":[{"href":"https:\/\/www.europesays.com\/no\/wp-json\/wp\/v2\/posts"}],"about":[{"href":"https:\/\/www.europesays.com\/no\/wp-json\/wp\/v2\/types\/post"}],"author":[{"embeddable":true,"href":"https:\/\/www.europesays.com\/no\/wp-json\/wp\/v2\/users\/2"}],"replies":[{"embeddable":true,"href":"https:\/\/www.europesays.com\/no\/wp-json\/wp\/v2\/comments?post=57395"}],"version-history":[{"count":0,"href":"https:\/\/www.europesays.com\/no\/wp-json\/wp\/v2\/posts\/57395\/revisions"}],"wp:featuredmedia":[{"embeddable":true,"href":"https:\/\/www.europesays.com\/no\/wp-json\/wp\/v2\/media\/57061"}],"wp:attachment":[{"href":"https:\/\/www.europesays.com\/no\/wp-json\/wp\/v2\/media?parent=57395"}],"wp:term":[{"taxonomy":"category","embeddable":true,"href":"https:\/\/www.europesays.com\/no\/wp-json\/wp\/v2\/categories?post=57395"},{"taxonomy":"post_tag","embeddable":true,"href":"https:\/\/www.europesays.com\/no\/wp-json\/wp\/v2\/tags?post=57395"}],"curies":[{"name":"wp","href":"https:\/\/api.w.org\/{rel}","templated":true}]}}