{"id":57440,"date":"2025-10-10T15:57:13","date_gmt":"2025-10-10T15:57:13","guid":{"rendered":"https:\/\/www.europesays.com\/no\/57440\/"},"modified":"2025-10-10T15:57:13","modified_gmt":"2025-10-10T15:57:13","slug":"nyhet-politikk-jeg-kan-ikke-tenke-meg-noe-mer-meningsfullt","status":"publish","type":"post","link":"https:\/\/www.europesays.com\/no\/57440\/","title":{"rendered":"Nyhet, Politikk | \u2013 Jeg kan ikke tenke meg noe mer meningsfullt"},"content":{"rendered":"\n<p><b>OSLO: <\/b>Slik Drammens Tidende skrev i forrige uke fortsetter Masud Gharahkhani (Ap) i vervet som stortingspresident. Onsdag 1. oktober var Arbeiderpartiets stortingsgruppe samlet for blant annet \u00e5 diskutere hvem som skal plasseres i de ulike komiteene. Det er tradisjon for at det st\u00f8rste partiet p\u00e5 Stortinget ogs\u00e5 skal ha stortingspresidenten.<\/p>\n<p>Derfor var det som en formalitet \u00e5 regne at han skulle fortsette i vervet han har hatt de siste fire \u00e5rene.<\/p>\n<p>L\u00f8rdag foretar kong Harald den h\u00f8ytidelige \u00e5pningen.<\/p>\n<p><b>\u2013Det er en stor \u00e6re \u00e5 f\u00e5 fortsette som stortingspresident. Vi lever i en urolig tid i verden, der demokratiene g\u00e5r tilbake. Stortingsrepresentantene har store og tunge oppgaver foran seg i denne perioden. Jeg kan ikke tenke meg noe mer meningsfullt enn \u00e5 f\u00e5 lede arbeidet i demokratiets hjerte i denne tiden, sier Gharahkhani. til NTB. <\/b><\/p>\n<p>Ogs\u00e5 Morten Wold fikk gode nyheter forrige uke. Han ble valgt til \u00e5 v\u00e6re f\u00f8rste visepresident p\u00e5 Stortinget. Wold ble ogs\u00e5 valgt som medlem av arbeids- og sosialkomiteen. Tidligere perioder har han v\u00e6rt andre og tredje visepresident.<\/p>\n<p>   <img decoding=\"async\" width=\"2205\" height=\"1618\" fetchpriority=\"low\"  loading=\"lazy\"  src=\"https:\/\/www.europesays.com\/no\/wp-content\/uploads\/2025\/10\/wold_morten_040_lowres+%281%29.jpg\" alt=\"\" class=\"brick-c-cFOWSL\" style=\"--brick-image-ratio: 2205 \/ 1618;\"\/><\/p>\n<p>    Morten Wold (Frp) blir visepresident. <\/p>\n<p><b>Nyhetsbyr\u00e5et melder at presidentskapet i neste periode blir som f\u00f8lger: <\/b><\/p>\n<p>Stortingspresident: Masud Gharahkhani (Ap)<\/p>\n<p>1. visepresident: Morten Wold (Frp)<\/p>\n<p>2. visepresident: Lise Selnes (Ap)<\/p>\n<p>3. visepresident: Ove Trellevik (H)<\/p>\n<p>4. visepresident: Morten Stordalen (Frp)<\/p>\n<p>5. visepresident: Ingrid Fiskaa (SV) \/ representant fra Sp<\/p>\n","protected":false},"excerpt":{"rendered":"OSLO: Slik Drammens Tidende skrev i forrige uke fortsetter Masud Gharahkhani (Ap) i vervet som stortingspresident. Onsdag 1.&hellip;\n","protected":false},"author":2,"featured_media":57441,"comment_status":"","ping_status":"","sticky":false,"template":"","format":"standard","meta":{"footnotes":""},"categories":[10],"tags":[36,20,21,24,25,15,22,23,8544,8556,13,30,28,29,447,14,16,41,1510,26,27],"class_list":{"0":"post-57440","1":"post","2":"type-post","3":"status-publish","4":"format-standard","5":"has-post-thumbnail","7":"category-norge","8":"tag-art","9":"tag-breaking-news","10":"tag-breakingnews","11":"tag-featured-news","12":"tag-featurednews","13":"tag-headlines","14":"tag-latest-news","15":"tag-latestnews","16":"tag-masud-gharahkhani","17":"tag-morten-wold","18":"tag-news","19":"tag-no","20":"tag-norge","21":"tag-norway","22":"tag-nyhet","23":"tag-nyheter","24":"tag-overskrifter","25":"tag-politikk","26":"tag-story","27":"tag-top-stories","28":"tag-topstories"},"share_on_mastodon":{"url":"","error":""},"_links":{"self":[{"href":"https:\/\/www.europesays.com\/no\/wp-json\/wp\/v2\/posts\/57440","targetHints":{"allow":["GET"]}}],"collection":[{"href":"https:\/\/www.europesays.com\/no\/wp-json\/wp\/v2\/posts"}],"about":[{"href":"https:\/\/www.europesays.com\/no\/wp-json\/wp\/v2\/types\/post"}],"author":[{"embeddable":true,"href":"https:\/\/www.europesays.com\/no\/wp-json\/wp\/v2\/users\/2"}],"replies":[{"embeddable":true,"href":"https:\/\/www.europesays.com\/no\/wp-json\/wp\/v2\/comments?post=57440"}],"version-history":[{"count":0,"href":"https:\/\/www.europesays.com\/no\/wp-json\/wp\/v2\/posts\/57440\/revisions"}],"wp:featuredmedia":[{"embeddable":true,"href":"https:\/\/www.europesays.com\/no\/wp-json\/wp\/v2\/media\/57441"}],"wp:attachment":[{"href":"https:\/\/www.europesays.com\/no\/wp-json\/wp\/v2\/media?parent=57440"}],"wp:term":[{"taxonomy":"category","embeddable":true,"href":"https:\/\/www.europesays.com\/no\/wp-json\/wp\/v2\/categories?post=57440"},{"taxonomy":"post_tag","embeddable":true,"href":"https:\/\/www.europesays.com\/no\/wp-json\/wp\/v2\/tags?post=57440"}],"curies":[{"name":"wp","href":"https:\/\/api.w.org\/{rel}","templated":true}]}}