{"id":57473,"date":"2025-10-10T16:56:39","date_gmt":"2025-10-10T16:56:39","guid":{"rendered":"https:\/\/www.europesays.com\/no\/57473\/"},"modified":"2025-10-10T16:56:39","modified_gmt":"2025-10-10T16:56:39","slug":"kragerojenter-i-knallhard-dyst-pa-handballparketten-kragero-blad-vestmar","status":"publish","type":"post","link":"https:\/\/www.europesays.com\/no\/57473\/","title":{"rendered":"Krager\u00f8jenter i knallhard dyst p\u00e5 h\u00e5ndballparketten &#8211; Krager\u00f8 Blad Vestmar"},"content":{"rendered":"<ol>\n<li><a href=\"https:\/\/news.google.com\/rss\/articles\/CBMiiwFBVV95cUxOVDBOOUxYdXViTkxRNmw3a3FuaVBxdV9uVkNXNGx1cDZaRE0xWnl2X2tzcW9CVXduTGN1T3pwZDRubENqRVh0ZGZ2MEhybzZJbThWUUVaX3lYQzNJSG9nR1RWbVNrU1JvcG1FRjJCNjk3UEQwNWhVQ2RuTlVrWlVSTm9TWk52XzBQeUZZ?oc=5\" target=\"_blank\" rel=\"nofollow noopener\">Krager\u00f8jenter i knallhard dyst p\u00e5 h\u00e5ndballparketten<\/a>&nbsp;&nbsp;Krager\u00f8 Blad Vestmar<\/li>\n<li><a href=\"https:\/\/news.google.com\/rss\/articles\/CBMilgFBVV95cUxPcWUtdGk3LWFUeVpqZTQ2UFgxemtFbmppbWpwTzNHSUstUlRRVlRhaVRHcmtkS3FvcU95aW1LYXI3ZGZ2RU5jWDBoRTlUcmlWR3dRNDA0MWdWbGlMZU5VYjU4em5ILUNVYjI5Sld3Nk9BZVlyT2loX2JqRERBLVVTaWp0WDVKdnN6NVpLTTRyODZFZ0V4WkE?oc=5\" target=\"_blank\" rel=\"nofollow noopener\">Helene Marie Fossesholm legger opp: Mangler motivasjon<\/a>&nbsp;&nbsp;NRK<\/li>\n<li><a href=\"https:\/\/news.google.com\/rss\/articles\/CBMiiwFBVV95cUxOWEpBQVlvcllvY29Lem96cEtiSG9hZ2JuQk5tcVc1QlZzRVNaUnRfd0J2YlU2Q043eGdDRjNtNGhxVXRVelRqUW9Wb29kMUpjR0lTQUlmRHFQZXBpTlo5eEZBOWlBVmoyWWJjOVo3ZEVZb1pjb3NwMGcybjlPNXNkVDJRMWRVNFNDbWtr?oc=5\" target=\"_blank\" rel=\"nofollow noopener\">Fana tapte cupdrama mot Larvik<\/a>&nbsp;&nbsp;Bergens Tidende<\/li>\n<li><a href=\"https:\/\/news.google.com\/rss\/articles\/CBMiiwFBVV95cUxQTjRXZkpvS3hKZXRrdWd0b2pCd1lZVlRhVnRGX19yQTkwSkNlWDRfNXp0cWYwSW5uNmRnZWlrXzIzOUNGcFhIZFVVUFltV3RuMVlRV2NsRkdubTFFZkswdlM2UDV1QndnM1YwOGZVVU5MeGd0eE9ZUDlwQ2dHeFNGMV9xTnJfZ0dvV19F?oc=5\" target=\"_blank\" rel=\"nofollow noopener\">Slik spilles semifinalene i NM for kvinner<\/a>&nbsp;&nbsp;Norges H\u00e5ndballforbund | handball.no<\/li>\n<li><a href=\"https:\/\/news.google.com\/rss\/articles\/CBMidEFVX3lxTFBkS1VxUWdIdWFPenk2QlVMeEoyalpTdFc1c1pPU1lmZl9YU1R5WUVoVjA5aUdoeXpuRlBZX29LVkNsU3QtOGtialZEbFNab2o5akJuN0pLSm1PeV90eGNQb3hJTWVsc3lFUUdNSlA2YlE5SExN?oc=5\" target=\"_blank\" rel=\"nofollow noopener\">Molde videre i NM &#8211; t\u00f8ff trekning i semifinalen<\/a>&nbsp;&nbsp;rbnett.no<\/li>\n<\/ol>\n","protected":false},"excerpt":{"rendered":"Krager\u00f8jenter i knallhard dyst p\u00e5 h\u00e5ndballparketten&nbsp;&nbsp;Krager\u00f8 Blad Vestmar Helene Marie Fossesholm legger opp: Mangler motivasjon&nbsp;&nbsp;NRK Fana tapte cupdrama&hellip;\n","protected":false},"author":2,"featured_media":57474,"comment_status":"","ping_status":"","sticky":false,"template":"","format":"standard","meta":{"footnotes":""},"categories":[59],"tags":[36,8563,5702,105,2574,8562,113,8564,30,28,4452,29,83,82,1510],"class_list":{"0":"post-57473","1":"post","2":"type-post","3":"status-publish","4":"format-standard","5":"has-post-thumbnail","7":"category-sport","8":"tag-art","9":"tag-evita-naper-lindberget","10":"tag-fana","11":"tag-handball","12":"tag-kragero","13":"tag-kragerojenter","14":"tag-larvik","15":"tag-maja-furu-saeteren","16":"tag-no","17":"tag-norge","18":"tag-norgesmesterskap","19":"tag-norway","20":"tag-sport","21":"tag-sports","22":"tag-story"},"share_on_mastodon":{"url":"","error":""},"_links":{"self":[{"href":"https:\/\/www.europesays.com\/no\/wp-json\/wp\/v2\/posts\/57473","targetHints":{"allow":["GET"]}}],"collection":[{"href":"https:\/\/www.europesays.com\/no\/wp-json\/wp\/v2\/posts"}],"about":[{"href":"https:\/\/www.europesays.com\/no\/wp-json\/wp\/v2\/types\/post"}],"author":[{"embeddable":true,"href":"https:\/\/www.europesays.com\/no\/wp-json\/wp\/v2\/users\/2"}],"replies":[{"embeddable":true,"href":"https:\/\/www.europesays.com\/no\/wp-json\/wp\/v2\/comments?post=57473"}],"version-history":[{"count":0,"href":"https:\/\/www.europesays.com\/no\/wp-json\/wp\/v2\/posts\/57473\/revisions"}],"wp:featuredmedia":[{"embeddable":true,"href":"https:\/\/www.europesays.com\/no\/wp-json\/wp\/v2\/media\/57474"}],"wp:attachment":[{"href":"https:\/\/www.europesays.com\/no\/wp-json\/wp\/v2\/media?parent=57473"}],"wp:term":[{"taxonomy":"category","embeddable":true,"href":"https:\/\/www.europesays.com\/no\/wp-json\/wp\/v2\/categories?post=57473"},{"taxonomy":"post_tag","embeddable":true,"href":"https:\/\/www.europesays.com\/no\/wp-json\/wp\/v2\/tags?post=57473"}],"curies":[{"name":"wp","href":"https:\/\/api.w.org\/{rel}","templated":true}]}}