{"id":57521,"date":"2025-10-10T17:46:15","date_gmt":"2025-10-10T17:46:15","guid":{"rendered":"https:\/\/www.europesays.com\/no\/57521\/"},"modified":"2025-10-10T17:46:15","modified_gmt":"2025-10-10T17:46:15","slug":"louis-tomlinson-apner-opp-om-sorgen-2","status":"publish","type":"post","link":"https:\/\/www.europesays.com\/no\/57521\/","title":{"rendered":"Louis Tomlinson \u00e5pner opp om sorgen"},"content":{"rendered":"<p class=\"kicker \" style=\"\">Louis Tomlinson og Liam Payne:<\/p>\n<p>  Et \u00e5r etter Liam Paynes d\u00f8d \u00e5pner bandkollega Louis Tomlinson opp om savnet av kameraten.<\/p>\n<p>\n    KAMERATER: Et \u00e5r etter Liam Paynes d\u00f8dsfall snakker bandkompis Louis Tomlinson om tapet. Her er de fotografert sammen p\u00e5 Brit Awards i 2016. Foto: Anthony Harvey\/REX via NTB\n  <\/p>\n<p><a href=\"https:\/\/www.seher.no\/kjendis\/det-siste-bildet\/82092385\" rel=\"nofollow noopener\" target=\"_blank\">16. oktober i fjor d\u00f8de tidligere One Direction-medlem Liam Payne<\/a> p\u00e5 tragisk vis da han falt ned fra en hotellbalkong i Buenos Aires.\u00a0<\/p>\n<p>Sangeren ble bare 31 \u00e5r, og etterlot seg den n\u00e5 sju \u00e5r gamle s\u00f8nnen Bear, som han fikk med sin dav\u00e6rende kj\u00e6reste, den britiske artisten Cheryl Cole.<\/p>\n<p>    <a itemprop=\"url\" href=\"https:\/\/www.dagbladet.no\/kjendis\/i-dyp-sorg-grat-ukontrollert\/82693467\" rel=\"nofollow noopener\" target=\"_blank\"><\/p>\n<p>      <img loading=\"lazy\" decoding=\"async\" src=\"https:\/\/www.europesays.com\/no\/wp-content\/uploads\/2025\/10\/82694487.webp\" width=\"980\" height=\"441\" title=\"I dyp sorg: - Gr\u00e5t ukontrollert\" alt=\"\" class=\"lazyload\" style=\"--aspect-ratio-image: 2.22; \"\/><\/p>\n<p>        I dyp sorg: &#8211; Gr\u00e5t ukontrollert<\/p>\n<p>    <\/a><\/p>\n<p>I forbindelse med d\u00f8dsfallet tok bandkollega Louis Tomlinson til Instagram for \u00e5 hedre Payne:<\/p>\n<p>\u00abFor ordens skyld: Liam var etter min mening den viktigste delen av One Direction\u00bb, skrev Tomlinson i innlegget.\u00a0<\/p>\n<p>N\u00e5 snakker han ut om sorgen og om vennskapet til Payne, i et intervju med\u00a0<a href=\"https:\/\/www.rollingstone.com\/music\/music-news\/louis-tomlinson-reflects-liam-payne-death-difficult-1235442583\/\" target=\"_blank\" rel=\"nofollow noopener\">Rolling Stone<\/a>.<\/p>\n<p>          <img loading=\"lazy\" decoding=\"async\" src=\"https:\/\/www.europesays.com\/no\/wp-content\/uploads\/2025\/10\/83694951.webp\" width=\"686\" height=\"392\" title=\"ONE DIRECTION: Kort tid etter d\u00f8dsfallet publiserte resten av de tidligere medlemmene i One Direction en uttalelse, hvor de uttrykte sin sorg over bortgangen til deres gode venn. Foto: Ian West \/ NTB\" alt=\"\" class=\"\" style=\"--aspect-ratio-image: 1.75; \"\/><\/p>\n<p>\n          ONE DIRECTION: Kort tid etter d\u00f8dsfallet publiserte resten av de tidligere medlemmene i One Direction en uttalelse, hvor de uttrykte sin sorg over bortgangen til deres gode venn. Foto: Ian West \/ NTB\n      <\/p>\n<p>Ekstremt naivt\t<\/p>\n<p>Tomlinson, som har opplevd \u00e5 miste b\u00e5de sin egen mor og s\u00f8ster, omtaler seg selv som naiv overfor Rolling Stone. Han trodde nemlig disse tapene rustet ham til \u00e5 takle sorgen over Paynes bortgang:<\/p>\n<p class=\"font-weight-bold m-font-weight-bold\" data-lab-font_weight=\"font-weight-bold\">&#8211; Det var ekstremt naivt. Det er noe helt annet. Jeg har aldri mistet en venn f\u00f8r, sier han til magasinet.<\/p>\n<p>          <img loading=\"lazy\" decoding=\"async\" src=\"https:\/\/www.europesays.com\/no\/wp-content\/uploads\/2025\/10\/83695256.webp\" width=\"686\" height=\"392\" title=\"KNUST: Alle de tidligere medlemmene av One Direction m\u00f8tte i Paynes bergravelse. Avbildet er Tomlinson. Foto: Justin Tallis\" alt=\"\" class=\"\" style=\"--aspect-ratio-image: 1.75; \"\/><\/p>\n<p>\n          KNUST: Alle de tidligere medlemmene av One Direction m\u00f8tte i Paynes bergravelse. Avbildet er Tomlinson. Foto: Justin Tallis\n      <\/p>\n<p>I \u00e5r er det 15 \u00e5r siden bandet stod p\u00e5 scenen sammen for f\u00f8rste gang. Til Rolling Stone forteller Tomlinson at det var ubehagelig \u00e5 feire jubileet, men at det var viktigere enn noen gang \u00e5 feire n\u00e5, nettopp p\u00e5 grunn av Payne.<\/p>\n<p>&#8211; Du vet, det er fortsatt en del av meg som synes det er urettferdig og frustrerende at han ikke er her lenger. S\u00e5 det trigget de f\u00f8lelsene.<\/p>\n<p>        I SORG: \u00abBoksen\u00bb-aktuelle Katarina Flatland \u00e5pner opp om sorgen etter at moren Anne-Lise gikk bort i februar, 67 \u00e5r gammel. <\/p>\n<p>One Direction annonserte i 2016 at de skulle ta en pause. Samtlige medlemmer startet sine egne solokarrierer, s\u00e5 en gjenforening fant aldri sted.<\/p>\n<p>          <img loading=\"lazy\" decoding=\"async\" src=\"https:\/\/www.europesays.com\/no\/wp-content\/uploads\/2025\/10\/83695001.webp\" width=\"686\" height=\"392\" title=\"SISTE GANGEN: Etter bandets aller siste konsert sammen omfavnet guttene hverandre p\u00e5 scenen. Foto: David Fisher\/REX\" alt=\"\" class=\"\" style=\"--aspect-ratio-image: 1.75; \"\/><\/p>\n<p>\n          SISTE GANGEN: Etter bandets aller siste konsert sammen omfavnet guttene hverandre p\u00e5 scenen. Foto: David Fisher\/REX\n      <\/p>\n<p>Payne r\u00f8yk uklar med store deler av One Direction-fansen etter at han delte historier om konflikter innad i boybandet, under et intervju i Logan Pauls podkast\u00a0\u00abImpaulsive\u00bb i 2022, if\u00f8lge <a href=\"https:\/\/www.independent.co.uk\/arts-entertainment\/music\/news\/liam-payne-logan-paul-interview-b2091458.html\" rel=\"nofollow noopener\" target=\"_blank\">Independent<\/a>.<\/p>\n<p>    <a itemprop=\"url\" href=\"https:\/\/www.dagbladet.no\/kjendis\/hun-har-det-ikke-bra\/83693023\" rel=\"nofollow noopener\" target=\"_blank\"><\/p>\n<p>      <img loading=\"lazy\" decoding=\"async\" src=\"https:\/\/www.europesays.com\/no\/wp-content\/uploads\/2025\/10\/83693112.webp\" width=\"980\" height=\"441\" title=\"- Hun har det ikke bra\" alt=\"\" class=\"lazyload\" style=\"--aspect-ratio-image: 2.22; \"\/><\/p>\n<p>        &#8211; Hun har det ikke bra<\/p>\n<p>    <\/a><\/p>\n<p>Tomlinson \u00f8nsker n\u00e5 \u00e5 forsvare bandkompisen overfor den fortsatt trofaste fanskaren.<\/p>\n<p class=\"font-weight-bold m-font-weight-bold\" data-lab-font_weight=\"font-weight-bold\">&#8211; Han var bare en veldig misforst\u00e5tt person i offentligheten. Hvis noen d\u00f8mmer ham, s\u00e5 b\u00f8r de vite at ni av ti ganger var han bare en fyr som ville bli likt, sier han.<\/p>\n<p>Gjenforenes\t<\/p>\n<p class=\"font-weight-bold m-font-weight-bold\" data-lab-font_weight=\"font-weight-bold\">Artisten r\u00f8per at han alltid hadde en tanke i bakhodet om at bandet en dag skulle samles igjen:<\/p>\n<p>        MATCHENDE: Influenserparet valgte et noe spesielt klesplagg da de ga hverandre sitt ja. Video: Viaplay \/ Thea Hope \/ Kine Falch<\/p>\n<p class=\"font-weight-bold m-font-weight-bold\" data-lab-font_weight=\"font-weight-bold\">&#8211; Jeg var sikker p\u00e5 at vi kom til \u00e5 gj\u00f8re noe, selv om det bare var en stor konsert. Men n\u00e5 ville jeg blitt overrasket, sier han og legger til at han og er litt glad for at sist de alle sto samlet p\u00e5 en scene var sammen med Payne.<\/p>\n<p class=\"font-weight-bold m-font-weight-bold\" data-lab-font_weight=\"font-weight-bold\">&#8211; Det er bare perfekt.<\/p>\n<p>          <img loading=\"lazy\" decoding=\"async\" src=\"https:\/\/www.europesays.com\/no\/wp-content\/uploads\/2025\/10\/83702167.webp\" width=\"686\" height=\"392\" title=\"Zayn og Tomlinson vekker liv i vennskapet igjen i ny dokuserie hos netflix. Serien skal komme neste \u00e5r. Foto: Matt Baron\/BEI\/REX\" alt=\"\" class=\"\" style=\"--aspect-ratio-image: 1.75; \"\/><\/p>\n<p>\n          Zayn og Tomlinson vekker liv i vennskapet igjen i ny dokuserie hos netflix. Serien skal komme neste \u00e5r. Foto: Matt Baron\/BEI\/REX\n      <\/p>\n<p class=\"font-weight-bold m-font-weight-bold\" data-lab-font_weight=\"font-weight-bold\">Men h\u00e5pefulle fans som lengter etter \u00e5 se boybandet samlet igjen kan likevel glede seg over Netflix-dokumentaren som kommer til neste \u00e5r, skriver <a href=\"https:\/\/www.rollingstone.co.uk\/music\/news\/louis-tomlinson-on-a-one-direction-reunion-photos-interview-54554\/\" target=\"_blank\" rel=\"nofollow noopener\">Rolling Stone<\/a>.<\/p>\n<p class=\"font-weight-bold m-font-weight-bold\" data-lab-font_weight=\"font-weight-bold\">Da m\u00f8tes nemlig Zayn Malik og Tomlinson for \u00e5 kj\u00f8re p\u00e5 tvers av de forente statene sammen.\u00a0<\/p>\n<p class=\"font-weight-normal m-font-weight-normal\" data-lab-font_weight=\"font-weight-normal\">Dokuserien er enn\u00e5 ikke navngitt, men en pressemelding avsl\u00f8rer at de tldigere bandmedlemmene skal ut p\u00e5 et spotant eventyr, gjennopplive vennskapet mens de \u00e5pner seg om sorg, kj\u00e6rlighet og farsrollen.<\/p>\n","protected":false},"excerpt":{"rendered":"Louis Tomlinson og Liam Payne: Et \u00e5r etter Liam Paynes d\u00f8d \u00e5pner bandkollega Louis Tomlinson opp om savnet&hellip;\n","protected":false},"author":2,"featured_media":57522,"comment_status":"","ping_status":"","sticky":false,"template":"","format":"standard","meta":{"footnotes":""},"categories":[58],"tags":[71,479,2543,8566,8567,30,28,29,6616,72],"class_list":{"0":"post-57521","1":"post","2":"type-post","3":"status-publish","4":"format-standard","5":"has-post-thumbnail","7":"category-underholdning","8":"tag-entertainment","9":"tag-kjendis","10":"tag-kjendisdesken","11":"tag-liam-payne","12":"tag-louis-tomlinson","13":"tag-no","14":"tag-norge","15":"tag-norway","16":"tag-one-direction","17":"tag-underholdning"},"share_on_mastodon":{"url":"","error":""},"_links":{"self":[{"href":"https:\/\/www.europesays.com\/no\/wp-json\/wp\/v2\/posts\/57521","targetHints":{"allow":["GET"]}}],"collection":[{"href":"https:\/\/www.europesays.com\/no\/wp-json\/wp\/v2\/posts"}],"about":[{"href":"https:\/\/www.europesays.com\/no\/wp-json\/wp\/v2\/types\/post"}],"author":[{"embeddable":true,"href":"https:\/\/www.europesays.com\/no\/wp-json\/wp\/v2\/users\/2"}],"replies":[{"embeddable":true,"href":"https:\/\/www.europesays.com\/no\/wp-json\/wp\/v2\/comments?post=57521"}],"version-history":[{"count":0,"href":"https:\/\/www.europesays.com\/no\/wp-json\/wp\/v2\/posts\/57521\/revisions"}],"wp:featuredmedia":[{"embeddable":true,"href":"https:\/\/www.europesays.com\/no\/wp-json\/wp\/v2\/media\/57522"}],"wp:attachment":[{"href":"https:\/\/www.europesays.com\/no\/wp-json\/wp\/v2\/media?parent=57521"}],"wp:term":[{"taxonomy":"category","embeddable":true,"href":"https:\/\/www.europesays.com\/no\/wp-json\/wp\/v2\/categories?post=57521"},{"taxonomy":"post_tag","embeddable":true,"href":"https:\/\/www.europesays.com\/no\/wp-json\/wp\/v2\/tags?post=57521"}],"curies":[{"name":"wp","href":"https:\/\/api.w.org\/{rel}","templated":true}]}}