{"id":57557,"date":"2025-10-10T18:41:09","date_gmt":"2025-10-10T18:41:09","guid":{"rendered":"https:\/\/www.europesays.com\/no\/57557\/"},"modified":"2025-10-10T18:41:09","modified_gmt":"2025-10-10T18:41:09","slug":"avinor-bekrefter-at-dronesystem-var-nede-dagbladet","status":"publish","type":"post","link":"https:\/\/www.europesays.com\/no\/57557\/","title":{"rendered":"Avinor bekrefter at dronesystem var nede &#8211; Dagbladet"},"content":{"rendered":"<ol>\n<li><a href=\"https:\/\/news.google.com\/rss\/articles\/CBMiigFBVV95cUxQLV90bFQ1ZVQ3VUVVcWlkbGVGc0ZJWG5FMldQcUk2SXBlc1ptUHJBZGU2WVl3RHdIS2JJY3dmTG9BVV9WVWFzU1pHdDZNeERsUWV0M1VKcnc3ams1aURRck85ZjZDYjV3czVwVGM3OThORUx1aWJDVVROZHJtS1M3NHBzTFViYk1vb2c?oc=5\" target=\"_blank\" rel=\"nofollow noopener\">Avinor bekrefter at dronesystem var nede<\/a>&nbsp;&nbsp;Dagbladet<\/li>\n<li><a href=\"https:\/\/news.google.com\/rss\/articles\/CBMiywFBVV95cUxOSXhzSWtCMU5faWstYmlkYkdtU0xmaUMtbXdLNkkxeFVHQmQ0dWN3bFJKUlFXODkwLTRKSDEtMUl1T21tenhJdjBXYk9IUU1xSlczeXRoX2hyNmhOUnBlQWk1aVJzLWc5djd3aWwtMjZtVkVDQTA0M281a09MUnF2WXRvQzlXQWtYRHZVVWVwQ3ZzNXFlYmhGTXduMllzRFhfajFZNXFhV3dXMi1PZ1p3c3Zoc3JoN19hSTJHY0Z6ZE5mWnJsODFlUmcxNA?oc=5\" target=\"_blank\" rel=\"nofollow noopener\">Filter Nyheter avsl\u00f8rer: Norske flyplasser bruker kinesisk system for droneoverv\u00e5kning &#8211; var nede i 19 timer da hybridkrig-alarmen gikk i Danmark<\/a>&nbsp;&nbsp;Filter Nyheter<\/li>\n<li><a href=\"https:\/\/news.google.com\/rss\/articles\/CBMiwgFBVV95cUxQcno2R1JOTkZMNVl6Q01uUGhVVjFxTFJVUlNKSUFFLUQ5VVZLdGZ5NGpCQmphbTBGUFd6aXRvblJfVy1GTEw5WUhWcHZmVFNGZVdMUWJIWFBWcFA3NW9Ybl9mMTJHckJ2NUVFQTl4azhkVkhkNDVCUDVvbld4Nmc5aFY5V0Zkejk2TkxKbEFUNnVoc1hQT2Iwb00xbV9QUHlLY2w0REhIQ25wWEZzUG5nWnpiWVkycmZFanBwVTl4cERiZw?oc=5\" target=\"_blank\" rel=\"nofollow noopener\">Dagbladet: System for droneoverv\u00e5king var sl\u00e5tt ut da dronealarmen gikk p\u00e5 Oslo lufthavn<\/a>&nbsp;&nbsp;Aftenposten<\/li>\n<li><a href=\"https:\/\/news.google.com\/rss\/articles\/CBMikgFBVV95cUxOdVByNGFjczZnMXd2Q3hGZWdGSGxydkhoQ2hvWVc2czV3X1Y5b2dhemJRNjFWMU5WMElwSXJWR1FGcFhhT0Itbkw0R1pzSzZXM0FDVmlQTW40MkNSMzhHUUNLaExJYm5SVXcwR01zb0FNQjZvdVJMeGRSSkFHc2o1TzBPSlAxUmVTeFlvSFIxX09hQQ?oc=5\" target=\"_blank\" rel=\"nofollow noopener\">Avinors droneoverv\u00e5king levert av kinesisk firma<\/a>&nbsp;&nbsp;banett.no<\/li>\n<li><a href=\"https:\/\/news.google.com\/rss\/articles\/CBMijwFBVV95cUxOY0ZYWUlpeGZodkhUOTNTYXNWdkQxSUJWYlpGRXVzY2E1Wm53cXVBQnMzYVFEMDlFTnZ0SHpqM2tGWUltbG0waDZwOHl1UFNfOFVzYmw5M3RRSllmNFNqR0pnZUxBNU1Id0U1ZFh2cU9CRlJ3Y0NncVM4dHlKZDhQSU9tcHlQbXZBZmdSRlBTYw?oc=5\" target=\"_blank\" rel=\"nofollow noopener\">Norske flyplasser bruker kinesisk droneoverv\u00e5kning<\/a>&nbsp;&nbsp;VG<\/li>\n<\/ol>\n","protected":false},"excerpt":{"rendered":"Avinor bekrefter at dronesystem var nede&nbsp;&nbsp;Dagbladet Filter Nyheter avsl\u00f8rer: Norske flyplasser bruker kinesisk system for droneoverv\u00e5kning &#8211; var&hellip;\n","protected":false},"author":2,"featured_media":57558,"comment_status":"","ping_status":"","sticky":false,"template":"","format":"standard","meta":{"footnotes":""},"categories":[5],"tags":[20,21,24,25,15,19,2539,22,23,17,18,13,30,28,29,14,16,26,27],"class_list":{"0":"post-57557","1":"post","2":"type-post","3":"status-publish","4":"format-standard","5":"has-post-thumbnail","7":"category-overskrifter","8":"tag-breaking-news","9":"tag-breakingnews","10":"tag-featured-news","11":"tag-featurednews","12":"tag-headlines","13":"tag-hovedoppslag","14":"tag-innenriks","15":"tag-latest-news","16":"tag-latestnews","17":"tag-main-news","18":"tag-mainnews","19":"tag-news","20":"tag-no","21":"tag-norge","22":"tag-norway","23":"tag-nyheter","24":"tag-overskrifter","25":"tag-top-stories","26":"tag-topstories"},"share_on_mastodon":{"url":"","error":""},"_links":{"self":[{"href":"https:\/\/www.europesays.com\/no\/wp-json\/wp\/v2\/posts\/57557","targetHints":{"allow":["GET"]}}],"collection":[{"href":"https:\/\/www.europesays.com\/no\/wp-json\/wp\/v2\/posts"}],"about":[{"href":"https:\/\/www.europesays.com\/no\/wp-json\/wp\/v2\/types\/post"}],"author":[{"embeddable":true,"href":"https:\/\/www.europesays.com\/no\/wp-json\/wp\/v2\/users\/2"}],"replies":[{"embeddable":true,"href":"https:\/\/www.europesays.com\/no\/wp-json\/wp\/v2\/comments?post=57557"}],"version-history":[{"count":0,"href":"https:\/\/www.europesays.com\/no\/wp-json\/wp\/v2\/posts\/57557\/revisions"}],"wp:featuredmedia":[{"embeddable":true,"href":"https:\/\/www.europesays.com\/no\/wp-json\/wp\/v2\/media\/57558"}],"wp:attachment":[{"href":"https:\/\/www.europesays.com\/no\/wp-json\/wp\/v2\/media?parent=57557"}],"wp:term":[{"taxonomy":"category","embeddable":true,"href":"https:\/\/www.europesays.com\/no\/wp-json\/wp\/v2\/categories?post=57557"},{"taxonomy":"post_tag","embeddable":true,"href":"https:\/\/www.europesays.com\/no\/wp-json\/wp\/v2\/tags?post=57557"}],"curies":[{"name":"wp","href":"https:\/\/api.w.org\/{rel}","templated":true}]}}