{"id":57659,"date":"2025-10-10T20:59:27","date_gmt":"2025-10-10T20:59:27","guid":{"rendered":"https:\/\/www.europesays.com\/no\/57659\/"},"modified":"2025-10-10T20:59:27","modified_gmt":"2025-10-10T20:59:27","slug":"reagerer-pa-bildene","status":"publish","type":"post","link":"https:\/\/www.europesays.com\/no\/57659\/","title":{"rendered":"Reagerer p\u00e5 bildene"},"content":{"rendered":"<p>  Norsk ekspert rister p\u00e5 hodet og stusser over valg av TV-bilder. &#8211; Det er ikke bra og jeg h\u00e5per det blir en endring.\u00a0<\/p>\n<p>\n    ST\u00d8TTER: Rebecca Donaldson &#8211; Carlos Sainz kj\u00e6reste, Carmen Montero &#8211; kj\u00e6resten til George Russel og Alexandra Saint Mleux &#8211; kj\u00e6resten til Charles Leclerc. Her under Formel 1-helga i Singapore, hvor blant annet Sainz reagerte p\u00e5 at produksjonen viste for mange bilder av kj\u00e6restene p\u00e5 bekostning av selve l\u00f8pet. Foto: Shutterstock\/NTB\n  <\/p>\n<p>F\u00e5 i Norge f\u00f8lger Formel 1 s\u00e5 tett som Atle Gulbrandsen. Helg inn, helg ut kommenterer han sirkuset, og denne sesongen har det skjedd en tydelig endring, p\u00e5peker profilen.\u00a0<\/p>\n<p class=\"font-weight-bold m-font-weight-bold\" data-lab-font_weight=\"font-weight-bold\">I milj\u00f8et &#8211; med Formel 1-stjerna Carlos Sainz i spissen &#8211; har flere reagert p\u00e5 prioriteringene til TV-produksjonen som sender mesterskapet.\u00a0<\/p>\n<p>B\u00e5de Sainz og Gulbrandsen mener det har v\u00e6rt et alt for stort fokus p\u00e5 det utenomsportslige denne sesongen.\u00a0<\/p>\n<p>&#8211; Det har vi lagt merke til. Spesielt i \u00e5r har det blitt mer av det. Det utenomsportslige fokuset har g\u00e5tt p\u00e5 bekostningen av spenningen p\u00e5 banen og det sportslige. Det er ikke bra og jeg h\u00e5per det skjer en endring, understreker Atle Gulbrandsen overfor Dagbladet.\u00a0<\/p>\n<p>          <img loading=\"lazy\" decoding=\"async\" src=\"https:\/\/www.europesays.com\/no\/wp-content\/uploads\/2025\/10\/83705651.webp\" width=\"980\" height=\"559\" title=\"REAGERER: Carlos Sainz setter nok stor pris p\u00e5 at kj\u00e6resten Rebecca Donaldson st\u00f8tter han, men ber TV-produksjonen fokusere mer p\u00e5 selve l\u00f8pet under VM-helgene. Foto: Shutterstock\/NTB\" alt=\"\" class=\"\" style=\"--aspect-ratio-image: 1.75; \"\/><\/p>\n<p>\n          REAGERER: Carlos Sainz setter nok stor pris p\u00e5 at kj\u00e6resten Rebecca Donaldson st\u00f8tter han, men ber TV-produksjonen fokusere mer p\u00e5 selve l\u00f8pet under VM-helgene. Foto: Shutterstock\/NTB\n      <\/p>\n<p>Den norske eksperten og Sainz sikter blant annet til produksjonens vurderinger p\u00e5 \u00e5 vise mer av kj\u00e6rester, familie, venner og\u00a0celebriteter p\u00e5 tribuner og i garasjene, framover \u00e5 sende mer av aktiviteten som skjer p\u00e5 banen. <\/p>\n<p>&#8211; Det er jo en balansegang. Formel 1 har blitt s\u00e5<br \/>\nekstremt popul\u00e6rt og det er mange nye og unge fans som ogs\u00e5 er opptatt av det utenomsportslige. Men det m\u00e5 ikke g\u00e5 utover det viktigste. Det viktigste er det som skjer ute p\u00e5 banen og spenningen, ikke hvilke kj\u00e6rester som st\u00e5r i garasjen, mener Gulbrandsen.\u00a0<\/p>\n<p>        F\u00c5R NOK: Ivanka Trump og ektemannen Jared Kushner var i Miami i forbindelse med Formel 1-l\u00f8pet som ble arrangert i byen. Men n\u00e5r en ukjent mann fors\u00f8ker \u00e5 n\u00e6rme seg paret, f\u00e5r parets sikkerhetsvakt nok. Reporter: Jostein Sletten \/ Dagbladet<\/p>\n<p>Williams-f\u00f8reren Carlos Sainz har ogs\u00e5 v\u00e6rt ute og frest mot<br \/>\nsendeprioriteringene. Det gjorde han etter forrige VM-runde i Singapore.\u00a0<\/p>\n<p class=\"font-weight-bold m-font-weight-bold\" data-lab-font_weight=\"font-weight-bold\">Stjerna sier at han har forst\u00e5else for at produksjonen vil f\u00e5 med<br \/>\nreaksjonene til folk rundt, men at l\u00f8pet m\u00e5 bli respektert og at det ikke kan g\u00e5 p\u00e5 bekostning<br \/>\nav de viktigste \u00f8yeblikkene i selve konkurransen.<\/p>\n<p>&#8211; Forrige helg viste de ikke flere av mine forbikj\u00f8ringer jeg<br \/>\ngjorde mot slutten. De fulgte heller ikke Fernando Alonsos jakt p\u00e5 Lewis Hamilton godt nok,<br \/>\nhevder Sainz til den spanske radiokanalen\u00a0El Partidazo de COPE.\u00a0<\/p>\n<p>&#8211; Ikke mist fokus p\u00e5 det viktigste. For meg, s\u00e5 bruker de litt<br \/>\nfor mye tid p\u00e5 \u00e5 vise kjendiser og kj\u00e6rester, er den klare beskjeden fra stjerna.\u00a0<\/p>\n<p>          <img loading=\"lazy\" decoding=\"async\" src=\"https:\/\/www.europesays.com\/no\/wp-content\/uploads\/2025\/10\/83706858.webp\" width=\"980\" height=\"559\" title=\"REISER MYE SAMMEN: Kj\u00e6resteparet Sainz\/Donaldson. Her fra Fomel 1-helga i Monza tidligere i \u00e5r. Foto: Shutterstock\/NTB\" alt=\"\" class=\"\" style=\"--aspect-ratio-image: 1.75; \"\/><\/p>\n<p>\n          REISER MYE SAMMEN: Kj\u00e6resteparet Sainz\/Donaldson. Her fra Fomel 1-helga i Monza tidligere i \u00e5r. Foto: Shutterstock\/NTB\n      <\/p>\n<p>Han f\u00e5r st\u00f8tte av Gulbrandsen.\u00a0<\/p>\n<p>&#8211; N\u00e5r man opplever at man g\u00e5r glipp av spenning p\u00e5 banen, som er det inntrykket man sitter igjen med, og heller viser eks antall kj\u00e6rester i garasjen, for eksempel, s\u00e5 blir det helt feil fokus.\u00a0<\/p>\n<p class=\"italic m-italic\" data-lab-italic=\"italic\">&#8211; Har du forst\u00e5else for at de (TV-produksjonen) gj\u00f8r det ogs\u00e5? Med tanke p\u00e5 poenget om \u00e5 n\u00e5 ut til flere?\u00a0<\/p>\n<p class=\"font-weight-bold m-font-weight-bold\" data-lab-font_weight=\"font-weight-bold\">&#8211; Jeg har forst\u00e5else for at man ogs\u00e5 \u00f8nsker \u00e5 dekke en gruppe seere som ogs\u00e5 vil se andre ting. Det viktige er at man ikke glemmer det viktigste &#8211; at det er idretten og spenningen som er det viktigste, og ikke alt annet som skjer rundt, gjentar den norske eksperten.<\/p>\n<p class=\"font-weight-normal m-font-weight-normal\" data-lab-font_weight=\"font-weight-normal\">En talsperson fra Formel 1-organisasjonen har uttalt at \u00abde alltid fokuserer p\u00e5 \u00e5 gi fansen de beste bildene av l\u00f8pet og og aldri \u00f8nsker \u00e5 g\u00e5 vekk fra hovedfokuset, som er l\u00f8pet\u00bb.\u00a0<\/p>\n<p>&#8211; Teamet v\u00e5rt gj\u00f8r en god jobb med \u00e5 dekke en sv\u00e6rt kompleks situasjon med flere biler p\u00e5 forskjellige punkter p\u00e5 banen og ogs\u00e5 gi flotte \u00f8yeblikk fra tribunene, profilerte gjester og stedene vi kj\u00f8rer p\u00e5. Vi streber alltid etter \u00e5 forbedre det vi leverer, sier en talsperson, if\u00f8lge <a href=\"https:\/\/www.bbc.com\/sport\/formula1\/articles\/c8rvzr63jgvo\" rel=\"nofollow noopener\" target=\"_blank\">BBC<\/a>.\u00a0<\/p>\n<ul>\n<li class=\"lab-bodytext-line\">Neste VM-helg i Formel 1 avvikles i Ausin i USA mellom 17. og 19. oktober.\u00a0<\/li>\n<\/ul>\n","protected":false},"excerpt":{"rendered":"Norsk ekspert rister p\u00e5 hodet og stusser over valg av TV-bilder. &#8211; Det er ikke bra og jeg&hellip;\n","protected":false},"author":2,"featured_media":57660,"comment_status":"","ping_status":"","sticky":false,"template":"","format":"standard","meta":{"footnotes":""},"categories":[59],"tags":[2026,30,28,29,83,82],"class_list":{"0":"post-57659","1":"post","2":"type-post","3":"status-publish","4":"format-standard","5":"has-post-thumbnail","7":"category-sport","8":"tag-formel-1","9":"tag-no","10":"tag-norge","11":"tag-norway","12":"tag-sport","13":"tag-sports"},"share_on_mastodon":{"url":"","error":""},"_links":{"self":[{"href":"https:\/\/www.europesays.com\/no\/wp-json\/wp\/v2\/posts\/57659","targetHints":{"allow":["GET"]}}],"collection":[{"href":"https:\/\/www.europesays.com\/no\/wp-json\/wp\/v2\/posts"}],"about":[{"href":"https:\/\/www.europesays.com\/no\/wp-json\/wp\/v2\/types\/post"}],"author":[{"embeddable":true,"href":"https:\/\/www.europesays.com\/no\/wp-json\/wp\/v2\/users\/2"}],"replies":[{"embeddable":true,"href":"https:\/\/www.europesays.com\/no\/wp-json\/wp\/v2\/comments?post=57659"}],"version-history":[{"count":0,"href":"https:\/\/www.europesays.com\/no\/wp-json\/wp\/v2\/posts\/57659\/revisions"}],"wp:featuredmedia":[{"embeddable":true,"href":"https:\/\/www.europesays.com\/no\/wp-json\/wp\/v2\/media\/57660"}],"wp:attachment":[{"href":"https:\/\/www.europesays.com\/no\/wp-json\/wp\/v2\/media?parent=57659"}],"wp:term":[{"taxonomy":"category","embeddable":true,"href":"https:\/\/www.europesays.com\/no\/wp-json\/wp\/v2\/categories?post=57659"},{"taxonomy":"post_tag","embeddable":true,"href":"https:\/\/www.europesays.com\/no\/wp-json\/wp\/v2\/tags?post=57659"}],"curies":[{"name":"wp","href":"https:\/\/api.w.org\/{rel}","templated":true}]}}