{"id":57661,"date":"2025-10-10T21:06:12","date_gmt":"2025-10-10T21:06:12","guid":{"rendered":"https:\/\/www.europesays.com\/no\/57661\/"},"modified":"2025-10-10T21:06:12","modified_gmt":"2025-10-10T21:06:12","slug":"ny-svensk-smell-tapte-0-2-hjemme-mot-sveits","status":"publish","type":"post","link":"https:\/\/www.europesays.com\/no\/57661\/","title":{"rendered":"Ny svensk smell \u2013 tapte 0\u20132 hjemme mot Sveits"},"content":{"rendered":"\n<p class=\"_paragraph_o9xde_4 _paragraph_xtcu6_10 layout-component text-serif-m layout-normal text-serif-m layout-padded\">B\u00e5de Alexander Isak og Viktor Gy\u00f6keres startet p\u00e5 topp for Sverige, men svenskene m\u00e5tte se seg sl\u00e5tt i sin f\u00f8rste hjemmekamp i VM-kvalifiseringen.<\/p>\n<p class=\"_paragraph_o9xde_4 _paragraph_xtcu6_10 layout-component text-serif-m layout-normal text-serif-m layout-padded\">Halvveis ut i andre omgang gikk Djibril Sow i bakken innenfor boksen i en duell med Alexander Bernhardsson. Dommer Anthony Taylor bl\u00e5se i fl\u00f8yten umiddelbart.<\/p>\n<p class=\"_paragraph_o9xde_4 _paragraph_xtcu6_10 layout-component text-serif-m layout-normal text-serif-m layout-padded\">Fra elleve meter var kaptein Granit Xhaka iskald og sk\u00f8yt midt i m\u00e5l mens svenskenes m\u00e5lvakt Viktor Johansson gikk til siden.<\/p>\n<p class=\"_paragraph_o9xde_4 _paragraph_xtcu6_10 layout-component text-serif-m layout-normal text-serif-m layout-padded\">Tre minutter p\u00e5 overtid kom avgj\u00f8relsen. Johan Manzambi sk\u00f8yt via Isak Hien og 2\u20130 til Sveits.<\/p>\n<p class=\"_paragraph_o9xde_4 _paragraph_xtcu6_10 layout-component text-serif-m layout-normal text-serif-m layout-padded\">\u2013 Dette her er en grusom, grusom h\u00f8st i svensk landslagsfotball, kommenterte TV 2s Peder M\u00f8rtvedt.<\/p>\n<p><img alt=\"Granit Xhaka og Sveits jubler for 1\u20130.  Foto: ANTHONY ANEX \/ EPA \/ NTB\" class=\"_image_qp4xg_65 layout-component layout-normal\" data-fullscreen- data-track-element-type=\"Article image fullscreen\" data-track-name=\"ImageFullscreen\" decoding=\"async\" loading=\"lazy\" height=\"3767\" itemprop=\"image\"  src=\"https:\/\/www.europesays.com\/no\/wp-content\/uploads\/2025\/10\/9c021dad-208d-4e16-8205-48638d2f2a53\"  style=\"object-position:0% 0%\" width=\"5651\"\/>Granit Xhaka og Sveits jubler for 1\u20130.  Foto: ANTHONY ANEX \/ EPA \/ NTB<\/p>\n<p class=\"_paragraph_o9xde_4 _paragraph_xtcu6_10 layout-component text-serif-m layout-normal text-serif-m layout-padded\">Sverige hadde kniven p\u00e5 strupen allerede f\u00f8r kampstart. To bortekamper mot Slovenia og Kosovo har kun gitt ett poeng.<\/p>\n<p class=\"_paragraph_o9xde_4 _paragraph_xtcu6_10 layout-component text-serif-m layout-normal text-serif-m layout-padded\">If\u00f8lge <a href=\"https:\/\/www.aftonbladet.se\/sportbladet\/fotboll\/a\/wg7b35\/jdt-utbuad-pa-nationalarenan-fore-avspark\" class=\"_link_o9xde_39\" rel=\"nofollow noopener\" target=\"_blank\">Aftonbladet<\/a> buet hjemmepublikummet da Sveriges landslagssjef Jon Dahl Tomasson sitt navn kom ut av anlegget p\u00e5 Strawberry Arena f\u00f8r kampstart.<\/p>\n<p class=\"_paragraph_o9xde_4 _paragraph_xtcu6_10 layout-component text-serif-m layout-normal text-serif-m layout-padded\">Hos Viaplay Sverige var Bojan Djordjic sv\u00e6rt kritisk til Tomasson etter tapet.<\/p>\n<p class=\"_paragraph_o9xde_4 _paragraph_xtcu6_10 layout-component text-serif-m layout-normal text-serif-m layout-padded\">\u2013 Spillerne l\u00f8per rundt som gale. Det er et h\u00f8nsehus. Han m\u00e5 holdes ansvarlig. Jeg h\u00f8res bitter og sint ut fordi jeg bryr meg s\u00e5 innmari mye. Det gj\u00f8r vondt, sier han.<\/p>\n<p><img decoding=\"async\" alt=\"Bilde av Bojan Djordjic\" class=\"_image_ygndg_42\" height=\"27\" itemprop=\"image\" loading=\"lazy\"  src=\"https:\/\/www.europesays.com\/no\/wp-content\/uploads\/2025\/10\/83b73de4-ed0a-445f-9d55-d1769d6df744\"  width=\"40\"\/><strong class=\"_name_ygndg_51 title-serif-xs\">Bojan Djordjic<\/strong><\/p>\n<p class=\"_paragraph_o9xde_4 text-sans-m _description_ygndg_56\">Fotballekspert, Viaplay Sverige<\/p>\n<p class=\"_paragraph_o9xde_4 _paragraph_xtcu6_10 layout-component text-serif-m layout-normal text-serif-m layout-padded\"><a href=\"https:\/\/www.expressen.se\/sport\/fotboll\/landslaget\/ny-mardrom-for-sverige-i-vm-kvalet-nollat-av-schweiz\/\" class=\"_link_o9xde_39\" rel=\"nofollow noopener\" target=\"_blank\">Expressen<\/a> skriver at det ogs\u00e5 ble pipekonsert i det kampen ble bl\u00e5st av.<\/p>\n<p class=\"_paragraph_o9xde_4 _paragraph_xtcu6_10 layout-component text-serif-m layout-normal text-serif-m layout-padded\">\u2013 Kritikken m\u00e5 v\u00e6re der n\u00e5r den er s\u00e5 elendig. Jeg ville ogs\u00e5 ha buet hvis jeg var der, sier Djordjic.<\/p>\n<p class=\"_paragraph_o9xde_4 _paragraph_xtcu6_10 layout-component text-serif-m layout-normal text-serif-m layout-padded\">Sverige beholder sisteplassen i gruppen etter tapet bak Slovenia, Kosovo og Sveits.<\/p>\n<p class=\"_paragraph_o9xde_4 _paragraph_xtcu6_10 layout-component text-serif-m layout-normal text-serif-m layout-padded\">Xhaka og sveitserne leder gruppen med full pott p\u00e5 tre kamper. Kosovo og Slovenia spilte samtidig i en kamp som endte 0\u20130.<\/p>\n<p>Slik kan Sverige kvalifisere seg til fotball-VM 2026<\/p>\n<p class=\"_paragraph_o9xde_4 _paragraph_xtcu6_10 _paragraph_16v91_10 layout-component text-serif-m layout-normal text-sans-m layout-padded\"><strong class=\"_strong_o9xde_25\">Andreplass og playoff<\/strong><\/p>\n<p class=\"_paragraph_o9xde_4 _paragraph_xtcu6_10 _paragraph_16v91_10 layout-component text-serif-m layout-normal text-sans-m layout-padded\">Sverige har fortsatt en reell mulighet til \u00e5 sikre seg andreplassen i kvalifiseringsgruppen.<br \/>Med hjemmekamp mot b\u00e5de Kosovo (4 poeng) og Slovenia (2 poeng), kan det potensielt holde med to seire for \u00e5 ta andreplassen \u2013 noe som automatisk gir en plass i VM-playoffen i mars<\/p>\n<p class=\"_paragraph_o9xde_4 _paragraph_xtcu6_10 _paragraph_16v91_10 layout-component text-serif-m layout-normal text-sans-m layout-padded\"><strong class=\"_strong_o9xde_25\">Tredje- eller fjerdeplass og en siste sjanse<\/strong><\/p>\n<p class=\"_paragraph_o9xde_4 _paragraph_xtcu6_10 _paragraph_16v91_10 layout-component text-serif-m layout-normal text-sans-m layout-padded\">Skulle Sverige fortsette \u00e5 skuffe i h\u00f8stens kvalifisering, finnes det fortsatt et lite h\u00e5p \u2013 takket v\u00e6re Nations League.<\/p>\n<p class=\"_paragraph_o9xde_4 _paragraph_xtcu6_10 _paragraph_16v91_10 layout-component text-serif-m layout-normal text-sans-m layout-padded\">Sverige ble rangert som den tiende beste gruppevinneren i Nations League, men bare fire av disse f\u00e5r en plass i playoff. For at Sverige skal f\u00e5 denne muligheten, m\u00e5 minst seks av de h\u00f8yere rangerte Nations League-vinnerne ende blant de to beste i sine respektive VM-kvalifiseringsgrupper.Kilde: Aftonbladet<\/p>\n<p>Vis mer<\/p>\n<p class=\"_paragraph_o9xde_4 _paragraph_xtcu6_10 layout-component text-serif-m layout-normal text-serif-m layout-padded\">Sveits begynte best i Stockholm og produserte flere gode muligheter. Breel Embolo var n\u00e6rmest da han headet i stolpen etter kun fire minutter.<\/p>\n<p class=\"_paragraph_o9xde_4 _paragraph_xtcu6_10 layout-component text-serif-m layout-normal text-serif-m layout-padded\">Sverige ristet av seg Sveits sin kanon\u00e5pning og fikk etter hvert mer tak p\u00e5 kampen.<\/p>\n<p class=\"_paragraph_o9xde_4 _paragraph_xtcu6_10 layout-component text-serif-m layout-normal text-serif-m layout-padded\">Etter 26 minutter vartet svenskene opp med nydelig \u00e9ntouchspill hvor ballen fant veien til Lucas Bergvall p\u00e5 h\u00f8yrekanten. Han spilte inn til Alexander Isak to meter fra m\u00e5l som etter en silkemyk ber\u00f8ring m\u00e5tte se ballen g\u00e5 i stolpen og ut.<\/p>\n<p><img alt=\"Jon Dahl Tomasson fikk ingen hyggelig velkomst.  Foto: Stefan Jerrev\u00e5ng\/TT \/ TT Nyhetsbyr\u00e5n \/ NTB\" class=\"_image_qp4xg_65 layout-component layout-normal\" data-fullscreen- data-track-element-type=\"Article image fullscreen\" data-track-name=\"ImageFullscreen\" decoding=\"async\" loading=\"lazy\" height=\"3856\" itemprop=\"image\"  src=\"https:\/\/www.europesays.com\/no\/wp-content\/uploads\/2025\/10\/5454664a-a202-4bcf-a951-2cee6f175d99\"  style=\"object-position:0% 0%\" width=\"5792\"\/>Jon Dahl Tomasson fikk ingen hyggelig velkomst.  Foto: Stefan Jerrev\u00e5ng\/TT \/ TT Nyhetsbyr\u00e5n \/ NTB<\/p>\n<p class=\"_paragraph_o9xde_4 _paragraph_xtcu6_10 layout-component text-serif-m layout-normal text-serif-m layout-padded\">Like f\u00f8r hvilen burde det virkelig st\u00e5tt 1\u20130. Denne gangen var Isak tilrettelegger for Bergvall, og Liverpool-spissen fant Tottenham-spilleren alene bakerst i feltet. Men, istedenfor \u00e5 bredside ballen i det \u00e5pne m\u00e5let, tr\u00e5kket Bergvall p\u00e5 ballen og falt fremover.<\/p>\n<p class=\"_paragraph_o9xde_4 _paragraph_xtcu6_10 layout-component text-serif-m layout-normal text-serif-m layout-padded\">\u2013 Det er en miss av episke dimensjoner, sa TV 2s M\u00f8rtvedt.<\/p>\n<p class=\"_paragraph_o9xde_4 _paragraph_xtcu6_10 layout-component text-serif-m layout-normal text-serif-m layout-padded\">\u2013 Det gj\u00f8r vondt \u00e5 se som gammel spiller. Der m\u00e5 han score, det vet han selv, sier tidligere Arsenal- og svensk landslagsspiller Fredrik Ljungberg til svenske Viaplay.<\/p>\n<ul class=\"_gallery_1qa3s_23\" tabindex=\"0\">\n<li class=\"_item_1qa3s_37\" data-index=\"0\"><img decoding=\"async\" class=\"_image_foru8_23 _articleGallery_foru8_39\" data-fullscreen- width=\"6000\" height=\"3847\" itemprop=\"image\" loading=\"lazy\"  src=\"https:\/\/www.europesays.com\/no\/wp-content\/uploads\/2025\/10\/f297c1ee-32ab-481f-85af-310d3ed28636\"  style=\"object-position:50% 50%;aspect-ratio:var(--gallery-aspect-ratio, 16 \/ 9)\"\/>Lucas Bergvall bommer p\u00e5 \u00e5pent m\u00e5l. Foto: JOHANNA S\u00c4LL \/ Bildbyr\u00e5n<\/li>\n<li class=\"_item_1qa3s_37\" data-index=\"1\"><img decoding=\"async\" class=\"_image_foru8_23 _articleGallery_foru8_39\" data-fullscreen- width=\"6000\" height=\"4000\" itemprop=\"image\" loading=\"lazy\"  src=\"https:\/\/www.europesays.com\/no\/wp-content\/uploads\/2025\/10\/3e36a131-e1ba-485d-9b07-a9cb0893a971\"  style=\"object-position:50% 50%;aspect-ratio:var(--gallery-aspect-ratio, 16 \/ 9)\"\/>Lucas Bergvall bommer p\u00e5 \u00e5pent m\u00e5l. Foto: EMMA WALLSKOG \/ Bildbyr\u00e5n<\/li>\n<li class=\"_item_1qa3s_37\" data-index=\"2\"><img decoding=\"async\" class=\"_image_foru8_23 _articleGallery_foru8_39\" data-fullscreen- width=\"6000\" height=\"4000\" itemprop=\"image\" loading=\"lazy\"  src=\"https:\/\/www.europesays.com\/no\/wp-content\/uploads\/2025\/10\/68786878-9543-492b-a4b1-9e91fad9f220\"  style=\"object-position:50% 50%;aspect-ratio:var(--gallery-aspect-ratio, 16 \/ 9)\"\/>Lucas Bergvall bommer p\u00e5 \u00e5pent m\u00e5l. Foto: EMMA WALLSKOG \/ Bildbyr\u00e5n<\/li>\n<li class=\"_item_1qa3s_37\" data-index=\"3\"><img decoding=\"async\" class=\"_image_foru8_23 _articleGallery_foru8_39\" data-fullscreen- width=\"6000\" height=\"4000\" itemprop=\"image\" loading=\"lazy\"  src=\"https:\/\/www.europesays.com\/no\/wp-content\/uploads\/2025\/10\/d3e7cb87-d1c6-4c77-80a5-c7d6708c0cee\"  style=\"object-position:50% 50%;aspect-ratio:var(--gallery-aspect-ratio, 16 \/ 9)\"\/>Lucas Bergvall bommer p\u00e5 \u00e5pent m\u00e5l. Foto: JOEL MARKLUND \/ Bildbyr\u00e5n<\/li>\n<\/ul>\n<p>Lucas Bergvall bommer p\u00e5 \u00e5pent m\u00e5l. Foto: JOHANNA S\u00c4LL \/ Bildbyr\u00e5n<\/p>\n<p class=\"_paragraph_o9xde_4 _paragraph_xtcu6_10 layout-component text-serif-m layout-normal text-serif-m layout-padded\">I andre omgang gikk Sow i bakken i Sverige-boksen. Om Bernhardsson faktisk var borti Sow var vanskelig \u00e5 se, men dommer Anthony Taylor bl\u00e5ste umiddelbart.<\/p>\n<p class=\"_paragraph_o9xde_4 _paragraph_xtcu6_10 layout-component text-serif-m layout-normal text-serif-m layout-padded\">\u2013 Det er en straffe som er helt ubegripelig, sa tidligere Rosenborg-spiller Mikael Lustig til <a href=\"https:\/\/www.svt.se\/sport\/fotboll\/sveriges-herrlandslag-i-fotboll\" class=\"_link_o9xde_39\" rel=\"nofollow noopener\" target=\"_blank\">SVT<\/a>.<\/p>\n<p class=\"_paragraph_o9xde_4 _paragraph_xtcu6_10 layout-component text-serif-m layout-normal text-serif-m layout-padded\">VAR tok ogs\u00e5 en titt p\u00e5 situasjonen, og konkluderte med det samme.<\/p>\n<p class=\"_paragraph_o9xde_4 _paragraph_xtcu6_10 layout-component text-serif-m layout-normal text-serif-m layout-padded\">\u2013 Den er billig, men den er gitt, kommenterte TV 2s M\u00f8rtvedt.<\/p>\n<p class=\"_paragraph_o9xde_4 _paragraph_xtcu6_10 layout-component text-serif-m layout-normal text-serif-m layout-padded\">Xhaka gjorde som nevnt ingen feil fra elleve meter.<\/p>\n<p class=\"_paragraph_o9xde_4 _paragraph_xtcu6_10 layout-component text-serif-m layout-normal text-serif-m layout-padded\">Fem minutter f\u00f8r slutt fikk Bergvall en gyllen mulighet fra fem meter til \u00e5 revansjere bommen fra f\u00f8rste omgang, men klarte ikke ta vare p\u00e5 den og bommet p\u00e5 m\u00e5l.<\/p>\n<p class=\"_paragraph_o9xde_4 _paragraph_xtcu6_10 layout-component text-serif-m layout-normal text-serif-m layout-padded\">S\u00e5, like f\u00f8r slutt, kom spikeren i kisten og 2\u20130.<\/p>\n<p class=\"_paragraph_o9xde_4 _paragraph_xtcu6_10 layout-component text-serif-m layout-normal text-serif-m layout-padded\">Sverige m\u00f8ter Kosovo i G\u00f6teborg p\u00e5 mandag, mens Sveits kan sikre VM-plassen borte mot Slovenia samme kveld.<\/p>\n<p><img alt=\"Johan Manzambi s\u00f8rget for 2\u20130 p\u00e5 overtid.  Foto: JOEL MARKLUND \/ Bildbyr\u00e5n\" class=\"_image_qp4xg_65 layout-component layout-normal\" data-fullscreen- data-track-element-type=\"Article image fullscreen\" data-track-name=\"ImageFullscreen\" decoding=\"async\" loading=\"lazy\" height=\"4000\" itemprop=\"image\"  src=\"https:\/\/www.europesays.com\/no\/wp-content\/uploads\/2025\/10\/c9cab2a4-f680-4ead-9fdd-6ca6851fcba1\"  style=\"object-position:0% 0%\" width=\"6000\"\/>Johan Manzambi s\u00f8rget for 2\u20130 p\u00e5 overtid.  Foto: JOEL MARKLUND \/ Bildbyr\u00e5n<\/p>\n<p class=\"_paragraph_o9xde_4 _paragraph_xtcu6_10 layout-component text-serif-m layout-normal text-serif-m layout-padded\">Det har ikke v\u00e6rt mye ro over den svenske leiren f\u00f8r oppgj\u00f8ret mot Sveits.<\/p>\n<p class=\"_paragraph_o9xde_4 _paragraph_xtcu6_10 layout-component text-serif-m layout-normal text-serif-m layout-padded\">M\u00e5lvakt Robin Olsen ga seg p\u00e5 landslaget rett f\u00f8r landslagssamlingen. Olsen sa til <a href=\"https:\/\/www.aftonbladet.se\/sportbladet\/fotboll\/a\/1Mm42B\/robin-olsens-attack-mot-jon-dahl-tomasson-darfor-slutar-han-i-landslaget\" class=\"_link_o9xde_39\" rel=\"nofollow noopener\" target=\"_blank\">Aftonbladet<\/a> at han ikke ville spille mer under Jon Dahl Tomasson.<\/p>\n<p class=\"_paragraph_o9xde_4 _paragraph_xtcu6_10 layout-component text-serif-m layout-normal text-serif-m layout-padded\">\u2013 For en m\u00e5ned siden sa landslagssjefen til meg at jeg fortsatt skulle v\u00e6re f\u00f8rstevalg, selv om jeg hadde gjort en feil mot Slovenia. I g\u00e5r ringte han meg og sa at han skal bytte meg ut, og da f\u00f8lte jeg at han er en leder jeg ikke vil jobbe under, sa Malm\u00f6-keeperen i september.<\/p>\n<p><img alt=\"Robin Olsen vil ikke spille for landslaget under Dahl Tomasson.  Foto: Darko Bandic \/ AP \/ NTB\" class=\"_image_qp4xg_65 layout-component layout-normal\" data-fullscreen- data-track-element-type=\"Article image fullscreen\" data-track-name=\"ImageFullscreen\" decoding=\"async\" loading=\"lazy\" height=\"2932\" itemprop=\"image\"  src=\"https:\/\/www.europesays.com\/no\/wp-content\/uploads\/2025\/10\/111bface-e22d-488c-a1bf-7eea73ba91dc\"  style=\"object-position:0% 0%\" width=\"4398\"\/>Robin Olsen vil ikke spille for landslaget under Dahl Tomasson.  Foto: Darko Bandic \/ AP \/ NTB<\/p>\n<p class=\"_paragraph_o9xde_4 _paragraph_xtcu6_10 layout-component text-serif-m layout-normal text-serif-m layout-padded\">Feilen Olsen snakker om skjedde da <a href=\"https:\/\/www.vg.no\/sport\/i\/wgae91\/fotball-vm-kvalifisering-sverige-spilte-2-2-mot-slovenia\" data-track-element-type=\"Link\" data-track-id=\"link:wgae91\" class=\"_link_o9xde_39\" rel=\"nofollow noopener\" target=\"_blank\">Sverige og Slovenia spilte 2\u20132 tidligere i kvalifiseringen<\/a>.<\/p>\n<p class=\"_paragraph_o9xde_4 _paragraph_xtcu6_10 layout-component text-serif-m layout-normal text-serif-m layout-padded\">Tomasson sa like etter at han var skuffet over Olsens reaksjon.<\/p>\n<p class=\"_paragraph_o9xde_4 _paragraph_xtcu6_10 layout-component text-serif-m layout-normal text-serif-m layout-padded\">\u2013 Jeg synes at han har sviktet lagkameratene sine ved \u00e5 si slikt offentlig, sa Tomasson da han tok ut den svenske troppen til kampene mot Sveits og Kosovo.<\/p>\n","protected":false},"excerpt":{"rendered":"B\u00e5de Alexander Isak og Viktor Gy\u00f6keres startet p\u00e5 topp for Sverige, men svenskene m\u00e5tte se seg sl\u00e5tt i&hellip;\n","protected":false},"author":2,"featured_media":57662,"comment_status":"","ping_status":"","sticky":false,"template":"","format":"standard","meta":{"footnotes":""},"categories":[5],"tags":[20,21,24,25,15,19,22,23,17,18,13,30,28,29,14,16,209,4551,26,27],"class_list":{"0":"post-57661","1":"post","2":"type-post","3":"status-publish","4":"format-standard","5":"has-post-thumbnail","7":"category-overskrifter","8":"tag-breaking-news","9":"tag-breakingnews","10":"tag-featured-news","11":"tag-featurednews","12":"tag-headlines","13":"tag-hovedoppslag","14":"tag-latest-news","15":"tag-latestnews","16":"tag-main-news","17":"tag-mainnews","18":"tag-news","19":"tag-no","20":"tag-norge","21":"tag-norway","22":"tag-nyheter","23":"tag-overskrifter","24":"tag-sveits","25":"tag-sveriges-herrelandslag-fotball","26":"tag-top-stories","27":"tag-topstories"},"share_on_mastodon":{"url":"","error":""},"_links":{"self":[{"href":"https:\/\/www.europesays.com\/no\/wp-json\/wp\/v2\/posts\/57661","targetHints":{"allow":["GET"]}}],"collection":[{"href":"https:\/\/www.europesays.com\/no\/wp-json\/wp\/v2\/posts"}],"about":[{"href":"https:\/\/www.europesays.com\/no\/wp-json\/wp\/v2\/types\/post"}],"author":[{"embeddable":true,"href":"https:\/\/www.europesays.com\/no\/wp-json\/wp\/v2\/users\/2"}],"replies":[{"embeddable":true,"href":"https:\/\/www.europesays.com\/no\/wp-json\/wp\/v2\/comments?post=57661"}],"version-history":[{"count":0,"href":"https:\/\/www.europesays.com\/no\/wp-json\/wp\/v2\/posts\/57661\/revisions"}],"wp:featuredmedia":[{"embeddable":true,"href":"https:\/\/www.europesays.com\/no\/wp-json\/wp\/v2\/media\/57662"}],"wp:attachment":[{"href":"https:\/\/www.europesays.com\/no\/wp-json\/wp\/v2\/media?parent=57661"}],"wp:term":[{"taxonomy":"category","embeddable":true,"href":"https:\/\/www.europesays.com\/no\/wp-json\/wp\/v2\/categories?post=57661"},{"taxonomy":"post_tag","embeddable":true,"href":"https:\/\/www.europesays.com\/no\/wp-json\/wp\/v2\/tags?post=57661"}],"curies":[{"name":"wp","href":"https:\/\/api.w.org\/{rel}","templated":true}]}}