{"id":57687,"date":"2025-10-10T22:14:14","date_gmt":"2025-10-10T22:14:14","guid":{"rendered":"https:\/\/www.europesays.com\/no\/57687\/"},"modified":"2025-10-10T22:14:14","modified_gmt":"2025-10-10T22:14:14","slug":"ringerike-okonomi-og-naeringsliv-bergan-maskinsalg-overtar-for-norwegian-agro-pa-ringerike","status":"publish","type":"post","link":"https:\/\/www.europesays.com\/no\/57687\/","title":{"rendered":"Ringerike, \u00d8konomi og n\u00e6ringsliv | Bergan Maskinsalg overtar for Norwegian Agro p\u00e5 Ringerike"},"content":{"rendered":"\n<p><b><a href=\"https:\/\/www.traktor.no\/bergan-maskinsalg-tar-over-for-norwegian-agro-pa-ringerike\/s\/5-151-50196\" rel=\"Follow nofollow noopener\" target=\"_blank\">(Traktor.no)<\/a> <\/b>Norwegian Agro Machinery har gjort en avtale med Bergan Maskinsalg om at sistnevnte tar over ansvaret for selskapets produkter i et st\u00f8rre omr\u00e5de. Det forteller Norwegian Agro i en <a href=\"https:\/\/norwegianagro.no\/nyheter\" rel=\"Follow nofollow noopener\" target=\"_blank\">pressemelding<\/a>. Bergan Maskinsalg er en av landets st\u00f8rste og samtidig eldste Claas-forhandlere, og utvider n\u00e5 virksomheten med \u00e5 overta drifta p\u00e5 Norwegian Agro H\u00f8nefoss. Bergan Maskinsalg overtar drifta med alle medarbeidere, inventar og reservedeler.<\/p>\n<p>\u2013 Vi har jobbet med Norwegian Agros produkter gjennom mange \u00e5r, og som en naturlig del at vi har tilgrensende distrikt, s\u00e5 var det naturlig for oss \u00e5 begi oss inn p\u00e5 det fine jordbruksdistriktet Ringerike og Drammensregionen er, forklarer Fredrik Bergan, daglig leder i Bergan Maskinsalg i pressemeldinga. Fredrik Bergan poengterer at det er Norwegian Agros produkter det i hovedsak skal satses p\u00e5 videre.<\/p>\n<p>Dermed forsvinner nok en avdeling fra Norwegian Agro sitt eierskap. Sommeren 2025 kvittet Norwegian Agro seg som kjent med sine avdelinger p\u00e5 Verdal og Skogmo, som ble overtatt av CF Maskin.<\/p>\n<p>Forn\u00f8yd ledelse<\/p>\n<p>Den nye sjefen i Norwegian Agro Machinery, er forn\u00f8yd med at de har landet en god l\u00f8sning:<\/p>\n<p>\u2013 Markedet for landbruksmaskiner i Norge er under stadig forandring, og denne regionen henger fint sammen med Bergan Maskinsalg sitt distrikt som fra f\u00f8r av dekker Vestfold, Telemark og deler av Agder. Vi er veldig forn\u00f8yd med \u00e5 sikre en b\u00e6rekraftig l\u00f8sning og derfor har vi sett dette som en god l\u00f8sning. Vi har hatt en god og konstruktiv dialog gjennom denne prosessen, og er sikre p\u00e5 at kundene i omr\u00e5det vil bli godt ivaretatt av Bergan Maskinsalg fremover framhever Michael Husfeldt, som sist uke <a href=\"https:\/\/www.traktor.no\/norwegian-agro-machinery-bytter-ut-sjefen\/s\/5-151-49855\" rel=\"Follow nofollow noopener\" target=\"_blank\">ble utnevnt til ny daglig leder<\/a> i Norwegian Agro.<\/p>\n<p>   <img decoding=\"async\" width=\"869\" height=\"573\" fetchpriority=\"low\"  loading=\"lazy\"  src=\"https:\/\/www.europesays.com\/no\/wp-content\/uploads\/2025\/10\/Skjermbilde.JPG\" alt=\"\" class=\"brick-c-cFOWSL\" style=\"--brick-image-ratio: 869 \/ 573;\"\/><\/p>\n<p>    Foto: Norwegian Agro Machinery\n  <\/p>\n<p><a class=\"simple-relation related-teaser article--c-eRUmMG article--c-eRUmMG-jKCPdD-design-default article--c-eRUmMG-iBPVJb-cv\" href=\"https:\/\/www.ringblad.no\/norwegian-agro-machinery-bytter-ut-sjefen\/s\/5-151-49855\" rel=\"nofollow noopener\" target=\"_blank\">Norwegian Agro Machinery bytter ut sjefen<\/a>Traktorsalget: Brutal kamp for overlevelse<a class=\"simple-relation related-teaser article--c-eRUmMG article--c-eRUmMG-jKCPdD-design-default article--c-eRUmMG-iBPVJb-cv\" href=\"https:\/\/www.ringblad.no\/ny-millionsmell-for-claas-importoren-i-2024\/s\/5-151-47822\" rel=\"nofollow noopener\" target=\"_blank\">Ny millionsmell for Claas-import\u00f8ren i 2024<\/a><a class=\"simple-relation related-teaser article--c-eRUmMG article--c-eRUmMG-jKCPdD-design-default article--c-eRUmMG-iBPVJb-cv\" href=\"https:\/\/www.ringblad.no\/cf-maskin-solid-aktor-i-et-turbulent-marked\/s\/5-151-47013\" rel=\"nofollow noopener\" target=\"_blank\">CF Maskin: Solid akt\u00f8r i et turbulent marked<\/a><\/p>\n","protected":false},"excerpt":{"rendered":"(Traktor.no) Norwegian Agro Machinery har gjort en avtale med Bergan Maskinsalg om at sistnevnte tar over ansvaret for&hellip;\n","protected":false},"author":2,"featured_media":57688,"comment_status":"","ping_status":"","sticky":false,"template":"","format":"standard","meta":{"footnotes":""},"categories":[56],"tags":[36,60,61,755,62,30,28,29,216,2032,1510],"class_list":{"0":"post-57687","1":"post","2":"type-post","3":"status-publish","4":"format-standard","5":"has-post-thumbnail","7":"category-naeringsliv","8":"tag-art","9":"tag-business","10":"tag-economy","11":"tag-landbruk","12":"tag-naeringsliv","13":"tag-no","14":"tag-norge","15":"tag-norway","16":"tag-okonomi-og-naeringsliv","17":"tag-ringerike","18":"tag-story"},"share_on_mastodon":{"url":"","error":""},"_links":{"self":[{"href":"https:\/\/www.europesays.com\/no\/wp-json\/wp\/v2\/posts\/57687","targetHints":{"allow":["GET"]}}],"collection":[{"href":"https:\/\/www.europesays.com\/no\/wp-json\/wp\/v2\/posts"}],"about":[{"href":"https:\/\/www.europesays.com\/no\/wp-json\/wp\/v2\/types\/post"}],"author":[{"embeddable":true,"href":"https:\/\/www.europesays.com\/no\/wp-json\/wp\/v2\/users\/2"}],"replies":[{"embeddable":true,"href":"https:\/\/www.europesays.com\/no\/wp-json\/wp\/v2\/comments?post=57687"}],"version-history":[{"count":0,"href":"https:\/\/www.europesays.com\/no\/wp-json\/wp\/v2\/posts\/57687\/revisions"}],"wp:featuredmedia":[{"embeddable":true,"href":"https:\/\/www.europesays.com\/no\/wp-json\/wp\/v2\/media\/57688"}],"wp:attachment":[{"href":"https:\/\/www.europesays.com\/no\/wp-json\/wp\/v2\/media?parent=57687"}],"wp:term":[{"taxonomy":"category","embeddable":true,"href":"https:\/\/www.europesays.com\/no\/wp-json\/wp\/v2\/categories?post=57687"},{"taxonomy":"post_tag","embeddable":true,"href":"https:\/\/www.europesays.com\/no\/wp-json\/wp\/v2\/tags?post=57687"}],"curies":[{"name":"wp","href":"https:\/\/api.w.org\/{rel}","templated":true}]}}