{"id":57756,"date":"2025-10-11T01:34:14","date_gmt":"2025-10-11T01:34:14","guid":{"rendered":"https:\/\/www.europesays.com\/no\/57756\/"},"modified":"2025-10-11T01:34:14","modified_gmt":"2025-10-11T01:34:14","slug":"elverum-klatret-opp-pa-tabelltopp-etter-seier-mot-follo","status":"publish","type":"post","link":"https:\/\/www.europesays.com\/no\/57756\/","title":{"rendered":"Elverum klatret opp p\u00e5 tabelltopp etter seier mot Follo"},"content":{"rendered":"\n<p class=\"_lead_o9xde_2 _lead_xtcu6_50 layout-component text-serif-m layout-normal text-serif-l layout-component layout-wide layout-padded _wide_17hqh_1 layout-padded\">Elverum er tilbake p\u00e5 seierssporet i eliteserien i h\u00e5ndball etter at Follo ble sl\u00e5tt 29-23 fredag. <\/p>\n<p><img alt=\"Elverums trener B\u00f8rge Lund.  Foto: Ole Martin Wold \/ NTB\" class=\"_image_qp4xg_65 layout-component layout-wide\" data-fullscreen- data-track-element-type=\"Article image fullscreen\" data-track-name=\"ImageFullscreen\" fetchpriority=\"high\" decoding=\"sync\" loading=\"eager\" height=\"4411\" itemprop=\"image\"  src=\"https:\/\/www.europesays.com\/no\/wp-content\/uploads\/2025\/10\/edf9f0e9-74b9-4db4-9c58-c5226071ed16\"  style=\"object-position:0% 0%\" width=\"6617\"\/>Elverums trener B\u00f8rge Lund.  Foto: Ole Martin Wold \/ NTB<\/p>\n<ul aria-hidden=\"true\" class=\"_images_1y6fe_106\">\n<li><a class=\"_link_1y6fe_111\" href=\"https:\/\/www.vg.no\/forfatter\/ntb\" style=\"z-index:1\" title=\"NTB\" rel=\"nofollow noopener\" target=\"_blank\"><img alt=\"Bilde av NTB\" class=\"_image_1y6fe_88\" fetchpriority=\"low\" loading=\"lazy\" decoding=\"async\" itemprop=\"image\"  src=\"https:\/\/www.europesays.com\/no\/wp-content\/uploads\/2025\/10\/1760146454_239_c33980b0-5d07-4027-84a1-813f90a7c8d6\"  width=\"480\"\/><\/a><\/li>\n<\/ul>\n<p> Oppdatert fredag 10. oktober kl. 20:13     <\/p>\n<p class=\"_paragraph_o9xde_4 _paragraph_xtcu6_10 layout-component text-serif-m layout-normal text-serif-m layout-padded\">I egen hjemmearena ledet de svarte og hvite med ett m\u00e5l til pause mot Follo. Etter hvilen ble avstanden mellom lagene st\u00f8rre og Elverum vant med seks m\u00e5l. <\/p>\n<p class=\"_paragraph_o9xde_4 _paragraph_xtcu6_10 layout-component text-serif-m layout-normal text-serif-m layout-padded\">Follos Marius Bergseng Gulbrandsen ble toppscorer i kampen med seks nettkjenninger, mens Benjamin Berg scoret flest for hjemmelaget med sine fem.<\/p>\n<p class=\"_paragraph_o9xde_4 _paragraph_xtcu6_10 layout-component text-serif-m layout-normal text-serif-m layout-padded\">Elverum g\u00e5r dermed forbi Kolstad p\u00e5 tabellen og har elleve poeng, mens tr\u00f8nderne st\u00e5r med ett poeng mindre, samt to f\u00e6rre kamper spilt. <\/p>\n<p class=\"_paragraph_o9xde_4 _paragraph_xtcu6_10 layout-component text-serif-m layout-normal text-serif-m layout-padded\">Elverum delte poengene med Bergen i forrige serierunde. Triumfen over Follo s\u00f8rget for at det kun ble med ett poengtap p\u00e5 rad. <\/p>\n<p class=\"_paragraph_o9xde_4 _paragraph_xtcu6_10 layout-component text-serif-m layout-normal text-serif-m layout-padded\">Tidligere i sesongen ble Elverum sl\u00e5tt av Drammen. Det er det eneste tapet til B\u00f8rge Lunds mannskap. <\/p>\n<p class=\"_paragraph_o9xde_4 _paragraph_xtcu6_10 layout-component text-serif-m layout-normal text-serif-m layout-padded\">Elverum m\u00f8ter HC Kriens i europaligaen i neste kamp, f\u00f8r B\u00e6kkelaget er motstander i Eliteserien. Sandnes venter for Follo i neste serierunde. <\/p>\n","protected":false},"excerpt":{"rendered":"Elverum er tilbake p\u00e5 seierssporet i eliteserien i h\u00e5ndball etter at Follo ble sl\u00e5tt 29-23 fredag. Elverums trener&hellip;\n","protected":false},"author":2,"featured_media":57757,"comment_status":"","ping_status":"","sticky":false,"template":"","format":"standard","meta":{"footnotes":""},"categories":[59],"tags":[8591,8590,2062,30,28,29,83,82],"class_list":{"0":"post-57756","1":"post","2":"type-post","3":"status-publish","4":"format-standard","5":"has-post-thumbnail","7":"category-sport","8":"tag-borge-lund","9":"tag-eliteserien-handball-menn","10":"tag-elverum-handball","11":"tag-no","12":"tag-norge","13":"tag-norway","14":"tag-sport","15":"tag-sports"},"share_on_mastodon":{"url":"","error":""},"_links":{"self":[{"href":"https:\/\/www.europesays.com\/no\/wp-json\/wp\/v2\/posts\/57756","targetHints":{"allow":["GET"]}}],"collection":[{"href":"https:\/\/www.europesays.com\/no\/wp-json\/wp\/v2\/posts"}],"about":[{"href":"https:\/\/www.europesays.com\/no\/wp-json\/wp\/v2\/types\/post"}],"author":[{"embeddable":true,"href":"https:\/\/www.europesays.com\/no\/wp-json\/wp\/v2\/users\/2"}],"replies":[{"embeddable":true,"href":"https:\/\/www.europesays.com\/no\/wp-json\/wp\/v2\/comments?post=57756"}],"version-history":[{"count":0,"href":"https:\/\/www.europesays.com\/no\/wp-json\/wp\/v2\/posts\/57756\/revisions"}],"wp:featuredmedia":[{"embeddable":true,"href":"https:\/\/www.europesays.com\/no\/wp-json\/wp\/v2\/media\/57757"}],"wp:attachment":[{"href":"https:\/\/www.europesays.com\/no\/wp-json\/wp\/v2\/media?parent=57756"}],"wp:term":[{"taxonomy":"category","embeddable":true,"href":"https:\/\/www.europesays.com\/no\/wp-json\/wp\/v2\/categories?post=57756"},{"taxonomy":"post_tag","embeddable":true,"href":"https:\/\/www.europesays.com\/no\/wp-json\/wp\/v2\/tags?post=57756"}],"curies":[{"name":"wp","href":"https:\/\/api.w.org\/{rel}","templated":true}]}}