{"id":57806,"date":"2025-10-11T05:08:10","date_gmt":"2025-10-11T05:08:10","guid":{"rendered":"https:\/\/www.europesays.com\/no\/57806\/"},"modified":"2025-10-11T05:08:10","modified_gmt":"2025-10-11T05:08:10","slug":"funnet-dod-advarer","status":"publish","type":"post","link":"https:\/\/www.europesays.com\/no\/57806\/","title":{"rendered":"Funnet d\u00f8d &#8211; advarer"},"content":{"rendered":"<p>  En 60 \u00e5r gammel kvinne i Frankrike mistet livet da hun ble kvalt av bilvinduet sitt mens hun vasket bilen.<\/p>\n<p>\n    D\u00d8DE: Familien har frigitt dette bildet av Bernadette Delmotte. Foto: Handout\n  <\/p>\n<p>    Kort fortalt<\/p>\n<ul lang=\"nb-NO\">\n<li>En 60 \u00e5r gammel kvinne, Bernadette Delmotte, d\u00f8de i Frankrike etter \u00e5 ha blitt kvalt av bilvinduet sitt.<\/li>\n<li>Hendelsen skjedde 13. juni i Sa\u00f4ne-et-Loire mens hun vasket bilen sin, en Fiat 500.<\/li>\n<li>Hun lente seg inn i bilen for \u00e5 n\u00e5 h\u00e5ndbrekket, men kom borti vindusknappen, som lukket seg rundt halsen hennes.<\/li>\n<li>D\u00f8dsfallet er klassifisert som en ulykke, og broren \u00f8nsker ikke erstatning, men h\u00e5per \u00e5 forhindre lignende tragedier.<\/li>\n<\/ul>\n<p class=\"italic ai-disclaimer\" data-lab-italic=\"italic\">Sammendraget er laget av ChatGPT og godkjent av Dagbladet.<\/p>\n<p>      Vis mer<br \/>\n      Vis mindre<\/p>\n<p>En 60 \u00e5r gammel kvinne ble kvalt til d\u00f8de av bilvinduet sitt i Frankrike.<\/p>\n<p>Bernadette Delmotte (60) mistet livet 13. juni i Sa\u00f4ne-et-Loire i \u00d8st-Frankrike, if\u00f8lge den franske rikskringkasteren\u00a0<a href=\"https:\/\/france3-regions.franceinfo.fr\/bourgogne-franche-comte\/saone-et-loire\/elle-meurt-asphyxiee-par-la-vitre-automatique-de-sa-voiture-jamais-on-n-aurait-pu-imaginer-ce-qu-il-s-est-vraiment-passe-3226097.html\" rel=\"nofollow noopener\" target=\"_blank\">France 3<\/a>.<\/p>\n<p>Hun d\u00f8de mens hun vasket bilen sin, en Fiat 500.<\/p>\n<p>        UNDER MASKA: Frank L\u00f8ke tok med datteren sin p\u00e5 Lykos \u00e5rlige Halloweenfest. Han hadde kledd seg ut for \u00e5 sende et signal til haterne sine.  Video: Nora Skavhaug<\/p>\n<p>Glemte h\u00e5ndbrekket\t<\/p>\n<p>If\u00f8lge den forel\u00f8pige etterforskningen hadde Delmotte, som bodde i Bissy-sur-Fley, glemt \u00e5 sette p\u00e5 h\u00e5ndbrekket.\u00a0<\/p>\n<p>For \u00e5 n\u00e5 h\u00e5ndbrekket lente hun seg inn gjennom bilvinduet. Da kom hun borti knappen som styrte vinduet, og ruten lukket seg rundt halsen hennes.<\/p>\n<p>          <img loading=\"lazy\" decoding=\"async\" src=\"https:\/\/www.europesays.com\/no\/wp-content\/uploads\/2025\/10\/83704263.webp\" width=\"980\" height=\"559\" title=\"ILLUSTRASJONSBILDE: En prototype av den nye hybridutgaven av Fiat 500 vises fram under en pressevisning i Mirafiori i Torino, Italia, 4. juli 2025. Foto: Giulio Piovaccari \/ Reuters\" alt=\"\" class=\"\" style=\"--aspect-ratio-image: 1.75; \"\/><\/p>\n<p>\n          ILLUSTRASJONSBILDE: En prototype av den nye hybridutgaven av Fiat 500 vises fram under en pressevisning i Mirafiori i Torino, Italia, 4. juli 2025. Foto: Giulio Piovaccari \/ Reuters\n      <\/p>\n<p>&#8211; Det ser ut til at h\u00e5ndbrekket ikke var trukket opp, forteller venninnen B\u00e9atrice.<\/p>\n<p>Og videre:<\/p>\n<p class=\"font-weight-bold m-font-weight-bold\" data-lab-font_weight=\"font-weight-bold\">&#8211; Bilen begynte \u00e5 rulle bakover. For \u00e5 stoppe den kastet Bernadette seg inn gjennom vinduet. Da kom h\u00e5nden hennes borti vindusknappen, og idet hun rettet seg opp, stoppet vinduet mot halsen.<\/p>\n<p>    <a itemprop=\"url\" href=\"https:\/\/dinside.dagbladet.no\/fritid\/nytt-funn-aldri-sett-for\/82668554\" rel=\"nofollow noopener\" target=\"_blank\"><\/p>\n<p>      <img loading=\"lazy\" decoding=\"async\" src=\"https:\/\/www.europesays.com\/no\/wp-content\/uploads\/2025\/10\/1760159289_703_82668650.webp\" width=\"147\" height=\"98\" title=\"Nytt funn: Aldri sett f\u00f8r\" alt=\"\" class=\"lazyload\" style=\"--aspect-ratio-image: 1.50; \"\/><\/p>\n<p>        Nytt funn: Aldri sett f\u00f8r<\/p>\n<p>    <\/a><\/p>\n<p>Funnet fastklemt\t<\/p>\n<p>Da hun ikke m\u00f8tte vennene sine til middag samme kveld, dro de hjem til henne.\u00a0<\/p>\n<p>Der fant de henne fastklemt i vinduet p\u00e5 Fiat-en, if\u00f8lge\u00a0<a href=\"https:\/\/www.bfmtv.com\/police-justice\/faits-divers\/mais-qu-est-ce-qui-s-est-passe-bloquee-par-la-vitre-de-son-vehicule-une-femme-de-65-ans-meurt-apshyxiee_AN-202510050262.html\" rel=\"nofollow noopener\" target=\"_blank\">BFM TV<\/a>, som er Frankrikes st\u00f8rste nyhetskanal. <\/p>\n<p>Broren Fran\u00e7ois Delmotte fortalte om sjokket da han fikk beskjeden.\u00a0<\/p>\n<p class=\"font-weight-bold m-font-weight-bold\" data-lab-font_weight=\"font-weight-bold\">&#8211; Jeg trodde ikke p\u00e5 det. Da de ringte meg, forsto jeg ingenting. Jeg trodde f\u00f8rst det var en vanlig bilulykke, sier han til kanalen.\u00a0<\/p>\n<p>&#8211; Selv politiet forsto ikke hva som hadde skjedd med en gang.<\/p>\n<p>Obduksjonen viste at Bernadette d\u00f8de av kvelning.\u00a0<\/p>\n<p>    <a itemprop=\"url\" href=\"https:\/\/www.dagbladet.no\/kjendis\/holdt-det-hemmelig-i-mange-uker\/83704104\" rel=\"nofollow noopener\" target=\"_blank\"><\/p>\n<p>      <img loading=\"lazy\" decoding=\"async\" src=\"https:\/\/www.europesays.com\/no\/wp-content\/uploads\/2025\/10\/1760159290_45_83699204.webp\" width=\"980\" height=\"441\" title=\"- Holdt det hemmelig i mange uker\" alt=\"\" class=\"lazyload\" style=\"--aspect-ratio-image: 2.22; \"\/><\/p>\n<p>        &#8211; Holdt det hemmelig i mange uker<\/p>\n<p>    <\/a><\/p>\n<p>Ikke mistanke om noe kriminelt\t<\/p>\n<p>D\u00f8dsfallet er klassifisert som en ulykke uten mistanke om noe kriminelt.<\/p>\n<p>Broren sier han ikke \u00f8nsker erstatning fra Fiat, men at han har sendt et brev til bilprodusenten og vil advare andre:<\/p>\n<p>&#8211; Jeg vil ikke ha kompensasjon, for det gir meg ikke s\u00f8steren min tilbake. Jeg vil bare bidra til at slike tragedier ikke skjer igjen, sa han.<\/p>\n<p>Fiat har forel\u00f8pig ikke kommentert ulykken, if\u00f8lge BFM TV.<\/p>\n","protected":false},"excerpt":{"rendered":"En 60 \u00e5r gammel kvinne i Frankrike mistet livet da hun ble kvalt av bilvinduet sitt mens hun&hellip;\n","protected":false},"author":2,"featured_media":57807,"comment_status":"","ping_status":"","sticky":false,"template":"","format":"standard","meta":{"footnotes":""},"categories":[12],"tags":[20,21,24,25,15,22,23,13,30,28,29,14,16,26,27,412,42,43,44,45],"class_list":{"0":"post-57806","1":"post","2":"type-post","3":"status-publish","4":"format-standard","5":"has-post-thumbnail","7":"category-verden","8":"tag-breaking-news","9":"tag-breakingnews","10":"tag-featured-news","11":"tag-featurednews","12":"tag-headlines","13":"tag-latest-news","14":"tag-latestnews","15":"tag-news","16":"tag-no","17":"tag-norge","18":"tag-norway","19":"tag-nyheter","20":"tag-overskrifter","21":"tag-top-stories","22":"tag-topstories","23":"tag-utenriks","24":"tag-verden","25":"tag-world","26":"tag-world-news","27":"tag-worldnews"},"share_on_mastodon":{"url":"","error":""},"_links":{"self":[{"href":"https:\/\/www.europesays.com\/no\/wp-json\/wp\/v2\/posts\/57806","targetHints":{"allow":["GET"]}}],"collection":[{"href":"https:\/\/www.europesays.com\/no\/wp-json\/wp\/v2\/posts"}],"about":[{"href":"https:\/\/www.europesays.com\/no\/wp-json\/wp\/v2\/types\/post"}],"author":[{"embeddable":true,"href":"https:\/\/www.europesays.com\/no\/wp-json\/wp\/v2\/users\/2"}],"replies":[{"embeddable":true,"href":"https:\/\/www.europesays.com\/no\/wp-json\/wp\/v2\/comments?post=57806"}],"version-history":[{"count":0,"href":"https:\/\/www.europesays.com\/no\/wp-json\/wp\/v2\/posts\/57806\/revisions"}],"wp:featuredmedia":[{"embeddable":true,"href":"https:\/\/www.europesays.com\/no\/wp-json\/wp\/v2\/media\/57807"}],"wp:attachment":[{"href":"https:\/\/www.europesays.com\/no\/wp-json\/wp\/v2\/media?parent=57806"}],"wp:term":[{"taxonomy":"category","embeddable":true,"href":"https:\/\/www.europesays.com\/no\/wp-json\/wp\/v2\/categories?post=57806"},{"taxonomy":"post_tag","embeddable":true,"href":"https:\/\/www.europesays.com\/no\/wp-json\/wp\/v2\/tags?post=57806"}],"curies":[{"name":"wp","href":"https:\/\/api.w.org\/{rel}","templated":true}]}}