{"id":57816,"date":"2025-10-11T05:51:08","date_gmt":"2025-10-11T05:51:08","guid":{"rendered":"https:\/\/www.europesays.com\/no\/57816\/"},"modified":"2025-10-11T05:51:08","modified_gmt":"2025-10-11T05:51:08","slug":"trafikk-ulykke-person-ble-klemt-fast-i-ulykke-fremstar-alvorlig","status":"publish","type":"post","link":"https:\/\/www.europesays.com\/no\/57816\/","title":{"rendered":"Trafikk, Ulykke | Person ble klemt fast i ulykke: \u2013 Fremst\u00e5r alvorlig"},"content":{"rendered":"\n<p>Klokken 04.00 melder politiet om en trafikkulykke i Surnadal. Operasjonsleder Tove Holst-Dyrnes forteller at det er mulig at ulykken har skjedd i forbindelse med en bilberging, men at det fremdeles er usikkert hva som har skjedd. <\/p>\n<p>\u2013 Det vi vet er at en person har kommet i klem under et kj\u00f8ret\u00f8y p\u00e5 en skogsvei. Det har v\u00e6rt flere vitner til hendelsen, sier hun.<\/p>\n<p>Politiet er p\u00e5 stedet. Personen er sendt med luftambulanse til St. Olavs Hospital i Trondheim. <\/p>\n<p>\u2013 Det fremst\u00e5r alvorlig. Mer informasjon om tilstanden har jeg ikke, sier Holst-Dyrnes, som legger til at hun p\u00e5 dette tidspunktet ikke \u00f8nsker \u00e5 g\u00e5 ut med kj\u00f8nn og alder p\u00e5 den skadde.<\/p>\n<p>Politiet mistenker at personer som var tilstede da politiet kom frem til ulykken, har kj\u00f8rt i rusp\u00e5virket tilstand. <\/p>\n","protected":false},"excerpt":{"rendered":"Klokken 04.00 melder politiet om en trafikkulykke i Surnadal. Operasjonsleder Tove Holst-Dyrnes forteller at det er mulig at&hellip;\n","protected":false},"author":2,"featured_media":4145,"comment_status":"","ping_status":"","sticky":false,"template":"","format":"standard","meta":{"footnotes":""},"categories":[10],"tags":[36,20,21,24,25,15,22,23,13,30,28,29,14,16,1510,1716,26,27,224,51],"class_list":{"0":"post-57816","1":"post","2":"type-post","3":"status-publish","4":"format-standard","5":"has-post-thumbnail","7":"category-norge","8":"tag-art","9":"tag-breaking-news","10":"tag-breakingnews","11":"tag-featured-news","12":"tag-featurednews","13":"tag-headlines","14":"tag-latest-news","15":"tag-latestnews","16":"tag-news","17":"tag-no","18":"tag-norge","19":"tag-norway","20":"tag-nyheter","21":"tag-overskrifter","22":"tag-story","23":"tag-surnadal","24":"tag-top-stories","25":"tag-topstories","26":"tag-trafikk","27":"tag-ulykke"},"share_on_mastodon":{"url":"","error":""},"_links":{"self":[{"href":"https:\/\/www.europesays.com\/no\/wp-json\/wp\/v2\/posts\/57816","targetHints":{"allow":["GET"]}}],"collection":[{"href":"https:\/\/www.europesays.com\/no\/wp-json\/wp\/v2\/posts"}],"about":[{"href":"https:\/\/www.europesays.com\/no\/wp-json\/wp\/v2\/types\/post"}],"author":[{"embeddable":true,"href":"https:\/\/www.europesays.com\/no\/wp-json\/wp\/v2\/users\/2"}],"replies":[{"embeddable":true,"href":"https:\/\/www.europesays.com\/no\/wp-json\/wp\/v2\/comments?post=57816"}],"version-history":[{"count":0,"href":"https:\/\/www.europesays.com\/no\/wp-json\/wp\/v2\/posts\/57816\/revisions"}],"wp:featuredmedia":[{"embeddable":true,"href":"https:\/\/www.europesays.com\/no\/wp-json\/wp\/v2\/media\/4145"}],"wp:attachment":[{"href":"https:\/\/www.europesays.com\/no\/wp-json\/wp\/v2\/media?parent=57816"}],"wp:term":[{"taxonomy":"category","embeddable":true,"href":"https:\/\/www.europesays.com\/no\/wp-json\/wp\/v2\/categories?post=57816"},{"taxonomy":"post_tag","embeddable":true,"href":"https:\/\/www.europesays.com\/no\/wp-json\/wp\/v2\/tags?post=57816"}],"curies":[{"name":"wp","href":"https:\/\/api.w.org\/{rel}","templated":true}]}}