{"id":57820,"date":"2025-10-11T05:58:07","date_gmt":"2025-10-11T05:58:07","guid":{"rendered":"https:\/\/www.europesays.com\/no\/57820\/"},"modified":"2025-10-11T05:58:07","modified_gmt":"2025-10-11T05:58:07","slug":"politi-helse-bil-kjorte-utenfor-og-trillet-rundt-pa-riksvei-80-sjafor-mistenkes-for-kjoring-i-ruspavirket-tilstand","status":"publish","type":"post","link":"https:\/\/www.europesays.com\/no\/57820\/","title":{"rendered":"Politi, Helse | Bil kj\u00f8rte utenfor og trillet rundt p\u00e5 riksvei 80 \u2013 sj\u00e5f\u00f8r mistenkes for kj\u00f8ring i rusp\u00e5virket tilstand"},"content":{"rendered":"\n<p>Der hadde ett kj\u00f8ret\u00f8y g\u00e5tt rundt p\u00e5 taket.<\/p>\n<p>\u2013 Tre personer involvert, alle ute av kj\u00f8ret\u00f8yet, meldte Thomas Jarn\u00e6s Coe ved politiets operasjonssentral. <\/p>\n<p>Han kunne videre fortelle at ulykken ikke fremsto som alvorlig. <\/p>\n<p>I en oppdatering meldte politiet klokken 01:54 at de jobbet med \u00e5 innhente informasjon om en av de involverte, som hadde forlatt stedet da n\u00f8detatene ankom. <\/p>\n<p>Samtidig meldte politiet at sj\u00e5f\u00f8ren mistenkes for kj\u00f8ring i rusp\u00e5virket tilstand. <\/p>\n<p>Klokken 02:13 meldte politiet at de hadde opprettet kontakt med den tredje involverte. <\/p>\n<p>\u2013 Alle tre formentlig uskadd, sj\u00e5f\u00f8ren tas med for bevissikring med tanke p\u00e5 beruselsesgrad.<\/p>\n","protected":false},"excerpt":{"rendered":"Der hadde ett kj\u00f8ret\u00f8y g\u00e5tt rundt p\u00e5 taket. \u2013 Tre personer involvert, alle ute av kj\u00f8ret\u00f8yet, meldte Thomas&hellip;\n","protected":false},"author":2,"featured_media":57821,"comment_status":"","ping_status":"","sticky":false,"template":"","format":"standard","meta":{"footnotes":""},"categories":[10],"tags":[36,20,21,8370,24,25,15,736,22,23,13,30,28,29,14,16,254,8595,1510,26,27],"class_list":{"0":"post-57820","1":"post","2":"type-post","3":"status-publish","4":"format-standard","5":"has-post-thumbnail","7":"category-norge","8":"tag-art","9":"tag-breaking-news","10":"tag-breakingnews","11":"tag-fauske","12":"tag-featured-news","13":"tag-featurednews","14":"tag-headlines","15":"tag-helse","16":"tag-latest-news","17":"tag-latestnews","18":"tag-news","19":"tag-no","20":"tag-norge","21":"tag-norway","22":"tag-nyheter","23":"tag-overskrifter","24":"tag-politi","25":"tag-riksvei-80","26":"tag-story","27":"tag-top-stories","28":"tag-topstories"},"share_on_mastodon":{"url":"","error":""},"_links":{"self":[{"href":"https:\/\/www.europesays.com\/no\/wp-json\/wp\/v2\/posts\/57820","targetHints":{"allow":["GET"]}}],"collection":[{"href":"https:\/\/www.europesays.com\/no\/wp-json\/wp\/v2\/posts"}],"about":[{"href":"https:\/\/www.europesays.com\/no\/wp-json\/wp\/v2\/types\/post"}],"author":[{"embeddable":true,"href":"https:\/\/www.europesays.com\/no\/wp-json\/wp\/v2\/users\/2"}],"replies":[{"embeddable":true,"href":"https:\/\/www.europesays.com\/no\/wp-json\/wp\/v2\/comments?post=57820"}],"version-history":[{"count":0,"href":"https:\/\/www.europesays.com\/no\/wp-json\/wp\/v2\/posts\/57820\/revisions"}],"wp:featuredmedia":[{"embeddable":true,"href":"https:\/\/www.europesays.com\/no\/wp-json\/wp\/v2\/media\/57821"}],"wp:attachment":[{"href":"https:\/\/www.europesays.com\/no\/wp-json\/wp\/v2\/media?parent=57820"}],"wp:term":[{"taxonomy":"category","embeddable":true,"href":"https:\/\/www.europesays.com\/no\/wp-json\/wp\/v2\/categories?post=57820"},{"taxonomy":"post_tag","embeddable":true,"href":"https:\/\/www.europesays.com\/no\/wp-json\/wp\/v2\/tags?post=57820"}],"curies":[{"name":"wp","href":"https:\/\/api.w.org\/{rel}","templated":true}]}}