{"id":57824,"date":"2025-10-11T06:19:09","date_gmt":"2025-10-11T06:19:09","guid":{"rendered":"https:\/\/www.europesays.com\/no\/57824\/"},"modified":"2025-10-11T06:19:09","modified_gmt":"2025-10-11T06:19:09","slug":"store-far-det-toft-i-stortinget","status":"publish","type":"post","link":"https:\/\/www.europesays.com\/no\/57824\/","title":{"rendered":"St\u00f8re f\u00e5r det t\u00f8ft i Stortinget"},"content":{"rendered":"\n<p class=\"_paragraph_o9xde_4 _paragraph_xtcu6_10 layout-component text-serif-m layout-normal text-serif-m layout-padded\">I dag er det Stortingets h\u00f8ytidelige \u00e5pning. Kongen leser trontalen, som egentlig er regjeringens arbeidsprogram for det neste \u00e5ret. Det er et nytt storting som trer sammen, der tapere og vinnere sitter side om side.<\/p>\n<p class=\"_paragraph_o9xde_4 _paragraph_xtcu6_10 layout-component text-serif-m layout-normal text-serif-m layout-padded\">Det er spesielt for Norge at stortingsrepresentantene sitter plassert etter hvor de kommer fra i landet, ikke hvilket parti de tilh\u00f8rer. I de fleste andre lands parlamenter sitter politikerne fordelt etter politisk st\u00e5sted.<\/p>\n<p class=\"_paragraph_o9xde_4 _paragraph_xtcu6_10 layout-component text-serif-m layout-normal text-serif-m layout-padded\">Mye av n\u00f8kkelen til v\u00e5r politiske kultur ligger antagelig her. En Frp\u2019er og en SV\u2019er kan dele pult gjennom fire \u00e5r. Det gir rom for samtaler om barn og barnebarn, om tr\u00f8bbel p\u00e5 hjemmebane, om livet sj\u00f8l. Slikt bygger respekt og tillit, p\u00e5 tvers av politiske skillelinjer.<\/p>\n<p>\u00d8nsker skattekommisjon<\/p>\n<p class=\"_paragraph_o9xde_4 _paragraph_xtcu6_10 layout-component text-serif-m layout-normal text-serif-m layout-padded\">Statsminister <a href=\"https:\/\/www.vg.no\/tag\/jonas-gahr-stoere?utm_source=vg-article&amp;utm_medium=auto-tagger&amp;utm_campaign=KMObLX\" class=\"_link_o9xde_39\" rel=\"nofollow noopener\" target=\"_blank\">Jonas Gahr St\u00f8re<\/a> og Ap er valgets vinner. Han fortsetter \u00e5 styre landet gjennom sin mindretallsregjeringmindretallsregjeringEn regjering som ikke har flertall av setene i parlamentet, og derfor m\u00e5 s\u00f8ke st\u00f8tte fra andre partier for \u00e5 f\u00e5 vedtatt sine forslag.. Men seiersrusen vil gi seg raskt. Det er et usedvanlig krevende politisk landskap St\u00f8re og hans folk m\u00e5 bevege seg i gjennom de neste fire \u00e5rene.<\/p>\n<p><img alt=\"Jonas Gahr St\u00f8re jublet valgkvelden, etter at Ap beholdt regjeringsmakten. Med seiersrusen kan gi seg raskt.  Foto: G\u00f8ran Bohlin \/ VG\" class=\"_image_qp4xg_65 layout-component layout-normal\" data-fullscreen- data-track-element-type=\"Article image fullscreen\" data-track-name=\"ImageFullscreen\" decoding=\"async\" loading=\"lazy\" height=\"5504\" itemprop=\"image\"  src=\"https:\/\/www.europesays.com\/no\/wp-content\/uploads\/2025\/10\/71f5513d-912c-4330-b564-c52320a1447f\"  style=\"object-position:0% 0%\" width=\"8256\"\/>Jonas Gahr St\u00f8re jublet valgkvelden, etter at Ap beholdt regjeringsmakten. Med seiersrusen kan gi seg raskt.  Foto: G\u00f8ran Bohlin \/ VG<\/p>\n<p class=\"_paragraph_o9xde_4 _paragraph_xtcu6_10 layout-component text-serif-m layout-normal text-serif-m layout-padded\">Det holder ikke lenger \u00e5 lene seg p\u00e5 SV og Sp for \u00e5 f\u00e5 gjennomslag for budsjetter og politiske saker. Sammen med de to hadde Ap flertall i Stortinget i forrige periode. N\u00e5 m\u00e5 St\u00f8re og hans folk forholde seg til flere partier for \u00e5 f\u00e5 gjennom sin politikk.<\/p>\n<p class=\"_paragraph_o9xde_4 _paragraph_xtcu6_10 layout-component text-serif-m layout-normal text-serif-m layout-padded\">Det gir dem ogs\u00e5 st\u00f8rre frihet. For eksempel i skattepolitikken. Finansminister Jens Stoltenberg inviterte allerede denne v\u00e5ren til et bredt skatteforlik. Han \u00f8nsker fortsatt \u00e5 sette ned en skattekommisjon som kan legge grunnlag for et slikt forlikforlikEn avtale mellom politiske partier for \u00e5 komme til enighet om en sak, ofte brukt for \u00e5 sikre bred st\u00f8tte i parlamentet..<\/p>\n<p>Pensjonsreformen<\/p>\n<p class=\"_paragraph_o9xde_4 _paragraph_xtcu6_10 layout-component text-serif-m layout-normal text-serif-m layout-padded\">Opposisjonen, med Frp, H\u00f8yre, KrF og Venstre,<a href=\"https:\/\/www.vg.no\/nyheter\/i\/QMd7WW\/borgerlig-samling-om-skattestrategi\" data-track-element-type=\"Link\" data-track-id=\"link:QMd7WW\" class=\"_link_o9xde_39\" rel=\"nofollow noopener\" target=\"_blank\"> vil ikke ha en kommisjon<\/a>. De vil ha et forlik, forhandlet frem direkte i Stortinget.<\/p>\n<p class=\"_paragraph_o9xde_4 _paragraph_xtcu6_10 layout-component text-serif-m layout-normal text-serif-m layout-padded\">I utgangspunktet kan dette h\u00f8res ut som uvesentlig mikkmakk. Men prosessen teller. En kommisjon best\u00e5r av fagfolk, og ofte tidligere politikere, som kan l\u00f8fte blikket, l\u00f8srevet fra det daglige politiske arbeidet. Medlemmene kan i fortrolighet lufte ulike ideer, uten at de risikerer at politiske motstandere bruker det mot dem ved en senere anledning.<\/p>\n<p><img alt=\"Nestleder Abid Raja (Venstre) (og fra venstre:) 1. nestleder Hans Andreas Limi (Frp), finanspolitisk talsperson i H\u00f8yre, Nikolai Astrup og 1. nestleder Ida Lindtveit R\u00f8se i KrF avviser Stoltenbergs invitt til \u00e5 sette ned en skattekommisjon.  Foto: Helge Mikalsen \/ VG\" class=\"_image_qp4xg_65 layout-component layout-normal\" data-fullscreen- data-track-element-type=\"Article image fullscreen\" data-track-name=\"ImageFullscreen\" decoding=\"async\" loading=\"lazy\" height=\"5504\" itemprop=\"image\"  src=\"https:\/\/www.europesays.com\/no\/wp-content\/uploads\/2025\/10\/658fe012-8402-4d98-92a1-ee9639e0ad97\"  style=\"object-position:0% 0%\" width=\"8154\"\/>Nestleder Abid Raja (Venstre) (og fra venstre:) 1. nestleder Hans Andreas Limi (Frp), finanspolitisk talsperson i H\u00f8yre, Nikolai Astrup og 1. nestleder Ida Lindtveit R\u00f8se i KrF avviser Stoltenbergs invitt til \u00e5 sette ned en skattekommisjon.  Foto: Helge Mikalsen \/ VG<\/p>\n<p class=\"_paragraph_o9xde_4 _paragraph_xtcu6_10 layout-component text-serif-m layout-normal text-serif-m layout-padded\">Kommisjoner som leder til brede forlik er bra. Et av de viktigste forlikene i nyere tid er pensjonsreformenpensjonsreformenEn omfattende endring av pensjonssystemet for \u00e5 sikre at det er b\u00e6rekraftig og kan gi pensjoner til fremtidige generasjoner.. Den ble p\u00e5begynt av Stoltenbergs f\u00f8rste regjering, i 2001, med en pensjonskommisjon. Sentrumsregjeringen til KrFs Kjell Magne Bondevik fulgte opp med en stortingsmelding,stortingsmelding, En rapport fra regjeringen til Stortinget som beskriver en sak eller et forslag som skal diskuteres. f\u00f8r Stoltenberg la de siste delene p\u00e5 plass da han var tilbake som statsminister i \u00e5rene 2005 til 2013.<\/p>\n<p class=\"_paragraph_o9xde_4 _paragraph_xtcu6_10 layout-component text-serif-m layout-normal text-serif-m layout-padded\">N\u00e5 er pensjonsreformen for alle praktiske form\u00e5l gjennomf\u00f8rt. Resultatet er et system som sikrer at fremtidige generasjoner kan stole p\u00e5 at b\u00e5de pensjonssystemet og velferdsstaten b\u00e6rer, ogs\u00e5 for dem.<\/p>\n<p>Styrke og selvtillit<\/p>\n<p class=\"_paragraph_o9xde_4 _paragraph_xtcu6_10 layout-component text-serif-m layout-normal text-serif-m layout-padded\">Forsvarsforliket fra forrige stortingsperiode er et annet viktig eksempel. Alle partiene stilte seg bak dette. En slik enighet er avgj\u00f8rende i m\u00f8te med et aggressivt Russland p\u00e5 den andre siden av grensen.<\/p>\n<p class=\"_paragraph_o9xde_4 _paragraph_xtcu6_10 layout-component text-serif-m layout-normal text-serif-m layout-padded\">Tradisjonelt har Ap og H\u00f8yre, de to store ansvarlige partiene, v\u00e6rt kjernen n\u00e5r Stortinget har samlet seg bak brede reformer. Det krever styrke og selvtillit, fordi alle parter m\u00e5 gi fra seg noen av sine hjertesaker for \u00e5 f\u00e5 en helhet alle kan leve med.<\/p>\n<p><img alt=\"Jens Stoltenberg satte igang arbeidet med en pensjonsreform da han var statsminister f\u00f8rste gang, i 2001.  Foto: Nils Bj\u00e5land \/ VG\" class=\"_image_qp4xg_65 layout-component layout-normal\" data-fullscreen- data-track-element-type=\"Article image fullscreen\" data-track-name=\"ImageFullscreen\" decoding=\"async\" loading=\"lazy\" height=\"2048\" itemprop=\"image\"  src=\"https:\/\/www.europesays.com\/no\/wp-content\/uploads\/2025\/10\/dd20a06e-a57a-47a3-8454-13bfcf0b1a7b\"  style=\"object-position:0% 0%\" width=\"3072\"\/>Jens Stoltenberg satte igang arbeidet med en pensjonsreform da han var statsminister f\u00f8rste gang, i 2001.  Foto: Nils Bj\u00e5land \/ VG<\/p>\n<p class=\"_paragraph_o9xde_4 _paragraph_xtcu6_10 layout-component text-serif-m layout-normal text-serif-m layout-padded\">Etter Aps valgnederlag i 2017, var <a href=\"https:\/\/www.aftenposten.no\/norge\/politikk\/i\/l6o3M\/stoere-faerre-forlik-med-hoeyre-og-frp-fremover\" class=\"_link_o9xde_39\" rel=\"nofollow noopener\" target=\"_blank\">St\u00f8res konklusjon<\/a> at partiet hadde inng\u00e5tt for mange forlik med den H\u00f8yre-ledede regjeringen til Erna Solberg. Han mente at Ap m\u00e5tte finpusse sin egen profil, slutte \u00e5 viske ut seg selv ved \u00e5 ta ansvar gjennom brede og samlende l\u00f8sninger. Det endte i en langvarig \u00f8rkenvandring, f\u00f8r Ap fant tilbake til seg selv.<\/p>\n<p>Vanskelig med svakt H\u00f8yre<\/p>\n<p class=\"_paragraph_o9xde_4 _paragraph_xtcu6_10 layout-component text-serif-m layout-normal text-serif-m layout-padded\">N\u00e5 er rollene byttet om. N\u00e5 er det H\u00f8yre som er i krise, med et elendig valgresultat bak seg, og en leder p\u00e5 vei ut. Og med et rekordstort Frp til h\u00f8yre for seg, som trolig er mer opptatt av egen profil enn av \u00e5 samarbeide med andre partier.<\/p>\n<p class=\"_paragraph_o9xde_4 _paragraph_xtcu6_10 layout-component text-serif-m layout-normal text-serif-m layout-padded\">H\u00f8yre-folk ser seg selv som ansvarlige styringspolitikere. Som tar ansvar, ogs\u00e5 n\u00e5r det koster. For eksempel ved \u00e5 inng\u00e5 forlik som kan v\u00e6re n\u00f8dvendige, men upopul\u00e6re.<\/p>\n<p class=\"_paragraph_o9xde_4 _paragraph_xtcu6_10 layout-component text-serif-m layout-normal text-serif-m layout-padded\">Det blir vanskeligere n\u00e5r H\u00f8yre er s\u00e5 svake som n\u00e5.<\/p>\n<p><img alt=\"H\u00f8yre er p\u00e5 sitt svakeste p\u00e5 mange \u00e5r, med et elendig valgresultat, og partileder Erna Solberg p\u00e5 vei ut.  Foto: Helge Mikalsen \/ VG\" class=\"_image_qp4xg_65 layout-component layout-normal\" data-fullscreen- data-track-element-type=\"Article image fullscreen\" data-track-name=\"ImageFullscreen\" decoding=\"async\" loading=\"lazy\" height=\"5504\" itemprop=\"image\"  src=\"https:\/\/www.europesays.com\/no\/wp-content\/uploads\/2025\/10\/41122007-451e-4899-87d2-dfdffb4c5f16\"  style=\"object-position:0% 0%\" width=\"8256\"\/>H\u00f8yre er p\u00e5 sitt svakeste p\u00e5 mange \u00e5r, med et elendig valgresultat, og partileder Erna Solberg p\u00e5 vei ut.  Foto: Helge Mikalsen \/ VG<\/p>\n<p class=\"_paragraph_o9xde_4 _paragraph_xtcu6_10 layout-component text-serif-m layout-normal text-serif-m layout-padded\">Men Ap kommer til \u00e5 trenge H\u00f8yre. Flere av partiene p\u00e5 Aps side av streken er motstandere av E\u00d8S-avtalenE\u00d8S-avtalenEn avtale som gir Norge tilgang til EUs indre marked, men som ogs\u00e5 inneb\u00e6rer at Norge m\u00e5 f\u00f8lge mange av EUs regler., og vil ikke ha et tettere samarbeid med EU om for eksempel energi. H\u00f8yre og Ap m\u00e5 st\u00e5 sammen dersom Norges forhold til EU ikke skal svekkes. Tvert om, vi trenger et enda tettere forhold til den europeiske unionen i \u00e5rene fremover.<\/p>\n<p>Sm\u00e5 hilsener<\/p>\n<p class=\"_paragraph_o9xde_4 _paragraph_xtcu6_10 layout-component text-serif-m layout-normal text-serif-m layout-padded\">St\u00f8re og hans regjering m\u00e5 balansere. B\u00e5de i ord, som i trontalentrontalenEn tale holdt av kongen ved \u00e5pningen av Stortinget, som presenterer regjeringens planer for det kommende \u00e5ret. i dag. Og i handlinger. De m\u00e5 sende sm\u00e5 hilsener til de fire partiene som vil ha St\u00f8re som statsminister. Og til partiene p\u00e5 den andre siden, som Ap-folket vet at de kommer til \u00e5 trenge.<\/p>\n<p class=\"_paragraph_o9xde_4 _paragraph_xtcu6_10 layout-component text-serif-m layout-normal text-serif-m layout-padded\">For eksempel dersom de skal pr\u00f8ve \u00e5 f\u00e5 til en bred skattereform. Eller en omfattende helsereform, slik helseminister Jan Christian Vestre dr\u00f8mmer om.<\/p>\n<p class=\"_paragraph_o9xde_4 _paragraph_xtcu6_10 layout-component text-serif-m layout-normal text-serif-m layout-padded\">St\u00f8re kan pr\u00f8ve \u00e5 fl\u00f8rte litt til alle kanter. Men det er ikke gitt at beilerne st\u00e5r og venter. Eller at han s\u00f8ml\u00f8st kan s\u00f8ke st\u00f8tte fra side til side i ulike saker, uten at det f\u00e5r konsekvenser for samarbeidsklimaet p\u00e5 hans side av streken.<\/p>\n<p class=\"_paragraph_o9xde_4 _paragraph_xtcu6_10 layout-component text-serif-m layout-normal text-serif-m layout-padded\">Neste uke kommer regjeringens forslag til statsbudsjettstatsbudsjett Regjeringens plan for statens inntekter og utgifter for det kommende \u00e5ret, som m\u00e5 godkjennes av Stortinget.. Det kan bli t\u00f8ft, dette. Med mer skvis enn moro.<\/p>\n<p>    Dette er en kommentar. Kommentaren gir uttrykk for skribentens holdning. <\/p>\n","protected":false},"excerpt":{"rendered":"I dag er det Stortingets h\u00f8ytidelige \u00e5pning. Kongen leser trontalen, som egentlig er regjeringens arbeidsprogram for det neste&hellip;\n","protected":false},"author":2,"featured_media":57825,"comment_status":"","ping_status":"","sticky":false,"template":"","format":"standard","meta":{"footnotes":""},"categories":[10],"tags":[20,21,24,25,15,201,22,23,13,30,28,29,14,16,4505,333,26,27,103],"class_list":{"0":"post-57824","1":"post","2":"type-post","3":"status-publish","4":"format-standard","5":"has-post-thumbnail","7":"category-norge","8":"tag-breaking-news","9":"tag-breakingnews","10":"tag-featured-news","11":"tag-featurednews","12":"tag-headlines","13":"tag-jonas-gahr-store","14":"tag-latest-news","15":"tag-latestnews","16":"tag-news","17":"tag-no","18":"tag-norge","19":"tag-norway","20":"tag-nyheter","21":"tag-overskrifter","22":"tag-skattepolitikk","23":"tag-stortinget","24":"tag-top-stories","25":"tag-topstories","26":"tag-vgmeninger"},"share_on_mastodon":{"url":"","error":""},"_links":{"self":[{"href":"https:\/\/www.europesays.com\/no\/wp-json\/wp\/v2\/posts\/57824","targetHints":{"allow":["GET"]}}],"collection":[{"href":"https:\/\/www.europesays.com\/no\/wp-json\/wp\/v2\/posts"}],"about":[{"href":"https:\/\/www.europesays.com\/no\/wp-json\/wp\/v2\/types\/post"}],"author":[{"embeddable":true,"href":"https:\/\/www.europesays.com\/no\/wp-json\/wp\/v2\/users\/2"}],"replies":[{"embeddable":true,"href":"https:\/\/www.europesays.com\/no\/wp-json\/wp\/v2\/comments?post=57824"}],"version-history":[{"count":0,"href":"https:\/\/www.europesays.com\/no\/wp-json\/wp\/v2\/posts\/57824\/revisions"}],"wp:featuredmedia":[{"embeddable":true,"href":"https:\/\/www.europesays.com\/no\/wp-json\/wp\/v2\/media\/57825"}],"wp:attachment":[{"href":"https:\/\/www.europesays.com\/no\/wp-json\/wp\/v2\/media?parent=57824"}],"wp:term":[{"taxonomy":"category","embeddable":true,"href":"https:\/\/www.europesays.com\/no\/wp-json\/wp\/v2\/categories?post=57824"},{"taxonomy":"post_tag","embeddable":true,"href":"https:\/\/www.europesays.com\/no\/wp-json\/wp\/v2\/tags?post=57824"}],"curies":[{"name":"wp","href":"https:\/\/api.w.org\/{rel}","templated":true}]}}