{"id":57832,"date":"2025-10-11T06:49:09","date_gmt":"2025-10-11T06:49:09","guid":{"rendered":"https:\/\/www.europesays.com\/no\/57832\/"},"modified":"2025-10-11T06:49:09","modified_gmt":"2025-10-11T06:49:09","slug":"ette-var-skivebom-mads-hansen","status":"publish","type":"post","link":"https:\/\/www.europesays.com\/no\/57832\/","title":{"rendered":"ette var skivebom, Mads Hansen"},"content":{"rendered":"\n<p class=\"_lead_o9xde_2 _lead_xtcu6_50 layout-component text-serif-m layout-normal text-serif-l layout-component layout-wide layout-padded _wide_17hqh_1 layout-padded\">Mads Hansen bommer totalt n\u00e5r han snakker om hvem som \u00abhar lov\u00bb til \u00e5 dele treningsresultatene sine.<\/p>\n<p><img alt=\"KRITISK: Lea Steen er kritisk til Mads Hansens podkast-uttalelser. Foto: Elfi Leinan \/ VG\" class=\"_image_qp4xg_65 layout-component layout-wide\" data-fullscreen- data-track-element-type=\"Article image fullscreen\" data-track-name=\"ImageFullscreen\" fetchpriority=\"high\" decoding=\"sync\" loading=\"eager\" height=\"5304\" itemprop=\"image\"  src=\"https:\/\/www.europesays.com\/no\/wp-content\/uploads\/2025\/10\/508e846c-47d7-4207-8f10-e1c410e4b99c\"  style=\"object-position:59.50075452716298% 54.48717948717948%\" width=\"7952\"\/>KRITISK: Lea Steen er kritisk til Mads Hansens podkast-uttalelser. Foto: Elfi Leinan \/ VGL\u00f8rdag 11. oktober kl. 08:30     <img decoding=\"async\" alt=\"Bilde av Av: LEA STEEN\" class=\"_image_ygndg_42\" height=\"42\" itemprop=\"image\" loading=\"lazy\"  src=\"https:\/\/www.europesays.com\/no\/wp-content\/uploads\/2025\/10\/93190c15-b323-45ab-8284-50bc9553a5cf\"  width=\"40\"\/><strong class=\"_name_ygndg_51 title-serif-xs\">Av: LEA STEEN<\/strong><\/p>\n<p class=\"_paragraph_o9xde_4 text-sans-m _description_ygndg_56\">Sosiale medier-profil med master i idrettsvitenskap<\/p>\n<p class=\"_paragraph_o9xde_4 _paragraph_xtcu6_10 layout-component text-serif-m layout-normal text-serif-m layout-padded\">\u00abHvis du skal ha lov til \u00e5 legge ut noe m\u00e5 du godt ned p\u00e5 30-tallet p\u00e5 mila\u00bb, sa <a href=\"https:\/\/www.vg.no\/tag\/mads-hansen?utm_source=vg-article&amp;utm_medium=auto-tagger&amp;utm_campaign=qP2ynL\" class=\"_link_o9xde_39\" rel=\"nofollow noopener\" target=\"_blank\">Mads Hansen<\/a> i Sp\u00e5rtskluben-podkasten tidligere i h\u00f8st. <\/p>\n<p class=\"_paragraph_o9xde_4 _paragraph_xtcu6_10 layout-component text-serif-m layout-normal text-serif-m layout-padded\">Klippet har f\u00e5tt mange visninger &#8211; og reaksjoner &#8211; p\u00e5 sosiale medier i ettertid.<\/p>\n<p class=\"_paragraph_o9xde_4 _paragraph_xtcu6_10 layout-component text-serif-m layout-normal text-serif-m layout-padded\">Mads Hansen, du har av og til noen gode poeng, men dette var skivebom.<\/p>\n<p class=\"_paragraph_o9xde_4 _paragraph_xtcu6_10 layout-component text-serif-m layout-normal text-serif-m layout-padded\">Er det \u00e9n ting vi b\u00f8r heie frem og normalisere, s\u00e5 er det de som deler av sin treningsreise uavhengig av niv\u00e5.<\/p>\n<p class=\"_paragraph_o9xde_4 _paragraph_xtcu6_10 layout-component text-serif-m layout-normal text-serif-m layout-padded\">Dette senker skammen og inspirerer flere.<\/p>\n<p class=\"_paragraph_o9xde_4 _paragraph_xtcu6_10 layout-component text-serif-m layout-normal text-serif-m layout-padded\">Mads, vi vet at du er glad i \u00e5 provosere og \u00e5 sette ting p\u00e5 spissen \u00abmed glimt i \u00f8yet\u00bb.<\/p>\n<p class=\"_paragraph_o9xde_4 _paragraph_xtcu6_10 layout-component text-serif-m layout-normal text-serif-m layout-padded\">Problemet her er effekten av budskapet som sendes ut.<\/p>\n<p class=\"_paragraph_o9xde_4 _paragraph_xtcu6_10 layout-component text-serif-m layout-normal text-serif-m layout-padded\"><strong class=\"_strong_o9xde_25\">Jeg forst\u00e5r humoren i overdrevet fokus p\u00e5 dyrt utstyr og treningsplanlegging kombinert med tilsynelatende ordin\u00e6re resultater. <\/strong><\/p>\n<p class=\"_paragraph_o9xde_4 _paragraph_xtcu6_10 layout-component text-serif-m layout-normal text-serif-m layout-padded\">Men her er det ikke bare de s\u00e5kalte \u00abrunfluencerne\u00bb du n\u00e5r ut til.<\/p>\n<p class=\"_paragraph_o9xde_4 _paragraph_xtcu6_10 layout-component text-serif-m layout-normal text-serif-m layout-padded\">Ved \u00e5 latterliggj\u00f8re \u00abvanlige\u00bb treningsprestasjoner, er du med p\u00e5 \u00e5 \u00f8ke prestasjonspresset, samt gj\u00f8re terskelen h\u00f8yere for dem som st\u00e5r p\u00e5 startstreken.<\/p>\n<p class=\"_paragraph_o9xde_4 _paragraph_xtcu6_10 layout-component text-serif-m layout-normal text-serif-m layout-padded\">L\u00f8ping har blitt trendy.<\/p>\n<p class=\"_paragraph_o9xde_4 _paragraph_xtcu6_10 layout-component text-serif-m layout-normal text-serif-m layout-padded\">Det florerer av tips om rutiner, \u00f8velser og utstyr i sosiale medier og flere og flere deler av sin treningsreise.<\/p>\n<p class=\"_paragraph_o9xde_4 _paragraph_xtcu6_10 layout-component text-serif-m layout-normal text-serif-m layout-padded\">Noen l\u00f8per mila p\u00e5 en halvtime, andre p\u00e5 det dobbelte og noen deler sitt livs f\u00f8rste l\u00f8petur.<\/p>\n<p class=\"_paragraph_o9xde_4 _paragraph_xtcu6_10 layout-component text-serif-m layout-normal text-serif-m layout-padded\">Og takk og lov for det.<\/p>\n<p class=\"_paragraph_o9xde_4 _paragraph_xtcu6_10 layout-component text-serif-m layout-normal text-serif-m layout-padded\">Da jeg skrev <a href=\"https:\/\/uis.brage.unit.no\/uis-xmlui\/bitstream\/handle\/11250\/3206465\/no.uis%3ainspera%3a350203651%3a182180747.pdf?sequence=1&amp;isAllowed=y\" class=\"_link_o9xde_39\" rel=\"nofollow noopener\" target=\"_blank\">min master i idrettsvitenskap<\/a>, fordypet jeg meg i treningspress, kroppspress og<br \/>bruk av sosiale medier blant unge.<\/p>\n<p class=\"_paragraph_o9xde_4 _paragraph_xtcu6_10 layout-component text-serif-m layout-normal text-serif-m layout-padded\">Funnene mine var ikke sjokkerende.<\/p>\n<p class=\"_paragraph_o9xde_4 _paragraph_xtcu6_10 layout-component text-serif-m layout-normal text-serif-m layout-padded\">Bruken av sosiale medier er voksende, og ungdommen anser plattformene for \u00e5 v\u00e6re gode kilder til underholdning, informasjon og inspirasjon.<\/p>\n<p class=\"_paragraph_o9xde_4 _paragraph_xtcu6_10 layout-component text-serif-m layout-normal text-serif-m layout-padded\">Her f\u00f8lger de personer som \u00f8nsker \u00e5 dele av sitt liv, blant annet disse runfluencerne som deler sin treningshverdag.<\/p>\n<p class=\"_paragraph_o9xde_4 _paragraph_xtcu6_10 layout-component text-serif-m layout-normal text-serif-m layout-padded\">Feeden fylles av \u00abperfekte\u00bb kropper og imponerende prestasjoner.<\/p>\n<p><img alt=\"L\u00d8PEB\u00d8LGE: \u00abDet florerer av tips om rutiner, \u00f8velser og utstyr i sosiale medier og flere og flere deler av sin treningsreise\u00bb, skriver Lea Steen.  Foto: \u00a0Duane Saunders\" class=\"_image_qp4xg_65 layout-component layout-normal\" data-fullscreen- data-track-element-type=\"Article image fullscreen\" data-track-name=\"ImageFullscreen\" decoding=\"async\" loading=\"lazy\" height=\"1648\" itemprop=\"image\"  src=\"https:\/\/www.europesays.com\/no\/wp-content\/uploads\/2025\/10\/cddd1d36-7f3d-4908-bb16-54703998ad26\"  style=\"object-position:57.14962121212122% 48.63470873786408%\" width=\"1056\"\/>L\u00d8PEB\u00d8LGE: \u00abDet florerer av tips om rutiner, \u00f8velser og utstyr i sosiale medier og flere og flere deler av sin treningsreise\u00bb, skriver Lea Steen.  Foto: \u00a0Duane Saunders<\/p>\n<p class=\"_paragraph_o9xde_4 _paragraph_xtcu6_10 layout-component text-serif-m layout-normal text-serif-m layout-padded\">Som en av idrettselevene jeg intervjuet sa: \u00abSelv om man ikke vil, s\u00e5 sammenligner man seg jo\u00bb.<\/p>\n<p class=\"_paragraph_o9xde_4 _paragraph_xtcu6_10 layout-component text-serif-m layout-normal text-serif-m layout-padded\">Denne sammenligningen kan f\u00f8re til \u00f8kt kroppsmisn\u00f8ye og svakere selvbilde. Tenk om det bare var de som l\u00f8per milen p\u00e5 SUB30 som delte?<\/p>\n<p class=\"_paragraph_o9xde_4 _paragraph_xtcu6_10 layout-component text-serif-m layout-normal text-serif-m layout-padded\">Vi trenger forbilder \u00e5 se opp til og folk \u00e5 kjenne oss igjen i. Dette skaper motivasjon.<\/p>\n<p class=\"_paragraph_o9xde_4 _paragraph_xtcu6_10 layout-component text-serif-m layout-normal text-serif-m layout-padded\">Derfor b\u00f8r m\u00e5let v\u00e6re klart: oppfordre, inspirere og gi folk l\u00f8peglede, ikke latterliggj\u00f8re dem som gj\u00f8r det.<\/p>\n<p><img alt=\"VIL NORMALISERE ULIKE NIV\u00c5ER: \u00abVed \u00e5 latterliggj\u00f8re \u00abvanlige\u00bb treningsprestasjoner, er du med p\u00e5 \u00e5 \u00f8ke prestasjonspresset, samt gj\u00f8re terskelen h\u00f8yere for dem som st\u00e5r p\u00e5 startstreken\u00bb, skriver Lea Steen.  Foto: Privat\" class=\"_image_qp4xg_65 layout-component layout-normal\" data-fullscreen- data-track-element-type=\"Article image fullscreen\" data-track-name=\"ImageFullscreen\" decoding=\"async\" loading=\"lazy\" height=\"5472\" itemprop=\"image\"  src=\"https:\/\/www.europesays.com\/no\/wp-content\/uploads\/2025\/10\/23154e0c-b393-4438-9dab-3605c728deb5\"  style=\"object-position:0% 0%\" width=\"3648\"\/>VIL NORMALISERE ULIKE NIV\u00c5ER: \u00abVed \u00e5 latterliggj\u00f8re \u00abvanlige\u00bb treningsprestasjoner, er du med p\u00e5 \u00e5 \u00f8ke prestasjonspresset, samt gj\u00f8re terskelen h\u00f8yere for dem som st\u00e5r p\u00e5 startstreken\u00bb, skriver Lea Steen.  Foto: Privat<\/p>\n<p class=\"_paragraph_o9xde_4 _paragraph_xtcu6_10 layout-component text-serif-m layout-normal text-serif-m layout-padded\">Til deg som vil i gang med trening: Nei, det er ikke vanlig eller forventet \u00e5 l\u00f8pe en mil langt<br \/>nede p\u00e5 30-tallet.<\/p>\n<p class=\"_paragraph_o9xde_4 _paragraph_xtcu6_10 layout-component text-serif-m layout-normal text-serif-m layout-padded\">Alle starter et sted.<\/p>\n<p class=\"_paragraph_o9xde_4 _paragraph_xtcu6_10 layout-component text-serif-m layout-normal text-serif-m layout-padded\">Velg den aktivitetsformen som gir deg glede, alt m\u00e5 ikke m\u00e5les.<\/p>\n<p class=\"_paragraph_o9xde_4 _paragraph_xtcu6_10 layout-component text-serif-m layout-normal text-serif-m layout-padded\">Og hvis du vil dele: Gj\u00f8r det.<\/p>\n<p class=\"_paragraph_o9xde_4 _paragraph_xtcu6_10 layout-component text-serif-m layout-normal text-serif-m layout-padded\">Vi trenger flere som deg.<\/p>\n<p class=\"_paragraph_o9xde_4 _paragraph_xtcu6_10 layout-component text-serif-m layout-normal text-serif-m layout-padded\">Vi trenger runfluencere p\u00e5 alle niv\u00e5er.<\/p>\n<p class=\"_paragraph_o9xde_4 _paragraph_xtcu6_10 layout-component text-serif-m layout-normal text-serif-m layout-padded\"><strong class=\"_strong_o9xde_25\">Vi trenger flere av dem som deler sine f\u00f8rste joggeturer. Du inspirerer flere enn du tror.<\/strong><\/p>\n<p>      Dette er en kronikk. Kronikken gir uttrykk for skribentens holdning. Du kan sende inn kronikker og debattinnlegg til <a class=\"_link_jv5ak_10\" href=\"https:\/\/www.vg.no\/nyheter\/i\/qP2ynL\/mailto:debatt@vg.no\" rel=\"nofollow noopener\" target=\"_blank\">debatt@vg.no<\/a>. Unge meninger-prosjektet er finansiert med st\u00f8tte av Stiftelsen Tinius. <a class=\"_link_jv5ak_10\" href=\"https:\/\/www.vg.no\/informasjon\/redaksjonelle-avgjorelser\/240\" rel=\"nofollow noopener\" target=\"_blank\">Les mer<\/a>. <\/p>\n","protected":false},"excerpt":{"rendered":"Mads Hansen bommer totalt n\u00e5r han snakker om hvem som \u00abhar lov\u00bb til \u00e5 dele treningsresultatene sine. KRITISK:&hellip;\n","protected":false},"author":2,"featured_media":57833,"comment_status":"","ping_status":"","sticky":false,"template":"","format":"standard","meta":{"footnotes":""},"categories":[59],"tags":[8596,727,5164,30,28,29,3222,83,82,2144,723,103],"class_list":{"0":"post-57832","1":"post","2":"type-post","3":"status-publish","4":"format-standard","5":"has-post-thumbnail","7":"category-sport","8":"tag-kroppspress","9":"tag-loping","10":"tag-mads-hansen","11":"tag-no","12":"tag-norge","13":"tag-norway","14":"tag-sosiale-medier","15":"tag-sport","16":"tag-sports","17":"tag-strava","18":"tag-trening","19":"tag-vgmeninger"},"share_on_mastodon":{"url":"","error":""},"_links":{"self":[{"href":"https:\/\/www.europesays.com\/no\/wp-json\/wp\/v2\/posts\/57832","targetHints":{"allow":["GET"]}}],"collection":[{"href":"https:\/\/www.europesays.com\/no\/wp-json\/wp\/v2\/posts"}],"about":[{"href":"https:\/\/www.europesays.com\/no\/wp-json\/wp\/v2\/types\/post"}],"author":[{"embeddable":true,"href":"https:\/\/www.europesays.com\/no\/wp-json\/wp\/v2\/users\/2"}],"replies":[{"embeddable":true,"href":"https:\/\/www.europesays.com\/no\/wp-json\/wp\/v2\/comments?post=57832"}],"version-history":[{"count":0,"href":"https:\/\/www.europesays.com\/no\/wp-json\/wp\/v2\/posts\/57832\/revisions"}],"wp:featuredmedia":[{"embeddable":true,"href":"https:\/\/www.europesays.com\/no\/wp-json\/wp\/v2\/media\/57833"}],"wp:attachment":[{"href":"https:\/\/www.europesays.com\/no\/wp-json\/wp\/v2\/media?parent=57832"}],"wp:term":[{"taxonomy":"category","embeddable":true,"href":"https:\/\/www.europesays.com\/no\/wp-json\/wp\/v2\/categories?post=57832"},{"taxonomy":"post_tag","embeddable":true,"href":"https:\/\/www.europesays.com\/no\/wp-json\/wp\/v2\/tags?post=57832"}],"curies":[{"name":"wp","href":"https:\/\/api.w.org\/{rel}","templated":true}]}}