{"id":57847,"date":"2025-10-11T07:08:09","date_gmt":"2025-10-11T07:08:09","guid":{"rendered":"https:\/\/www.europesays.com\/no\/57847\/"},"modified":"2025-10-11T07:08:09","modified_gmt":"2025-10-11T07:08:09","slug":"har-lagt-landet-helt-apent-dagbladet","status":"publish","type":"post","link":"https:\/\/www.europesays.com\/no\/57847\/","title":{"rendered":"&#8211; Har lagt landet helt \u00e5pent &#8211; Dagbladet"},"content":{"rendered":"<ol>\n<li><a href=\"https:\/\/news.google.com\/rss\/articles\/CBMid0FVX3lxTE85eUZMbUNWeDdWemxYM1ZxM3VNa2xPbHdhWm9pX0U2dHJycUFVc25nSUJPVzJHZUQ0Nzd3S2JiOU9CMHJSc0J5Ml91OGkyclQ4eEpzX2RIN0hjVF9nUDBIY1Z2cXNGeW9MRFV5QjA0QW13TW4wR0Fn?oc=5\" target=\"_blank\" rel=\"nofollow noopener\">&#8211; Har lagt landet helt \u00e5pent<\/a>&nbsp;&nbsp;Dagbladet<\/li>\n<li><a href=\"https:\/\/news.google.com\/rss\/articles\/CBMirgFBVV95cUxPZ3A2bVVTY01vVTdGWGtMckJSaGdkS0RQVG9MX19zOFdibFZFc1VXblBsV0tmVHhaS2NJZG9nTFctRlpWUFFrNElxQTNzaXQxRXNzTjVhVGdUSVhwUTRYWVZyOEpod09vVl9XNF9rUUJ5VUwtRHB3c0VEYVU3TThGai1uWWVKemxGMVNBQkNqMWF1UUh4VEZNNFZ1dFkzTTVLc1dta2pDZWdvckxmZWc?oc=5\" target=\"_blank\" rel=\"nofollow noopener\">\u2013 Granater og v\u00e5pen, hva er det egentlig som skjer med barna v\u00e5re?<\/a>&nbsp;&nbsp;Bergens Tidende<\/li>\n<li><a href=\"https:\/\/news.google.com\/rss\/articles\/CBMixgFBVV95cUxNZVl5cnhJX3JSNWEyb3ZZNEhuNHhLcFFZLWs2RjhGYnVOVGUxVjdQZEpJWE1YNGRQNTI4ZmppUElWSlc3N09hSFQ3SHZZRVczTDN4OTZjWElxNGhhUUtZdXFmRXhpX3pZcHA5T3RQenBhaWdPVUxqSkVzdVVUclE1eGdzbjkwa2hNcXdUQ2NDN0lRX0l2NUVja0c4NTE4VGNsMjRRZG44aXhyckNhNnY0M0R3RHZIbmk2cVBJR0FXMzQ2dkJqQ2c?oc=5\" target=\"_blank\" rel=\"nofollow noopener\">Ungdommer \u00f8nsker seg strengere regler: \u2013 Forferdelig at unge barn kan bli kontaktet av kriminelle<\/a>&nbsp;&nbsp;Romerikes Blad<\/li>\n<li><a href=\"https:\/\/news.google.com\/rss\/articles\/CBMi8wFBVV95cUxPbTRRSEE0NUxjbFBoa1dRY3RNeGtUUGZXUmM0RW5qV2VDNkp0ZXVNSUNscDlDSTNvaVRHeXkwVG81bjFRcVdCRmNOSUswdUtTS2I4ZDRYclRfX0hrdTdzNWt6S0ZCRGRyUE5HMEFRa2lVbG1lNHZqTnRuYlZBb2JXLWJsMUJLT3Q4U2diWXJSSVVVdks2Wno1Ym1wbVlMWmJKMk40S1NKWWs4TnZiY3dWLU5vNXVtREQ5M2MzWHFmVl9ZbW9FUkd5dHdUdzJyZG1KVUhIVkgyOENVMWNZQmhHbTB6WG1wcnVNWExUZTFxTWdrWVE?oc=5\" target=\"_blank\" rel=\"nofollow noopener\">\u2013 Hvis du mister troen p\u00e5 mennesket i denne jobben, s\u00e5 er det fare p\u00e5 ferde (+)<\/a>&nbsp;&nbsp;Dagens N\u00e6ringsliv<\/li>\n<li><a href=\"https:\/\/news.google.com\/rss\/articles\/CBMinwFBVV95cUxPRFBLUThnQzhpb3NWM0RhYlFGRWFxY3JtY21KdTlHUFFWeFV5WlJZckpwMlJYRTkyc015MVczY0xFaXdPRXlIMUhuZGZ2ajd3bWstSjBrSGhxd3kwUmpyMVlOLTBlaHNhMHV3aUg3YWRMWEQtQ0g1dk9OV2NQSFppdWJPZURUbTJySUtEMFdCQkhHX3AyOTdRT3FXNWY3SHc?oc=5\" target=\"_blank\" rel=\"nofollow noopener\">Blodig alvor: Politiet sa ingenting<\/a>&nbsp;&nbsp;Nettavisen<\/li>\n<\/ol>\n","protected":false},"excerpt":{"rendered":"&#8211; Har lagt landet helt \u00e5pent&nbsp;&nbsp;Dagbladet \u2013 Granater og v\u00e5pen, hva er det egentlig som skjer med barna&hellip;\n","protected":false},"author":2,"featured_media":57848,"comment_status":"","ping_status":"","sticky":false,"template":"","format":"standard","meta":{"footnotes":""},"categories":[10],"tags":[20,21,24,25,7185,6438,15,2539,22,23,13,30,28,29,14,16,26,27],"class_list":{"0":"post-57847","1":"post","2":"type-post","3":"status-publish","4":"format-standard","5":"has-post-thumbnail","7":"category-norge","8":"tag-breaking-news","9":"tag-breakingnews","10":"tag-featured-news","11":"tag-featurednews","12":"tag-foxtrot","13":"tag-gjengkriminalitet","14":"tag-headlines","15":"tag-innenriks","16":"tag-latest-news","17":"tag-latestnews","18":"tag-news","19":"tag-no","20":"tag-norge","21":"tag-norway","22":"tag-nyheter","23":"tag-overskrifter","24":"tag-top-stories","25":"tag-topstories"},"share_on_mastodon":{"url":"","error":""},"_links":{"self":[{"href":"https:\/\/www.europesays.com\/no\/wp-json\/wp\/v2\/posts\/57847","targetHints":{"allow":["GET"]}}],"collection":[{"href":"https:\/\/www.europesays.com\/no\/wp-json\/wp\/v2\/posts"}],"about":[{"href":"https:\/\/www.europesays.com\/no\/wp-json\/wp\/v2\/types\/post"}],"author":[{"embeddable":true,"href":"https:\/\/www.europesays.com\/no\/wp-json\/wp\/v2\/users\/2"}],"replies":[{"embeddable":true,"href":"https:\/\/www.europesays.com\/no\/wp-json\/wp\/v2\/comments?post=57847"}],"version-history":[{"count":0,"href":"https:\/\/www.europesays.com\/no\/wp-json\/wp\/v2\/posts\/57847\/revisions"}],"wp:featuredmedia":[{"embeddable":true,"href":"https:\/\/www.europesays.com\/no\/wp-json\/wp\/v2\/media\/57848"}],"wp:attachment":[{"href":"https:\/\/www.europesays.com\/no\/wp-json\/wp\/v2\/media?parent=57847"}],"wp:term":[{"taxonomy":"category","embeddable":true,"href":"https:\/\/www.europesays.com\/no\/wp-json\/wp\/v2\/categories?post=57847"},{"taxonomy":"post_tag","embeddable":true,"href":"https:\/\/www.europesays.com\/no\/wp-json\/wp\/v2\/tags?post=57847"}],"curies":[{"name":"wp","href":"https:\/\/api.w.org\/{rel}","templated":true}]}}