{"id":57850,"date":"2025-10-11T07:14:19","date_gmt":"2025-10-11T07:14:19","guid":{"rendered":"https:\/\/www.europesays.com\/no\/57850\/"},"modified":"2025-10-11T07:14:19","modified_gmt":"2025-10-11T07:14:19","slug":"prins-joachim-og-prinsesse-marie-frosset-ut-av-kongefamilien","status":"publish","type":"post","link":"https:\/\/www.europesays.com\/no\/57850\/","title":{"rendered":"Prins Joachim og prinsesse Marie frosset ut av kongefamilien"},"content":{"rendered":"<p>Det vakte sterke reaksjoner da dronning Margrethe (85) for tre \u00e5r siden plutselig sendte ut en pressemelding om at hun hadde fratatt barnebarna sine deres kongelige titler.<\/p>\n<p>    <a itemprop=\"url\" href=\"https:\/\/www.seher.no\/kongelig\/svarer-pa-ryktene\/83693484\" rel=\"nofollow noopener\" target=\"_blank\"><\/p>\n<p>      <img loading=\"lazy\" decoding=\"async\" src=\"https:\/\/www.europesays.com\/no\/wp-content\/uploads\/2025\/10\/1760166849_753_83694235.webp\" width=\"980\" height=\"441\" title=\"Svarer p\u00e5 ryktene\" alt=\"\" class=\"lazyload\" style=\"--aspect-ratio-image: 2.22; \"\/><\/p>\n<p>        Svarer p\u00e5 ryktene<\/p>\n<p>    <\/a><\/p>\n<p>Bare kort tid i forveien hadde <a href=\"https:\/\/www.seher.no\/kjendis\/forlenger-oppholdet\/83646917\" rel=\"nofollow noopener\" target=\"_blank\">prins Joachim<\/a> (56) blitt informert av mamma om at hans barn skulle degraderes. Fra 1. januar 2023 skulle prinsene og prinsessen tiltales som grever og komtesse av Monpezat.<\/p>\n<p>Joachim var rasende, og gikk rett i strupen p\u00e5 sin mor.<\/p>\n<p>          <img loading=\"lazy\" decoding=\"async\" src=\"https:\/\/www.europesays.com\/no\/wp-content\/uploads\/2025\/10\/83691644.webp\" width=\"686\" height=\"494\" title=\"ERFARING: Britenes prins Harry (41) har skrevet en hel bok om hvor vanskelig det er \u00e5 v\u00e6re nummer to i familien. Da han arrangerte Invictus Games i Vancouver i februar, tok Joachim og Marie turen fra den andre siden av landet for \u00e5 st\u00f8tte ham. Foto: NTB\" alt=\"\" class=\"\" style=\"--aspect-ratio-image: 1.39; \"\/><\/p>\n<p>\n          ERFARING: Britenes prins Harry (41) har skrevet en hel bok om hvor vanskelig det er \u00e5 v\u00e6re nummer to i familien. Da han arrangerte Invictus Games i Vancouver i februar, tok Joachim og Marie turen fra den andre siden av landet for \u00e5 st\u00f8tte ham. Foto: NTB\n      <\/p>\n<p class=\"font-weight-bold m-font-weight-bold\" data-lab-font_weight=\"font-weight-bold\">\u2013 Jeg fikk fem dagers varsel til \u00e5 fortelle barna mine at deres identitet vil bli tatt fra dem. Jeg er veldig, veldig trist over \u00e5 se dem v\u00e6re lei seg og uforst\u00e5ende til hva som skjer, sa Joachim til avisa BT.<\/p>\n<p>Ogs\u00e5 prins Joachims ekskone grevinne Alexandra (60) tok bladet fra munnen. Hun mente at dette var en soleklar ydmykelse.<\/p>\n<p>          <img loading=\"lazy\" decoding=\"async\" src=\"https:\/\/www.europesays.com\/no\/wp-content\/uploads\/2025\/10\/83691649.webp\" width=\"686\" height=\"590\" title=\"DRONNING VIL-IKKE: \u2013 Jeg regner med at mine to s\u00f8nner finner ut av hvordan de vil gj\u00f8re det, sa dronning Margrethe om arven etter henne. Hun nekter \u00e5 avgj\u00f8re hvordan eiendommene skal fordeles. Foto: Hanne Juul\" alt=\"\" class=\"\" style=\"--aspect-ratio-image: 1.16; \"\/><\/p>\n<p>\n          DRONNING VIL-IKKE: \u2013 Jeg regner med at mine to s\u00f8nner finner ut av hvordan de vil gj\u00f8re det, sa dronning Margrethe om arven etter henne. Hun nekter \u00e5 avgj\u00f8re hvordan eiendommene skal fordeles. Foto: Hanne Juul\n      <\/p>\n<p>\u2013 Vi er alle forvirret etter avgj\u00f8relsen. Vi er triste og i sjokk. Dette kommer som lyn fra klar himmel. Barna f\u00f8ler seg utst\u00f8tt, sa grevinne Alexandra til samme avis.<\/p>\n<p>Men hvis prins Joachim hadde h\u00e5pet p\u00e5 \u00e5 f\u00e5 litt st\u00f8tte fra sin storebror, den kommende kong Frederik (58), ventet han forgjeves.<\/p>\n<p>          <img loading=\"lazy\" decoding=\"async\" src=\"https:\/\/www.europesays.com\/no\/wp-content\/uploads\/2025\/10\/83691653.webp\" width=\"686\" height=\"536\" title=\"ELSKET AV JOACHIM: De siste \u00e5rene har det v\u00e6rt Joachim som har brukt slottet Cayx mest. B\u00e5de fordi han har gode minner herfra, og fordi Marie vokste opp nettopp i Frankrike. Foto: Kaspar Wenstrup\" alt=\"\" class=\"\" style=\"--aspect-ratio-image: 1.28; \"\/><\/p>\n<p>\n          ELSKET AV JOACHIM: De siste \u00e5rene har det v\u00e6rt Joachim som har brukt slottet Cayx mest. B\u00e5de fordi han har gode minner herfra, og fordi Marie vokste opp nettopp i Frankrike. Foto: Kaspar Wenstrup\n      <\/p>\n<p>Mammas sterke ord\t<\/p>\n<p>\u00a0Dronning Margrethe nektet \u00e5 snu, og degraderingen ble gjennomf\u00f8rt. <\/p>\n<p>\u2013 Vanskeligheter og uenighet kan oppst\u00e5 i enhver familie, ogs\u00e5 i min. Det har hele landet v\u00e6rt vitne til. At forholdet til prins Joachim og prinsesse Marie har m\u00f8tt utfordringer, gj\u00f8r meg vondt, sa dronning Margrethe i den TV-sendte nytt\u00e5rstalen senere samme \u00e5r.<\/p>\n<p>Tittel-fjerningen var nok den siste dr\u00e5pen i begeret i en turbulent tid for Joachim og hans kone Marie (49). <\/p>\n<p>          <img loading=\"lazy\" decoding=\"async\" src=\"https:\/\/www.europesays.com\/no\/wp-content\/uploads\/2025\/10\/83691683.webp\" width=\"686\" height=\"460\" title=\"DEGRADERT: Etter at storebror Frederik tok over tronen, skal forholdet mellom Joachim og familien ikke ha blitt noe bedre. Lillebror har stadig f\u00e5tt f\u00e6rre offisielle oppdrag og oppgaver i hjemlandet. Foto: Gregers Overvad\" alt=\"\" class=\"\" style=\"--aspect-ratio-image: 1.49; \"\/><\/p>\n<p>\n          DEGRADERT: Etter at storebror Frederik tok over tronen, skal forholdet mellom Joachim og familien ikke ha blitt noe bedre. Lillebror har stadig f\u00e5tt f\u00e6rre offisielle oppdrag og oppgaver i hjemlandet. Foto: Gregers Overvad\n      <\/p>\n<p>De hadde i \u00e5rene f\u00f8r stadig blitt fratatt flere kongelige oppdrag og beskytterskap, f\u00f8r de i 2019 regelrett ble oppfordret til \u00e5 forlate landet.<\/p>\n<p>Prins Joachim innr\u00f8mmet at mamma Margrethe n\u00e6rmest befalte ham \u00e5 flytte til Paris \u2013 f\u00f8rst for \u00e5 ta en forsvarsutdannelse, og s\u00e5 for \u00e5 jobbe ved den danske ambassaden i landet.<\/p>\n<p>        INGEBRIGTSEN: En ny sesong av \u00abBorn to run\u00bb kommer, og her f\u00e5r man et innblikk i hvordan det var for br\u00f8drene Ingebrigtsen under rettssaken mot deres far. Video: Prime Video<\/p>\n<p>Og den samme h\u00f8sten som barna ble degradert, ble det kjent at prinsen flyttet videre. Kongehuset sendte ut en kort melding om flyttingen langt vekk fra Danmark.<\/p>\n<p>\u2013 Prinsen skal bidra til \u00e5 styrke det forsvarsindustrielle samarbeidet med USA og Canada som Danmarks representant, sto det i en pressemelding.<\/p>\n<p>          <img loading=\"lazy\" decoding=\"async\" src=\"https:\/\/www.europesays.com\/no\/wp-content\/uploads\/2025\/10\/83691687.webp\" width=\"686\" height=\"913\" title=\"FIKK BLODPROPP: Det overrasket positivt da dette bildet av Frederik og Joachim i tilsynelatende hyggelig kompaniskap p\u00e5 Cayx slott dukket opp. Bildet ble tatt etter at yngstebror hadde blitt operert for blodpropp i hjernen i 2020. Foto: NTB\" alt=\"\" class=\"\" style=\"--aspect-ratio-image: 0.75; \"\/><\/p>\n<p>\n          FIKK BLODPROPP: Det overrasket positivt da dette bildet av Frederik og Joachim i tilsynelatende hyggelig kompaniskap p\u00e5 Cayx slott dukket opp. Bildet ble tatt etter at yngstebror hadde blitt operert for blodpropp i hjernen i 2020. Foto: NTB\n      <\/p>\n<p>Joachim og Marie pakket flyttelasset nok en gang, sammen med de to ynste barna \u2013 grev Henrik (16) og komtesse Athena (13). H\u00f8sten 2023 forlot de Europa til fordel for Washington i USA.<\/p>\n<p>Og her forsvant den misforn\u00f8yde familien fra rampelyset.<\/p>\n<p>        HET KONKURRENT: Det er ikke bare seerne som har latt seg imponere av Danby Chois hofter og sexy blikk p\u00e5 \u00abSkal vi danse\u00bb-premieren. Video: Sanne Holt\/ Kine Falch\/ R\u00f8d L\u00f8per\/ TV 2<\/p>\n<p>\u2013 Vi har bodd her i sju m\u00e5neder n\u00e5, og veldig f\u00e5 mennesker vet hvem vi er, unntatt dansker, fortalte prinsen senere i et intervju med Washington Post.<\/p>\n<p>Ekteparet levde en anonym hverdag, og benyttet kun titlene sine til \u00e5 vekke oppmerksomhet rundt sine hjertesaker. Barna gikk p\u00e5 p\u00e5 internasjonal skole i Washington.<\/p>\n<p>          <img loading=\"lazy\" decoding=\"async\" src=\"https:\/\/www.europesays.com\/no\/wp-content\/uploads\/2025\/10\/83691698.webp\" width=\"686\" height=\"680\" title=\"SPENTE: Prins Joachims tre s\u00f8nner \u2013 grev Felix, grev Henrik og grev Nikolai \u2013 nyter \u00e5 v\u00e6re p\u00e5 vinslottet til sin avd\u00f8de bestefar. De h\u00e5per nok det kan bli i familien. Foto: Privat\" alt=\"\" class=\"\" style=\"--aspect-ratio-image: 1.01; \"\/><\/p>\n<p>\n          SPENTE: Prins Joachims tre s\u00f8nner \u2013 grev Felix, grev Henrik og grev Nikolai \u2013 nyter \u00e5 v\u00e6re p\u00e5 vinslottet til sin avd\u00f8de bestefar. De h\u00e5per nok det kan bli i familien. Foto: Privat\n      <\/p>\n<p>Minnene om et utfordrende liv i skyggen av kong Frederik og dronning Mary kunne viskes vekk \u2013 en stund.<\/p>\n<p>Hjemme i Danmark skal de to br\u00f8drene ha hatt en komplisert relasjon, og Mary og Maries forhold skal ha g\u00e5tt fra n\u00e6rt vennskap til kj\u00f8lig bekjentskap.<\/p>\n<p>    <a itemprop=\"url\" href=\"https:\/\/www.seher.no\/kongelig\/nedtellingen-har-startet\/83705170\" rel=\"nofollow noopener\" target=\"_blank\"><\/p>\n<p>      <img loading=\"lazy\" decoding=\"async\" src=\"https:\/\/www.europesays.com\/no\/wp-content\/uploads\/2025\/10\/83705471.webp\" width=\"147\" height=\"98\" title=\"Nedtellingen har startet\" alt=\"\" class=\"lazyload\" style=\"--aspect-ratio-image: 1.50; \"\/><\/p>\n<p>        Nedtellingen har startet<\/p>\n<p>    <\/a><\/p>\n<p>Det ble tydelig da Mary for noen \u00e5r tilbake ikke inviterte Marie til jentefest p\u00e5 bursdagen sin. Da Marie ble spurt om forholdet til Mary, svarte hun unnvikende.<\/p>\n<p>\u2013 De har det travelt, og det samme har vi. Det kan v\u00e6re vanskelig \u00e5 finne tid til \u00e5 m\u00f8tes, sa hun den gang til BilledBladet.<\/p>\n<p>        KLINER TIL: Det blir hett mellom bonden Kristian og frieren Kristine etter en tur innom badestampen. Video: TV 2 \/ R\u00f8d L\u00f8per<\/p>\n<p>Kilder bladet snakket med, mente at det var snakk om en maktkamp mellom de to svigerinnene. En kamp Marie var d\u00f8mt til \u00e5 tape \u2013 siden Mary hadde Margrethes fortrolighet, og selv skulle bli dronning.<\/p>\n<p>I dag h\u00f8rer det med til sjeldenhetene at Mary og Marie m\u00f8tes, og tittelbr\u00e5ket er en tilbakelagt aff\u00e6re, skal vi tro prins Joachim.<\/p>\n<p>          <img loading=\"lazy\" decoding=\"async\" src=\"https:\/\/www.europesays.com\/no\/wp-content\/uploads\/2025\/10\/83693170.webp\" width=\"686\" height=\"858\" title=\"HER KAN DE M\u00d8TES: Joachims eldste s\u00f8nn bor i Australia sammen med kj\u00e6resten Benedikte. I Cahors kan familien v\u00e6re sammen! Foto: Privat\" alt=\"\" class=\"\" style=\"--aspect-ratio-image: 0.80; \"\/><\/p>\n<p>\n          HER KAN DE M\u00d8TES: Joachims eldste s\u00f8nn bor i Australia sammen med kj\u00e6resten Benedikte. I Cahors kan familien v\u00e6re sammen! Foto: Privat\n      <\/p>\n<p>\u2013 Vi er kommet videre, sa han til Washington Post.<\/p>\n<p>Prinsesse Marie innr\u00f8mmet likevel at det tok lang tid \u00e5 bearbeide sjokkbeskjeden.<\/p>\n<p>\u2013 Vi var ikke glade for m\u00e5ten det skjedde p\u00e5. Men det er en familiegreie. Det er komplisert, sa hun \u2013 og la til:<\/p>\n<p>    <a itemprop=\"url\" href=\"https:\/\/www.seher.no\/kongelig\/fikk-kalde-fotter\/83690339\" rel=\"nofollow noopener\" target=\"_blank\"><\/p>\n<p>      <img loading=\"lazy\" decoding=\"async\" src=\"https:\/\/www.europesays.com\/no\/wp-content\/uploads\/2025\/10\/1760166855_738_83690696.webp\" width=\"147\" height=\"98\" title=\"- Fikk kalde f\u00f8tter\" alt=\"\" class=\"lazyload\" style=\"--aspect-ratio-image: 1.50; \"\/><\/p>\n<p>        &#8211; Fikk kalde f\u00f8tter<\/p>\n<p>    <\/a><\/p>\n<p>\u2013 For noen mennesker er kanskje en tittel overfladisk, men for barna v\u00e5re er det mye mer. Det er navnene deres. Det har v\u00e6rt barnas identitet siden de ble f\u00f8dt.<\/p>\n<p>Familien p\u00e5 fire ser ut til \u00e5 ha hatt godt av \u00e5 bo i Washington.<\/p>\n<p>\u2013 Jeg tror at dette har f\u00f8rt Joachim og Marie n\u00e6rmere hverandre. Livet i USA er mer anonymt, og det betyr ogs\u00e5 mer frihet. N\u00e5 kan de fokusere mer p\u00e5 hverandre og kjernefamilien sin, og jeg er sikker p\u00e5 at det har v\u00e6rt godt for dem, sa Se og H\u00f8rs kongehusekspert Caroline Vagle.<\/p>\n<p>        MATCHENDE: Influenserparet valgte et noe spesielt klesplagg da de ga hverandre sitt ja. Video: Viaplay \/ Thea Hope \/ Kine Falch<\/p>\n<p>Klar for hjemreise\t<\/p>\n<p>Det har lenge v\u00e6rt ventet at familien sskulle vende tilbake til Danmark \u2013 og en ny start der.<\/p>\n<p>\u2013 Vi har et \u00f8nske om \u00e5 komme hjem. Men vi utelukker heller ikke muligheten for \u00e5 bli i utlandet hvis vi m\u00e5, sa han i et intervju med dansk TV 2 i juni i \u00e5r.<\/p>\n<p>          <img loading=\"lazy\" decoding=\"async\" src=\"https:\/\/www.europesays.com\/no\/wp-content\/uploads\/2025\/10\/83693190.webp\" width=\"686\" height=\"494\" title=\"BLE VANLIG ARBEIDER: Etter at Joachim motvillig m\u00e5tte flytte til Paris, fikk han en ny hverdag. N\u00e5 bor han og familien i Washington. Foto: Det danske kongehuset\" alt=\"\" class=\"\" style=\"--aspect-ratio-image: 1.39; \"\/><\/p>\n<p>\n          BLE VANLIG ARBEIDER: Etter at Joachim motvillig m\u00e5tte flytte til Paris, fikk han en ny hverdag. N\u00e5 bor han og familien i Washington. Foto: Det danske kongehuset\n      <\/p>\n<p>\u2013 Forel\u00f8pig er planen at vi vender hjem n\u00e5r stillingen her avsluttes, fortsatte han.<\/p>\n<p>Firebarnsfaren snakket om at han har hjemlengsel.<\/p>\n<p>    <a itemprop=\"url\" href=\"https:\/\/www.seher.no\/kongelig\/soker-hjelp\/83685815\" rel=\"nofollow noopener\" target=\"_blank\"><\/p>\n<p>      <img loading=\"lazy\" decoding=\"async\" src=\"https:\/\/www.europesays.com\/no\/wp-content\/uploads\/2025\/10\/1760166856_951_83688875.webp\" width=\"147\" height=\"98\" title=\"S\u00f8ker hjelp\" alt=\"\" class=\"lazyload\" style=\"--aspect-ratio-image: 1.50; \"\/><\/p>\n<p>        S\u00f8ker hjelp<\/p>\n<p>    <\/a><\/p>\n<p>\u2013 Overordnet sett merker vi alle sammen \u2013 og vi merker det ogs\u00e5 p\u00e5 barna \u2013 at det er hjemme i Danmark vi har v\u00e5r aller sterkeste sosiale forankring. Vi kan ikke bare reise frem og tilbake \u2013 det er tross alt seks timers tidsforskjell og et helt hav mellom oss. N\u00e5r vi f\u00f8rst er hjemme, tar vi oss god tid og nyter det til fulle. Det er kanskje plasteret p\u00e5 s\u00e5ret ved \u00e5 v\u00e6re langt hjemmefra, sa prinsen videre.<\/p>\n<p>        AVSL\u00d8RT: Fetisha Williams forbruk p\u00e5 appen sjokkerer. Video: NRK\/ Sanne Holt\/ Thea Hope<\/p>\n<p>Det var flere som s\u00e5 lyst p\u00e5 at prinsen kunne komme tilbake til Danmark. <\/p>\n<p>\u2013 Jeg tror mange vil synes at det er god bruk for ham her hjemme, sa kongehusekspert og historiker Lars Hovbakke S\u00f8rensen til BT i juni. <\/p>\n<p>\u2013 Kanskje ogs\u00e5 kongeparet kan trenge litt assistanse, sa kongehusekspert Marie R\u00f8nde til danske TV 2.<\/p>\n<p>Men s\u00e5 ble det ikke s\u00e5nn. Prinsen f\u00e5r ikke reise hjem med det f\u00f8rste likevel.<\/p>\n<p>    <a itemprop=\"url\" href=\"https:\/\/www.seher.no\/kongelig\/raser-mot-kongehusekekspert\/83685327\" rel=\"nofollow noopener\" target=\"_blank\"><\/p>\n<p>      <img loading=\"lazy\" decoding=\"async\" src=\"https:\/\/www.europesays.com\/no\/wp-content\/uploads\/2025\/10\/1760166856_629_76624357.webp\" width=\"147\" height=\"98\" title=\"Raser mot kongehusekekspert\" alt=\"\" class=\"lazyload\" style=\"--aspect-ratio-image: 1.50; \"\/><\/p>\n<p>        Raser mot kongehusekekspert<\/p>\n<p>    <\/a><\/p>\n<p>Nylig kom nemlig beskjeden om at prinsens kontrakt var blitt forlenget, og at han m\u00e5 bli i Washington til h\u00f8sten 2027. Beskjeden ble sendt ut av det danske Forsvarsministeriet, og videreformidlet av kongehuset.<\/p>\n<p>Prinsens hjemlengsel vil alts\u00e5 var i minst to \u00e5r til \u2013 og det er flere som er skuffet over dette. N\u00e5r Joachim og familien en gang returnerer til Danmark, venter det likevel ikke bare gull og gr\u00f8nne skoger.<\/p>\n<p>        \u00abJAGET\u00bb: Nora Svenningsen og Javad El Bakali m\u00f8tte uventet motstand mens de var p\u00e5 r\u00f8mmen. Video: \u00abJaget\u00bb\/TVNorge\/HBO Max, R\u00f8d L\u00f8per\/Thea Hope\/Nora Skavhaug<\/p>\n<p>Helt siden mamma Margrethe ble dronning for over 50 \u00e5r siden, har hun v\u00e6rt et bilde p\u00e5 styrke og skarphet.\u00a0<\/p>\n<p>Tiden etter at hun abdiserte, har v\u00e6rt preget av b\u00e5de sykdom, dramatiske fall \u2013 og et skremmende \u00f8yeblikk der hun mistet evnen til \u00e5 snakke. Den siste tiden har det blitt stadig tydeligere at heller ikke hun vil leve evig, og et utfordrende arveoppgj\u00f8r truer i horisonten.<\/p>\n<p>    <a itemprop=\"url\" href=\"https:\/\/www.seher.no\/kongelig\/ryktene-florerer\/83684588\" rel=\"nofollow noopener\" target=\"_blank\"><\/p>\n<p>      <img loading=\"lazy\" decoding=\"async\" src=\"https:\/\/www.europesays.com\/no\/wp-content\/uploads\/2025\/10\/1760166858_98_83685732.webp\" width=\"980\" height=\"441\" title=\"- Ryktene florerer\" alt=\"\" class=\"lazyload\" style=\"--aspect-ratio-image: 2.22; \"\/><\/p>\n<p>        &#8211; Ryktene florerer<\/p>\n<p>    <\/a><\/p>\n<p>I august avsl\u00f8rte nemlig danske presse at Joachim kommer til \u00e5 bli avspist med \u00absmuler\u00bb av dronning-arven, den dagen hans mor g\u00e5r bort. Kong Frederik (57) kommer til \u00e5 sitte igjen med det aller meste av verdiene.<\/p>\n<p>\u2013 Det vil v\u00e6re naturlig at det meste forblir i kongehuset, fastslo kongehusekspert Lars Hovbakke S\u00f8rensen overfor dansk Se og H\u00f8r.<\/p>\n<p>        NY SERIE: Gunilla Persson har f\u00e5tt sitt eget datingprogram, hvor vi ogs\u00e5 f\u00e5r f\u00f8lge livet hennes, men noen av kravene hun har til mennene kan nok oppfattes som litt store. Video: Viaplay \/ \u00abDen rette for Gunilla\u00bb \/\/ Reporter: H\u00e5vard Bj\u00f8rnerem<\/p>\n<p>Nektet \u00e5 bestemme\t<\/p>\n<p>Men Margrethe eier ogs\u00e5 tre flotte eiendommer privat. Det dreier seg om slottet Marselisborg i Aarhus, jakthytta i Trend i Nord-Jylland, og vinslottet Ch\u00e2teau de Cayx i Cahors i Frankrike.<\/p>\n<p>Dronning Margrethe har gjort det klart at hun ikke \u00f8nsker \u00e5 blande seg inn i hvem av s\u00f8nnene som arver slottet.<\/p>\n<p>    <a itemprop=\"url\" href=\"https:\/\/www.seher.no\/kongelig\/sonja-i-tarer-etter-tv-sjokket\/83672253\" rel=\"nofollow noopener\" target=\"_blank\"><\/p>\n<p>      <img loading=\"lazy\" decoding=\"async\" src=\"https:\/\/www.europesays.com\/no\/wp-content\/uploads\/2025\/10\/1760166859_546_83673314.webp\" width=\"147\" height=\"98\" title=\"- Sonja i t\u00e5rer etter TV-sjokket\" alt=\"\" class=\"lazyload\" style=\"--aspect-ratio-image: 1.50; \"\/><\/p>\n<p>        &#8211; Sonja i t\u00e5rer etter TV-sjokket<\/p>\n<p>    <\/a><\/p>\n<p>\u2013 Jeg regner med at familien finner ut av det etter hvert. Alts\u00e5 mine to s\u00f8nner. Hvordan de vil gj\u00f8re det, vil jeg ikke blande meg inn i overhodet akkurat n\u00e5, sa dronningen p\u00e5 en pressekonferanse i 2018.<\/p>\n<p>De siste \u00e5rene har det v\u00e6rt prins Joachim og familien hans som har brukt det franske vinslottet mest. Ogs\u00e5 hans to eldste barn har v\u00e6rt her n\u00e5r de har hatt mulighet, gjerne uten pappa.<\/p>\n<p>        INNR\u00d8MMER: Da Fetisha Williams gjestet podkasten \u00abRealitycheck\u00bb avsl\u00f8rte hun hva som m\u00e5tte til for \u00e5 forsones med eks-venninna Sophie Elise. N\u00e5 innr\u00f8mmer hun at hun l\u00f8y. Video: Sanne Holt\/ Thea Hope\/ R\u00f8d L\u00f8per<\/p>\n<p>Men i sommer var kong Frederik plutselig p\u00e5 ferie her. Og hvis ikke dronningen skriver et testament og gir slottet til yngstes\u00f8nnen, vil det v\u00e6re kong Frederik som avgj\u00f8r Joachims og eiendommens skjebne.<\/p>\n","protected":false},"excerpt":{"rendered":"Det vakte sterke reaksjoner da dronning Margrethe (85) for tre \u00e5r siden plutselig sendte ut en pressemelding om&hellip;\n","protected":false},"author":2,"featured_media":57851,"comment_status":"","ping_status":"","sticky":false,"template":"","format":"standard","meta":{"footnotes":""},"categories":[12],"tags":[20,21,4104,24,25,15,76,22,23,13,30,28,29,14,16,7331,26,27,42,43,44,45],"class_list":{"0":"post-57850","1":"post","2":"type-post","3":"status-publish","4":"format-standard","5":"has-post-thumbnail","7":"category-verden","8":"tag-breaking-news","9":"tag-breakingnews","10":"tag-eksklusivt","11":"tag-featured-news","12":"tag-featurednews","13":"tag-headlines","14":"tag-kongelig","15":"tag-latest-news","16":"tag-latestnews","17":"tag-news","18":"tag-no","19":"tag-norge","20":"tag-norway","21":"tag-nyheter","22":"tag-overskrifter","23":"tag-prins-joachim","24":"tag-top-stories","25":"tag-topstories","26":"tag-verden","27":"tag-world","28":"tag-world-news","29":"tag-worldnews"},"share_on_mastodon":{"url":"","error":""},"_links":{"self":[{"href":"https:\/\/www.europesays.com\/no\/wp-json\/wp\/v2\/posts\/57850","targetHints":{"allow":["GET"]}}],"collection":[{"href":"https:\/\/www.europesays.com\/no\/wp-json\/wp\/v2\/posts"}],"about":[{"href":"https:\/\/www.europesays.com\/no\/wp-json\/wp\/v2\/types\/post"}],"author":[{"embeddable":true,"href":"https:\/\/www.europesays.com\/no\/wp-json\/wp\/v2\/users\/2"}],"replies":[{"embeddable":true,"href":"https:\/\/www.europesays.com\/no\/wp-json\/wp\/v2\/comments?post=57850"}],"version-history":[{"count":0,"href":"https:\/\/www.europesays.com\/no\/wp-json\/wp\/v2\/posts\/57850\/revisions"}],"wp:featuredmedia":[{"embeddable":true,"href":"https:\/\/www.europesays.com\/no\/wp-json\/wp\/v2\/media\/57851"}],"wp:attachment":[{"href":"https:\/\/www.europesays.com\/no\/wp-json\/wp\/v2\/media?parent=57850"}],"wp:term":[{"taxonomy":"category","embeddable":true,"href":"https:\/\/www.europesays.com\/no\/wp-json\/wp\/v2\/categories?post=57850"},{"taxonomy":"post_tag","embeddable":true,"href":"https:\/\/www.europesays.com\/no\/wp-json\/wp\/v2\/tags?post=57850"}],"curies":[{"name":"wp","href":"https:\/\/api.w.org\/{rel}","templated":true}]}}