{"id":57857,"date":"2025-10-11T07:21:10","date_gmt":"2025-10-11T07:21:10","guid":{"rendered":"https:\/\/www.europesays.com\/no\/57857\/"},"modified":"2025-10-11T07:21:10","modified_gmt":"2025-10-11T07:21:10","slug":"mossesundet-moss-reagerer-pa-skip-i-mossesundet-har-ikke-sett-dette-for","status":"publish","type":"post","link":"https:\/\/www.europesays.com\/no\/57857\/","title":{"rendered":"Mossesundet, Moss | Reagerer p\u00e5 skip i mossesundet: \u2013 Har ikke sett dette f\u00f8r"},"content":{"rendered":"\n<p><b>\u2013 Det ligger en gammel lasteb\u00e5t midt i fjorden i nordre havnebasseng som har v\u00e6rt der i nesten en uke. Jeg har ikke sett dette f\u00f8r at lasteb\u00e5ter bare ankrer opp midt i havnebassenget over s\u00e5 lang tid. Vet Moss Avis noe om dette? sp\u00f8r mossingen som synes det er rart at den n\u00e5 har liggets\u00e5 lenge midt i bassenget.<\/b><\/p>\n<p>If\u00f8lge Vesselfinder.com er det cargoskipet \u00abO7 Lafite\u00bb som har ankret opp i sundet etter at det dro fra Skagen i Danmark 7. oktober. Registrert ankomst i Moss var 8. oktober. Siden da har skipet tilsynelatende ligget i ro.<\/p>\n<p>Skipet er bygd i 2013, seiler under flagget Antigua og Barbuda \u2013 er 116 meter lang og 18 meter bredt. \u00abDeadweighten\u00bb til skipet er 10.049 tonn \u2013 alts\u00e5 et estimat p\u00e5 den maksimale vekten skipet kan b\u00e6re, last, drivstoff og folk om bord inkludert.<\/p>\n<p>Det skal v\u00e6re ett av over 30 skip som tilh\u00f8rer det tyske shippingselskapet Jens &amp; Waller GmbH &amp; Co. KG.<\/p>\n<p>Moss Avis kontaktet havnesjef i Mosshavn, Geir Mosether, for \u00e5 sp\u00f8rre om skipet.<\/p>\n<p>\u2013 Vi har unders\u00f8kt situasjonen og skipet er i Moss for helt ordin\u00e6r skipstrafikk, forklarer han.<\/p>\n<p>Hva den har gjort i Moss er derimot uklart. I f\u00f8lge Mos\u00e6ther ligger den n\u00e5 bare og venter p\u00e5 \u00e5 dra videre.<\/p>\n<p>OPPDATERT: Fredag kveld f\u00e5r Moss Avis flere kommentarer fra lesere som sier b\u00e5ten har begynt \u00e5 laste ombord kabeltromler. <\/p>\n<p>Leser Sigmund Heen forteller at han st\u00e5r parkert p\u00e5 bobilplassen og sier at skipet begynte \u00e5 laste ombord kabeltromler fredag kveld. <\/p>\n<p>   <img decoding=\"async\" width=\"10000\" height=\"6670\" fetchpriority=\"low\"  loading=\"lazy\"  src=\"https:\/\/www.europesays.com\/no\/wp-content\/uploads\/2025\/10\/_I2A3914+%281%29.jpg\" alt=\"\" class=\"brick-c-cFOWSL\" style=\"--brick-image-ratio: 10000 \/ 6670;\"\/><\/p>\n<p>    Fredag kveld ble det lastet ombord store kabeltrombler fra Onesubsea i V\u00e6rftsgata.<br \/>\n    Foto: Leserfoto\/ Sigmund Heed\n  <\/p>\n","protected":false},"excerpt":{"rendered":"\u2013 Det ligger en gammel lasteb\u00e5t midt i fjorden i nordre havnebasseng som har v\u00e6rt der i nesten&hellip;\n","protected":false},"author":2,"featured_media":57858,"comment_status":"","ping_status":"","sticky":false,"template":"","format":"standard","meta":{"footnotes":""},"categories":[12],"tags":[36,20,21,24,25,15,22,23,116,8597,13,30,28,29,14,16,5300,1510,26,27,42,43,44,45],"class_list":{"0":"post-57857","1":"post","2":"type-post","3":"status-publish","4":"format-standard","5":"has-post-thumbnail","7":"category-verden","8":"tag-art","9":"tag-breaking-news","10":"tag-breakingnews","11":"tag-featured-news","12":"tag-featurednews","13":"tag-headlines","14":"tag-latest-news","15":"tag-latestnews","16":"tag-moss","17":"tag-mossesundet","18":"tag-news","19":"tag-no","20":"tag-norge","21":"tag-norway","22":"tag-nyheter","23":"tag-overskrifter","24":"tag-skip","25":"tag-story","26":"tag-top-stories","27":"tag-topstories","28":"tag-verden","29":"tag-world","30":"tag-world-news","31":"tag-worldnews"},"share_on_mastodon":{"url":"","error":""},"_links":{"self":[{"href":"https:\/\/www.europesays.com\/no\/wp-json\/wp\/v2\/posts\/57857","targetHints":{"allow":["GET"]}}],"collection":[{"href":"https:\/\/www.europesays.com\/no\/wp-json\/wp\/v2\/posts"}],"about":[{"href":"https:\/\/www.europesays.com\/no\/wp-json\/wp\/v2\/types\/post"}],"author":[{"embeddable":true,"href":"https:\/\/www.europesays.com\/no\/wp-json\/wp\/v2\/users\/2"}],"replies":[{"embeddable":true,"href":"https:\/\/www.europesays.com\/no\/wp-json\/wp\/v2\/comments?post=57857"}],"version-history":[{"count":0,"href":"https:\/\/www.europesays.com\/no\/wp-json\/wp\/v2\/posts\/57857\/revisions"}],"wp:featuredmedia":[{"embeddable":true,"href":"https:\/\/www.europesays.com\/no\/wp-json\/wp\/v2\/media\/57858"}],"wp:attachment":[{"href":"https:\/\/www.europesays.com\/no\/wp-json\/wp\/v2\/media?parent=57857"}],"wp:term":[{"taxonomy":"category","embeddable":true,"href":"https:\/\/www.europesays.com\/no\/wp-json\/wp\/v2\/categories?post=57857"},{"taxonomy":"post_tag","embeddable":true,"href":"https:\/\/www.europesays.com\/no\/wp-json\/wp\/v2\/tags?post=57857"}],"curies":[{"name":"wp","href":"https:\/\/api.w.org\/{rel}","templated":true}]}}