{"id":57863,"date":"2025-10-11T07:26:07","date_gmt":"2025-10-11T07:26:07","guid":{"rendered":"https:\/\/www.europesays.com\/no\/57863\/"},"modified":"2025-10-11T07:26:07","modified_gmt":"2025-10-11T07:26:07","slug":"rekordlangt-horn-fra-et-ullharet-neshorn-er-funnet-i-permafrosten-i-jakutia-i-russland","status":"publish","type":"post","link":"https:\/\/www.europesays.com\/no\/57863\/","title":{"rendered":"Rekordlangt horn fra et ullh\u00e5ret neshorn er funnet i permafrosten i Jakutia i Russland."},"content":{"rendered":"<p>Hornet tilh\u00f8rte et ullh\u00e5ret neshorn \u2013 og med en lengde p\u00e5 164,7 centimeter slo det alle tidligere rekorder for det lengste eksemplaret som noensinne er funnet.<\/p>\n<p>Ullh\u00e5ret neshorn (Coelodonta antiquitatis) levde i Nord-Eurasia under den siste istiden og forsvant for rundt 10 000 \u00e5r siden.<\/p>\n<p>Neshornet var dekket av tykk pels, hadde korte, kraftige ben og var bygget for \u00e5 overleve kulden, sn\u00f8en og vinden p\u00e5 den \u00e5pne tundraen.<\/p>\n<p>Overg\u00e5r dagens neshorn<\/p>\n<p>Hornet, som er over 1,6 meter langt, er mer enn 30 centimeter lengre enn den forrige rekordholderen.<\/p>\n","protected":false},"excerpt":{"rendered":"Hornet tilh\u00f8rte et ullh\u00e5ret neshorn \u2013 og med en lengde p\u00e5 164,7 centimeter slo det alle tidligere rekorder&hellip;\n","protected":false},"author":2,"featured_media":57864,"comment_status":"","ping_status":"","sticky":false,"template":"","format":"standard","meta":{"footnotes":""},"categories":[57],"tags":[30,28,29,65,63,64,66,70,69,67,68],"class_list":{"0":"post-57863","1":"post","2":"type-post","3":"status-publish","4":"format-standard","5":"has-post-thumbnail","7":"category-vitenskap-og-teknologi","8":"tag-no","9":"tag-norge","10":"tag-norway","11":"tag-science","12":"tag-science-and-technology","13":"tag-scienceandtechnology","14":"tag-technology","15":"tag-teknologi","16":"tag-vitenskap","17":"tag-vitenskap-og-teknologi","18":"tag-vitenskapteknologi"},"share_on_mastodon":{"url":"","error":""},"_links":{"self":[{"href":"https:\/\/www.europesays.com\/no\/wp-json\/wp\/v2\/posts\/57863","targetHints":{"allow":["GET"]}}],"collection":[{"href":"https:\/\/www.europesays.com\/no\/wp-json\/wp\/v2\/posts"}],"about":[{"href":"https:\/\/www.europesays.com\/no\/wp-json\/wp\/v2\/types\/post"}],"author":[{"embeddable":true,"href":"https:\/\/www.europesays.com\/no\/wp-json\/wp\/v2\/users\/2"}],"replies":[{"embeddable":true,"href":"https:\/\/www.europesays.com\/no\/wp-json\/wp\/v2\/comments?post=57863"}],"version-history":[{"count":0,"href":"https:\/\/www.europesays.com\/no\/wp-json\/wp\/v2\/posts\/57863\/revisions"}],"wp:featuredmedia":[{"embeddable":true,"href":"https:\/\/www.europesays.com\/no\/wp-json\/wp\/v2\/media\/57864"}],"wp:attachment":[{"href":"https:\/\/www.europesays.com\/no\/wp-json\/wp\/v2\/media?parent=57863"}],"wp:term":[{"taxonomy":"category","embeddable":true,"href":"https:\/\/www.europesays.com\/no\/wp-json\/wp\/v2\/categories?post=57863"},{"taxonomy":"post_tag","embeddable":true,"href":"https:\/\/www.europesays.com\/no\/wp-json\/wp\/v2\/tags?post=57863"}],"curies":[{"name":"wp","href":"https:\/\/api.w.org\/{rel}","templated":true}]}}