{"id":57867,"date":"2025-10-11T07:28:32","date_gmt":"2025-10-11T07:28:32","guid":{"rendered":"https:\/\/www.europesays.com\/no\/57867\/"},"modified":"2025-10-11T07:28:32","modified_gmt":"2025-10-11T07:28:32","slug":"stemmer-ikke-for-avtalen","status":"publish","type":"post","link":"https:\/\/www.europesays.com\/no\/57867\/","title":{"rendered":"\u2013 Stemmer ikke for avtalen"},"content":{"rendered":"<p class=\"kicker text-red color_mobile_text-red\" style=\"\">Israels finansminister:<\/p>\n<p>  Israels finansminister Bezalel Smotrich sier at Hamas m\u00e5 \u00f8delegges n\u00e5r gislene er satt fri. Hans parti kommer ikke til \u00e5 stemme for en fredsavtale.<\/p>\n<p>\n    Israels finansminister Bezalel Smotrich er ikke forn\u00f8yd. Foto: Ohad Zwigenberg \/ AP \/ NTB\n  <\/p>\n<p>Smotrich og hans parti Det religi\u00f8se sionistpartiet regnes for \u00e5 v\u00e6re blant de mest ytterligg\u00e5ende i Benjamin Netanyahus regjering, og han har blant annet gjentatte ganger krevd at Israel annekterer store deler av den okkuperte Vestbredden.<\/p>\n<p>\u2013 Vi slutter oss ikke til den kortsiktige feiringen og kommer ikke til \u00e5 stemme for avtalen, skriver han p\u00e5\u00a0<a href=\"https:\/\/x.com\/bezalelsm\/status\/1976180881678123461\" target=\"_blank\" rel=\"nofollow\">X.<\/a><\/p>\n<p>    <a itemprop=\"url\" href=\"https:\/\/sol.no\/nyheter\/israel-og-hamas-enige-om-forste-del-av-fredsavtale\/83698275\" rel=\"nofollow noopener\" target=\"_blank\"><\/p>\n<p>      <img loading=\"lazy\" decoding=\"async\" src=\"https:\/\/www.europesays.com\/no\/wp-content\/uploads\/2025\/10\/83698280.webp\" width=\"980\" height=\"441\" title=\"Israel og Hamas enige om f\u00f8rste del av fredsavtale\" alt=\"\" class=\"lazyload\" style=\"--aspect-ratio-image: 2.22; \"\/><\/p>\n<p>        Israel og Hamas enige om f\u00f8rste del av fredsavtale<\/p>\n<p>sol.no<\/p>\n<p>    <\/a><\/p>\n<p>Sammen med sikkerhetsminister Itamar Ben-Gvir truet han i januar med \u00e5 forlate regjeringen som f\u00f8lge av v\u00e5penhvileavtalen mellom Israel og Hamas, noe som ville f\u00e5tt Netanyahus koalisjonsregjering til \u00e5 kollapse. Begge ministrene ble imidlertid v\u00e6rende i regjeringen etter at Israel gjenopptok angrepene i Gaza.<\/p>\n<p>Denne gangen sier Smotrich at han er sv\u00e6rt bekymret for konsekvensene av at Israel skal l\u00f8slate 2000 palestinske fanger. Han skriver p\u00e5 X at de \u00abslipper fri neste generasjon med terrorledere\u00bb.<\/p>\n<p>\u2013 Vi har et stort ansvar for \u00e5 forsikre at dette ikke er en avtale om gissell\u00f8slatelse i bytte for slutt p\u00e5 krigen, og at umiddelbart etter at gislene vender hjem skal Israel fortsette \u00e5 kjempe med all sin makt for \u00e5 utradere Hamas og oppriktig avv\u00e6pning av Gaza, s\u00e5 det ikke lenger truer Israel, skriver Smotrich.<\/p>\n<p>Han advarer ogs\u00e5 mot \u00ab\u00e5 vende tilbake til Oslo-sporet\u00bb, en referanse til Oslo-avtalen fra 1990-tallet.<\/p>\n","protected":false},"excerpt":{"rendered":"Israels finansminister: Israels finansminister Bezalel Smotrich sier at Hamas m\u00e5 \u00f8delegges n\u00e5r gislene er satt fri. Hans parti&hellip;\n","protected":false},"author":2,"featured_media":57868,"comment_status":"","ping_status":"","sticky":false,"template":"","format":"standard","meta":{"footnotes":""},"categories":[12],"tags":[20,21,24,25,15,22,23,13,30,28,29,1557,14,16,26,27,412,42,43,44,45],"class_list":{"0":"post-57867","1":"post","2":"type-post","3":"status-publish","4":"format-standard","5":"has-post-thumbnail","7":"category-verden","8":"tag-breaking-news","9":"tag-breakingnews","10":"tag-featured-news","11":"tag-featurednews","12":"tag-headlines","13":"tag-latest-news","14":"tag-latestnews","15":"tag-news","16":"tag-no","17":"tag-norge","18":"tag-norway","19":"tag-ntb","20":"tag-nyheter","21":"tag-overskrifter","22":"tag-top-stories","23":"tag-topstories","24":"tag-utenriks","25":"tag-verden","26":"tag-world","27":"tag-world-news","28":"tag-worldnews"},"share_on_mastodon":{"url":"","error":""},"_links":{"self":[{"href":"https:\/\/www.europesays.com\/no\/wp-json\/wp\/v2\/posts\/57867","targetHints":{"allow":["GET"]}}],"collection":[{"href":"https:\/\/www.europesays.com\/no\/wp-json\/wp\/v2\/posts"}],"about":[{"href":"https:\/\/www.europesays.com\/no\/wp-json\/wp\/v2\/types\/post"}],"author":[{"embeddable":true,"href":"https:\/\/www.europesays.com\/no\/wp-json\/wp\/v2\/users\/2"}],"replies":[{"embeddable":true,"href":"https:\/\/www.europesays.com\/no\/wp-json\/wp\/v2\/comments?post=57867"}],"version-history":[{"count":0,"href":"https:\/\/www.europesays.com\/no\/wp-json\/wp\/v2\/posts\/57867\/revisions"}],"wp:featuredmedia":[{"embeddable":true,"href":"https:\/\/www.europesays.com\/no\/wp-json\/wp\/v2\/media\/57868"}],"wp:attachment":[{"href":"https:\/\/www.europesays.com\/no\/wp-json\/wp\/v2\/media?parent=57867"}],"wp:term":[{"taxonomy":"category","embeddable":true,"href":"https:\/\/www.europesays.com\/no\/wp-json\/wp\/v2\/categories?post=57867"},{"taxonomy":"post_tag","embeddable":true,"href":"https:\/\/www.europesays.com\/no\/wp-json\/wp\/v2\/tags?post=57867"}],"curies":[{"name":"wp","href":"https:\/\/api.w.org\/{rel}","templated":true}]}}