{"id":57882,"date":"2025-10-11T07:52:12","date_gmt":"2025-10-11T07:52:12","guid":{"rendered":"https:\/\/www.europesays.com\/no\/57882\/"},"modified":"2025-10-11T07:52:12","modified_gmt":"2025-10-11T07:52:12","slug":"demonstrasjon-trafikk-og-kollektiv-demonstrasjon-streik-stengte-veier-og-apning-av-stortinget-dette-ma-du-vite-om-lordagens-kollektivtrafikk","status":"publish","type":"post","link":"https:\/\/www.europesays.com\/no\/57882\/","title":{"rendered":"Demonstrasjon, Trafikk og kollektiv | Demonstrasjon, streik, stengte veier og \u00e5pning av Stortinget. Dette m\u00e5 du vite om l\u00f8rdagens kollektivtrafikk"},"content":{"rendered":"\n<p>L\u00f8rdag streiker Oslo Sporveiers Arbeiderforening (OSA) i protest mot folkemordet p\u00e5 Gaza. OSAs medlemmer jobber b\u00e5de p\u00e5 T-banen, trikken og enkelte av Unibuss sine busser.<\/p>\n<p>Det betyr at alle trikker og T-baner stanser i 15 minutter fra 17.00 til 17.15. Det skjer f\u00f8r l\u00f8rdagens landskamp mellom Norge og Israel klokken 18.00.<\/p>\n<p><a href=\"https:\/\/www.ao.no\/streik-i-kollektivtrafikken-for-landskampen-mellom-norge-og-israel-i-oslo\/s\/5-128-1164781\" rel=\"Follow nofollow noopener\" target=\"_blank\">Hvordan streiken p\u00e5virker bussene, er vanskelig \u00e5 forutse<\/a> helt n\u00f8yaktig, fordi Unibuss kun kj\u00f8rer et utvalg av byens ruter.<\/p>\n<p>Det betyr at mange av linjene som Unibuss kj\u00f8rer kan stoppes p\u00e5 l\u00f8rdag, men ikke alle.<\/p>\n<p>            Disse linjene kan stoppe<\/p>\n<p>Om bussen stopper eller ikke avhenger av om sj\u00e5f\u00f8ren som kj\u00f8rer akkurat da er organisert i OSA eller Fellesforbundet.<\/p>\n<p>De fleste av Unibuss&#8217; linjer er i indre by og Oslo \u00f8st.<\/p>\n<ul>\n<li><b>Linje 20: Sk\u00f8yen \u2013 Galgeberg (- Helsfyr)<\/b><\/li>\n<li>Linje 21: Tjuvholmen \u2013 Helsfyr T<\/li>\n<li><b>Linje 25: Majorstuen \u2013 Haugerud<\/b><\/li>\n<li>Linje 28: Fornebu \u2013 \u00d8kern T<\/li>\n<li><b>Linje 30: Bygd\u00f8y \u2013 Nydalen<\/b><\/li>\n<li>Linje 31: Fornebu \u2013 Snar\u00f8ya \u2013 Tonsenhagen \u2013 Grorud<\/li>\n<li><b>Linje 34: T\u00e5sen \u2013 Ekeberg hageby<\/b><\/li>\n<li>Linje 37: Nydalen T \u2013 Helsfyr<\/li>\n<li><b>Linje 41: R\u00f8a T \u2013 S\u00f8rkedalen<\/b><\/li>\n<li>Linje 42: Voksen skog \u2013 Tjuvholmen<\/li>\n<li><b>Linje 51: Maridalen \u2013 Nydalen T<\/b><\/li>\n<li>Linje 54: Kjels\u00e5s stasjon \u2013 Kv\u00e6rnerbyen<\/li>\n<li><b>Linje 56: Nydalen T \u2013 Solemskogen<\/b><\/li>\n<li>Linje 56B: Nydalen T \u2013 Grefsenkollen<\/li>\n<li><b>Linje 58: Nydalen \u2013 B\u00f8ler<\/b><\/li>\n<li>Linje 60: Vippetangen \u2013 Tonsenhagen<\/li>\n<li><b>Linje 62: Ammerud ring<\/b><\/li>\n<li>Linje 64: Furuset T \u2013 Stovner T via H\u00f8ybr\u00e5ten<\/li>\n<li><b>Linje 65: Furuset T \u2013 Stovner T via Smedstua<\/b><\/li>\n<li>Linje 66: Helsfyr \u2013 Grorud T<\/li>\n<li><b>Linje 67: \u00d8kern T \u2013 L\u00f8renskog sentrum<\/b><\/li>\n<li>Linje 68: Helsfyr \u2013 Grorud T via Alfaset<\/li>\n<li><b>Linje 69: Tveita T \u2013 Lutvann<\/b><\/li>\n<\/ul>\n<p>Alle andre linjer i Oslo kj\u00f8res av selskapene Nobina, Connect Bus og Vy Buss. Ingen av disse selskapene er med p\u00e5 streiken.<\/p>\n<p>  To tog<\/p>\n<p>I tillegg organiseres det to demonstrasjonstog mot landskampen i fotball mellom Norge og Israel.<\/p>\n<p>Den ene organiseres av Kampkomiteen og starter p\u00e5 Frederikkeplassen p\u00e5 Blindern klokka 16, f\u00f8r den beveger seg videre til Ullev\u00e5l stadion.<\/p>\n<p>Den andre arrangeres av Palestinakomiteen i Norge, Aksjonsgruppa for Palestina og Norsk Folkehjelp.<\/p>\n<p>Denne starter ved Spikersuppa klokka 14 og vil v\u00e6re ved Ullev\u00e5l stadion klokka 16.<\/p>\n<p>\u2013 Hvordan dette p\u00e5virker trikketrafikken er ikke enkelt \u00e5 si. Det avhenger av hvor mange som er ute, hvor de g\u00e5r og n\u00e5r, sier pressekontakt Gina Scholz i Sporveien.<\/p>\n<p>Demonstrasjonstoget skal if\u00f8lge leder for Palestinakomiteen i Norge, Line Khateeb, g\u00e5 store deler av turen i Thereses gate og Sognsveien, der trikken kj\u00f8rer. Hun opplyser om at ruta ikke er hundre prosent klar.<\/p>\n<p>\u2013 Ut ifra beskjedene vi har f\u00e5tt fra politiet, skal ikke disse sperre for trikketrafikken, sier Scholz i Sporveien.<\/p>\n<p>Avvik p\u00e5 buss<\/p>\n<p>\u2013 Hvis det blir mange mennesker er v\u00e5re sj\u00e5f\u00f8rer klare for \u00e5 h\u00e5ndtere det. Det er ogs\u00e5 et poeng at det er mulig \u00e5 komme seg fram i byen i morgen, sier Scholz.<\/p>\n<p>Demonstrasjonene vil p\u00e5virke f\u00f8lgende linjer, melder Ruter.<\/p>\n<p>Det settes ogs\u00e5 opp ekstra T-baner slik at flere reisende kan reise til og fra landskampen p\u00e5 Ullev\u00e5l stadion.<\/p>\n<p>Berg T-banestasjon er stengt for av- og p\u00e5stigning mellom klokka 15 og 21.<\/p>\n<p>Ruter og Sporveien anbefaler alle trafikanter \u00e5 forberede seg p\u00e5 at reisen kan ta lengre tid l\u00f8rdag, og \u00e5 f\u00f8lg med p\u00e5 informasjon p\u00e5 Ruters nettsider.<\/p>\n<p>Stengte veier<\/p>\n<p>Fredag ettermiddag publiserte ogs\u00e5 politiet et bilde av det de kaller \u00abrestriksjonsomr\u00e5de\u00bb p\u00e5 l\u00f8rdag:<\/p>\n<p>   <img decoding=\"async\" width=\"1116\" height=\"948\" fetchpriority=\"low\"  loading=\"lazy\"  src=\"https:\/\/www.europesays.com\/no\/wp-content\/uploads\/2025\/10\/Skjermbilde+2025-10-10+125541.png\" alt=\"\" class=\"brick-c-cFOWSL\" style=\"--brick-image-ratio: 1116 \/ 948;\"\/><\/p>\n<p>\u2013 V\u00e6r oppmerksom p\u00e5 at det fra klokken 18.00 torsdag 9. oktober til og med s\u00f8ndag 12. oktober klokken 11.00 vil det v\u00e6re et st\u00f8rre luft restriksjonsomr\u00e5de enn det er til daglig i Oslo politidistrikt, skriver operasjonsleder Eirik Sannes.<\/p>\n<p><b>F\u00f8lgende veier stenges for all biltrafikk:<\/b><\/p>\n<ul>\n<li>Sognsveien fra avkj\u00f8ring Ring 3 til rundkj\u00f8ringen John Collets plass<\/li>\n<li>Avkj\u00f8ring Ring 3 opp til Berg rundkj\u00f8ring<\/li>\n<li>Kaj Munks vei fra rundkj\u00f8ringen<\/li>\n<li>T\u00e5sen til Berg rundkj\u00f8ring.<\/li>\n<\/ul>\n<p>\u2013 Det vil ikke v\u00e6re mulig \u00e5 kj\u00f8re eller g\u00e5 langs veien parallelt med t-banen p\u00e5 s\u00f8r-\u00f8stsiden av stadion. Vi anbefaler publikum som skal p\u00e5 kampen eller skal inn og ut av omr\u00e5det til \u00e5 ta kollektivt. Det blir utfordrende \u00e5 kj\u00f8re og parkere i og ved Ullev\u00e5l stadion denne dagen, sier Sannes.<\/p>\n<p>Politiet har ogs\u00e5 vakthold ved Radisson Blue p\u00e5 Nydalen der det israelske fotballaget holder til. Fotballaget ankom hotellet i torsdag kveld.<\/p>\n<p>\u2013 Vi vil ha synlig tilstedev\u00e6relse i Nydalen s\u00e5 lenge det Israelske landslaget er i Oslo.<\/p>\n<p>Tradisjonell seremoni<\/p>\n<p>Men det er ikke bare streik og demonstrasjoner som skaper avvik i kollektivtrafikken.<\/p>\n<p>L\u00f8rdag er det ogs\u00e5 H\u00f8ytidelig \u00e5pning av Stortinget med H.M. Kong Harald til stede. Dette vil f\u00f8re til \u00f8kt sikkerhet i omr\u00e5det.<\/p>\n<p>Mellom klokka 11.30 og 14.30 vil trikkens linje 13 og 15 derfor ikke stoppe p\u00e5 Nationaltheatret, men kj\u00f8re mellom Kvadraturen og Solli plass over Aker Brygge isteden.<\/p>\n<p>   <img decoding=\"async\" width=\"1070\" height=\"820\" fetchpriority=\"low\"  loading=\"lazy\"  src=\"https:\/\/www.europesays.com\/no\/wp-content\/uploads\/2025\/10\/Trikk+crop.jpg\" alt=\"\" class=\"brick-c-cFOWSL\" style=\"--brick-image-ratio: 1070 \/ 820;\"\/><\/p>\n<p>    Linje 13 og 15 vil kj\u00f8re samme tras\u00e9 som linje 12 mellom \u00d8vre slottsgate og Solli.<br \/>\n    Foto: Sporveien\n  <\/p>\n<p>  <a href=\"https:\/\/www.ao.no\/5-128-1166280\" class=\"related-teaser has-image default-story-teaser article--c-eRUmMG article--c-eRUmMG-jKCPdD-design-default\" rel=\"nofollow noopener\" target=\"_blank\"><\/p>\n<p>    <img decoding=\"async\" loading=\"lazy\"  src=\"https:\/\/www.europesays.com\/no\/wp-content\/uploads\/2025\/10\/BeFunky-collage+%2848%29.jpg\" alt=\"\" class=\"brick-c-cFOWSL\" style=\"\"\/><\/p>\n<p>\n            Les ogs\u00e5<\/p>\n<p>              Sykehus-avdeling gj\u00f8r tiltak f\u00f8r omstridt landskamp: \u2013 For \u00e5 v\u00e6re sikker p\u00e5 at de har noe \u00e5 gj\u00f8re der\n        <\/p>\n<p>  <\/a><\/p>\n<p>  <a href=\"https:\/\/www.ao.no\/5-128-1165464\" class=\"related-teaser has-image default-story-teaser article--c-eRUmMG article--c-eRUmMG-jKCPdD-design-default\" rel=\"nofollow noopener\" target=\"_blank\"><\/p>\n<p>    <img decoding=\"async\" loading=\"lazy\"  src=\"https:\/\/www.europesays.com\/no\/wp-content\/uploads\/2025\/10\/kaof.jpg\" alt=\"\" class=\"brick-c-cFOWSL\" style=\"\"\/><\/p>\n<p>\n            Les ogs\u00e5<\/p>\n<p>              Avsperringer og varslet stopp i trafikken: Rigger seg klare til kaos\n        <\/p>\n<p>  <\/a><\/p>\n<p>  <a href=\"https:\/\/www.ao.no\/5-128-1163230\" class=\"related-teaser has-image default-story-teaser article--c-eRUmMG article--c-eRUmMG-jKCPdD-design-default\" rel=\"nofollow noopener\" target=\"_blank\"><\/p>\n<p>    <img decoding=\"async\" loading=\"lazy\"  src=\"https:\/\/www.europesays.com\/no\/wp-content\/uploads\/2025\/10\/80b1db2a-a977-4d0d-87a2-698fe2e6ae54.jpg\" alt=\"\" class=\"brick-c-cFOWSL\" style=\"\"\/><\/p>\n<p>\n            Les ogs\u00e5<\/p>\n<p>              Varslet full stans i T-bane- og trikke-trafikken: N\u00e5 rammes ogs\u00e5 buss og taxi\n        <\/p>\n<p>  <\/a><\/p>\n","protected":false},"excerpt":{"rendered":"L\u00f8rdag streiker Oslo Sporveiers Arbeiderforening (OSA) i protest mot folkemordet p\u00e5 Gaza. OSAs medlemmer jobber b\u00e5de p\u00e5 T-banen,&hellip;\n","protected":false},"author":2,"featured_media":57883,"comment_status":"","ping_status":"","sticky":false,"template":"","format":"standard","meta":{"footnotes":""},"categories":[5],"tags":[36,20,21,1417,24,25,15,19,22,23,17,18,13,30,28,29,14,16,41,1510,26,27,284],"class_list":{"0":"post-57882","1":"post","2":"type-post","3":"status-publish","4":"format-standard","5":"has-post-thumbnail","7":"category-overskrifter","8":"tag-art","9":"tag-breaking-news","10":"tag-breakingnews","11":"tag-demonstrasjon","12":"tag-featured-news","13":"tag-featurednews","14":"tag-headlines","15":"tag-hovedoppslag","16":"tag-latest-news","17":"tag-latestnews","18":"tag-main-news","19":"tag-mainnews","20":"tag-news","21":"tag-no","22":"tag-norge","23":"tag-norway","24":"tag-nyheter","25":"tag-overskrifter","26":"tag-politikk","27":"tag-story","28":"tag-top-stories","29":"tag-topstories","30":"tag-trafikk-og-kollektiv"},"share_on_mastodon":{"url":"","error":""},"_links":{"self":[{"href":"https:\/\/www.europesays.com\/no\/wp-json\/wp\/v2\/posts\/57882","targetHints":{"allow":["GET"]}}],"collection":[{"href":"https:\/\/www.europesays.com\/no\/wp-json\/wp\/v2\/posts"}],"about":[{"href":"https:\/\/www.europesays.com\/no\/wp-json\/wp\/v2\/types\/post"}],"author":[{"embeddable":true,"href":"https:\/\/www.europesays.com\/no\/wp-json\/wp\/v2\/users\/2"}],"replies":[{"embeddable":true,"href":"https:\/\/www.europesays.com\/no\/wp-json\/wp\/v2\/comments?post=57882"}],"version-history":[{"count":0,"href":"https:\/\/www.europesays.com\/no\/wp-json\/wp\/v2\/posts\/57882\/revisions"}],"wp:featuredmedia":[{"embeddable":true,"href":"https:\/\/www.europesays.com\/no\/wp-json\/wp\/v2\/media\/57883"}],"wp:attachment":[{"href":"https:\/\/www.europesays.com\/no\/wp-json\/wp\/v2\/media?parent=57882"}],"wp:term":[{"taxonomy":"category","embeddable":true,"href":"https:\/\/www.europesays.com\/no\/wp-json\/wp\/v2\/categories?post=57882"},{"taxonomy":"post_tag","embeddable":true,"href":"https:\/\/www.europesays.com\/no\/wp-json\/wp\/v2\/tags?post=57882"}],"curies":[{"name":"wp","href":"https:\/\/api.w.org\/{rel}","templated":true}]}}