{"id":57886,"date":"2025-10-11T07:58:23","date_gmt":"2025-10-11T07:58:23","guid":{"rendered":"https:\/\/www.europesays.com\/no\/57886\/"},"modified":"2025-10-11T07:58:23","modified_gmt":"2025-10-11T07:58:23","slug":"norgespris-er-innfort-har-slosingen-startet","status":"publish","type":"post","link":"https:\/\/www.europesays.com\/no\/57886\/","title":{"rendered":"Norgespris er innf\u00f8rt: Har sl\u00f8singen startet?"},"content":{"rendered":"<p class=\"text-md pt-2 pb-8 mb-3 text-base border-b border-brandNeutral-900 dark:border-brandNeutral-100\">Denne kommentaren gir uttrykk for skribentens meninger.<\/p>\n<p>902.000 nordmenn har bestilt norgespris hjemme og\/eller p\u00e5 hytta.\u00a0Fra \u00e5 ha v\u00e6rt konstant kritisert, begynner flere n\u00e5 \u00e5 sl\u00e5 kontra om ordningen.<\/p>\n<p>Nordeas investeringsdirekt\u00f8r Robert N\u00e6ss <a href=\"https:\/\/www.aftenposten.no\/meninger\/debatt\/i\/5E9d8E\/kritikerne-av-norgespris-hevder-at-fastpris-gir-sloesing-det-stemmer-ikke?utm_source=iosapp&amp;utm_medium=share\" rel=\"nofollow noopener\" target=\"_blank\">sto i forrige uke<\/a> fram som en \u00f8konom som forsvarer norgespris. N\u00e6ss&#8217; jobbet p\u00e5 nittitallet med \u00e5 styre kraftproduksjonen i Bergen lysverker, og han avviser kontant at norgespris er sl\u00f8sing.<\/p>\n<p>N\u00e6ss&#8217; analyser viser at det ikke er noen sammenheng mellom pris og str\u00f8mforbruk det meste av \u00e5ret. Utetemperatur avgj\u00f8r. N\u00e6ss mener at 40 \u00f8re er en god pris, b\u00e5de for kraftprodusentene og forbrukerne.<\/p>\n<p>Champagne i jacuzzien<\/p>\n<p>Ogs\u00e5 Dagens N\u00e6ringsliv kaster seg p\u00e5. Det er elektrifisering oljeplattformer, ikke norgespris, som er utslagsgivende for den norske kraftbalansen, skriver <a href=\"https:\/\/www.dn.no\/leder\/dn-mener-busemannen-norgespris\/2-1-1878792\" rel=\"nofollow noopener\" target=\"_blank\">avisen<\/a>.<\/p>\n<p>De viser til at mange nordmenn kj\u00f8pte varmepumper ogs\u00e5 f\u00f8r str\u00f8mpriskrisen, da str\u00f8mprisen ofte var lavere enn norgesprisens 40 \u00f8re.<\/p>\n<p>DN skriver at Milj\u00f8partiet De Gr\u00f8nne og andre bruker norgespris som en busemann og at den svenske avisen Expressen har g\u00e5tt helt av skaftet.<\/p>\n<p>Expressen skrev at nordmenn vil drikke champagne i jacuzzien, mens svenskene m\u00e5 betale h\u00f8yere kraftpris. Norden er ett stort str\u00f8mmarked, og\u00a0hvis nordmenn \u00f8ker forbruket, g\u00e5r\u00a0prisen opp i nabolandene.<\/p>\n<p>Med den andre h\u00e5nda importerer vi store mengder billig vindkraft fra Sverige, og vi bruker Sveriges kraftnett til \u00e5 frakte norsk str\u00f8m fra nord til s\u00f8r.<\/p>\n<p>De kaldeste vinterdagene<\/p>\n<p>\u2013 Det er ikke bra hvis man finner p\u00e5 egne regler n\u00e5r man er del av et felles marked, sier driftssjef\u00a0Erik Ek i Svenska kraftn\u00e4t til <a href=\"https:\/\/e24.no\/energi-og-klima\/i\/rPkPXm\/svensk-ekspert-om-norgespris-paa-stroem-vanvittig\" rel=\"nofollow noopener\" target=\"_blank\">E24<\/a>.<\/p>\n<p>Han er redd for at nordmenn skal bruke mye str\u00f8m n\u00e5r det er knapphet. Da kan nabolandene m\u00e5tte starte opp sv\u00e6rt kostbar kraftproduksjon for \u00e5 sikre nok str\u00f8m. I Sverige er det da snakk om gass- og oljekraftverk.<\/p>\n<p>Det er alts\u00e5 ikke generell sl\u00f8sing som er problemet med norgespris. Det handler om noen ganske f\u00e5 timer de aller kaldeste vinterdagene, ofte i januar, n\u00e5r\u00a0kraftsystemet kan f\u00e5 problemer med \u00e5 levere.<\/p>\n<p>Finnes det en n\u00f8dventil?<\/p>\n<p>Det kan fortsatt v\u00e6re mye vann i magasinene, men kraftverkene og kraftnettet har ikke mer kapasitet. Normalt vil str\u00f8mprisen da stige kraftig og gi folk insentiv til \u00e5 ikke dusje eller lade bilen akkurat disse timene.<\/p>\n<p><a class=\"group clear-both w-full !no-underline my-8 sm:my-12 bg-stone-50 dark:bg-brandStone-700 dark:text-brandNeutral-100 flex items-stretch flex-nowrap\" href=\"https:\/\/www.tu.no\/artikler\/departementet-vil-ikke-offentliggjore-norgespris-dokumenter-for-valget\/562007\" rel=\"nofollow noopener\" target=\"_blank\"><img decoding=\"async\" class=\" object-cover h-full w-full transition-transform duration-700 ease-in-out group-hover:scale-[1.05] will-change-transform\" src=\"https:\/\/www.europesays.com\/no\/wp-content\/uploads\/2025\/08\/20250127-TB-209.jpg\"  alt=\"Energiminister Terje Aaslands departement vil ikke gi innsyn i den juridiske E\u00d8S-vurderingen av norgespris eller NVEs kostnadsestimater enn\u00e5.\" loading=\"lazy\"\/><\/p>\n<p>Les ogs\u00e5:<\/p>\n<p class=\"group-hover:underline text-brandNeutral-900 dark:text-brandNeutral-100 mt-2 text-base sm:text-xl leading-5 sm:leading-6 font-bold\">Vil ikke offentliggj\u00f8re norgespris-dokumenter f\u00f8r valget<\/p>\n<p><\/a><\/p>\n<p>Dette prissignalet forsvinner med norgespris.<\/p>\n<p>Regjeringen har sagt at de skal legge inn en n\u00f8dventil som opphever norgespris i en slik situasjon. Men de har ikke definert n\u00e5r det eventuelt kan inntreffe.<\/p>\n<p>Er sv\u00e6rt h\u00f8ye priser nok, eller m\u00e5 det n\u00e6rme seg blackout f\u00f8r energiministeren inndrar subsidiene?\u00a0Det vet vi ikke, til tross for flere fors\u00f8k <a href=\"https:\/\/www.stortinget.no\/no\/Saker-og-publikasjoner\/Sporsmal\/Skriftlige-sporsmal-og-svar\/Skriftlig-sporsmal\/?qnid=108761\" rel=\"nofollow noopener\" target=\"_blank\">fra Stortinget<\/a> p\u00e5 \u00e5 f\u00e5 svar. Det eneste\u00a0Terje Aasland (Ap) vil si, er at en slik situasjon er lite sannsynlig.<\/p>\n<p>Nordmenn som gasser seg<\/p>\n<p>S\u00e5 bortsett fra dette, hva er galt med norgespris? F\u00f8rst og fremst at det gir f\u00e6rre insentiver til \u00e5 flytte forbruk gjennom d\u00f8gnet. Hvorfor skal du ikke lade bilen under ettermiddags-toppen n\u00e5r det koster det samme uansett? Mer forbruk samtidig, \u00f8ker behovet for mer nett.<\/p>\n<p>For det andre: hvorfor skulle det absolutt gjelde hytter? Det har en sv\u00e6rt uheldig fordelingseffekt og framst\u00e5r som luksuri\u00f8st.<\/p>\n<p>Det er ogs\u00e5 un\u00f8dvendig provoserende ovenfor nabolandene og utl\u00f8ser reaksjoner som jacuzzi-kommentaren. Det fyrer ogs\u00e5 oppunder oppfatningen om oljerike nordmenn som tjente gode gasspenger p\u00e5 Putins energikrig.<\/p>\n<p>N\u00e5r Norge ogs\u00e5 planlegger \u00e5 fjerne den eldste kraftkabelen til Danmark, begynner naboene \u00e5 tvile p\u00e5 v\u00e5r solidaritet.<\/p>\n<p>Vi trenger nabohjelp<\/p>\n<p>Samtidig fors\u00f8ker et samlet Norden \u00e5 presse Tyskland til \u00e5 dele seg inn i flere prisomr\u00e5der. Det ville hjulpet mye p\u00e5 str\u00f8mprisene i S\u00f8r-Norge.<\/p>\n<p>Norge vil ogs\u00e5 gjerne ha nabolandenes st\u00f8tte til \u00e5 komme innenfor <a href=\"https:\/\/www.tu.no\/artikler\/trippelskvis-vil-ramme-norske-smelteverk-hardt\/556338\" rel=\"nofollow noopener\" target=\"_blank\">tollmuren<\/a> n\u00e5r EU skal beskytte seg mot USA og Kina. Akkurat n\u00e5 ser det ikke lyst ut.<\/p>\n<p>De s\u00e6rnorske tiltakene for \u00e5 skjerme oss mot str\u00f8mprisene, oppr\u00f8rer nok naboene mer enn vi i Norge forst\u00e5 \u2013 i en tid der vi trenger deres gunst mer enn noen gang.\u00a0\u00a0<\/p>\n<p><a class=\"group clear-both w-full !no-underline my-8 sm:my-12 bg-stone-50 dark:bg-brandStone-700 dark:text-brandNeutral-100 flex items-stretch flex-nowrap\" href=\"https:\/\/www.tu.no\/artikler\/undersokelse-fast-strompris-kan-pavirke-stromvaner\/561846\" rel=\"nofollow noopener\" target=\"_blank\"><img decoding=\"async\" class=\" object-cover h-full w-full transition-transform duration-700 ease-in-out group-hover:scale-[1.05] will-change-transform\" src=\"https:\/\/www.europesays.com\/no\/wp-content\/uploads\/2025\/10\/NTB_XLSXLTwwkNg.jpg\"  alt=\"Det er store geografiske forskjeller n\u00e5r det kommer til interessen for Norgespris.\" loading=\"lazy\"\/><\/p>\n<p>Les ogs\u00e5:<\/p>\n<p class=\"group-hover:underline text-brandNeutral-900 dark:text-brandNeutral-100 mt-2 text-base sm:text-xl leading-5 sm:leading-6 font-bold\">Unders\u00f8kelse: Fast str\u00f8mpris kan p\u00e5virke str\u00f8mvaner<\/p>\n<p><\/a><\/p>\n","protected":false},"excerpt":{"rendered":"Denne kommentaren gir uttrykk for skribentens meninger. 902.000 nordmenn har bestilt norgespris hjemme og\/eller p\u00e5 hytta.\u00a0Fra \u00e5 ha&hellip;\n","protected":false},"author":2,"featured_media":57887,"comment_status":"","ping_status":"","sticky":false,"template":"","format":"standard","meta":{"footnotes":""},"categories":[10],"tags":[20,21,382,24,25,15,266,22,23,13,30,28,29,14,16,26,27],"class_list":{"0":"post-57886","1":"post","2":"type-post","3":"status-publish","4":"format-standard","5":"has-post-thumbnail","7":"category-norge","8":"tag-breaking-news","9":"tag-breakingnews","10":"tag-energi","11":"tag-featured-news","12":"tag-featurednews","13":"tag-headlines","14":"tag-kommentar","15":"tag-latest-news","16":"tag-latestnews","17":"tag-news","18":"tag-no","19":"tag-norge","20":"tag-norway","21":"tag-nyheter","22":"tag-overskrifter","23":"tag-top-stories","24":"tag-topstories"},"share_on_mastodon":{"url":"","error":""},"_links":{"self":[{"href":"https:\/\/www.europesays.com\/no\/wp-json\/wp\/v2\/posts\/57886","targetHints":{"allow":["GET"]}}],"collection":[{"href":"https:\/\/www.europesays.com\/no\/wp-json\/wp\/v2\/posts"}],"about":[{"href":"https:\/\/www.europesays.com\/no\/wp-json\/wp\/v2\/types\/post"}],"author":[{"embeddable":true,"href":"https:\/\/www.europesays.com\/no\/wp-json\/wp\/v2\/users\/2"}],"replies":[{"embeddable":true,"href":"https:\/\/www.europesays.com\/no\/wp-json\/wp\/v2\/comments?post=57886"}],"version-history":[{"count":0,"href":"https:\/\/www.europesays.com\/no\/wp-json\/wp\/v2\/posts\/57886\/revisions"}],"wp:featuredmedia":[{"embeddable":true,"href":"https:\/\/www.europesays.com\/no\/wp-json\/wp\/v2\/media\/57887"}],"wp:attachment":[{"href":"https:\/\/www.europesays.com\/no\/wp-json\/wp\/v2\/media?parent=57886"}],"wp:term":[{"taxonomy":"category","embeddable":true,"href":"https:\/\/www.europesays.com\/no\/wp-json\/wp\/v2\/categories?post=57886"},{"taxonomy":"post_tag","embeddable":true,"href":"https:\/\/www.europesays.com\/no\/wp-json\/wp\/v2\/tags?post=57886"}],"curies":[{"name":"wp","href":"https:\/\/api.w.org\/{rel}","templated":true}]}}