{"id":57888,"date":"2025-10-11T07:59:09","date_gmt":"2025-10-11T07:59:09","guid":{"rendered":"https:\/\/www.europesays.com\/no\/57888\/"},"modified":"2025-10-11T07:59:09","modified_gmt":"2025-10-11T07:59:09","slug":"norge-israel-dette-ma-du-vite","status":"publish","type":"post","link":"https:\/\/www.europesays.com\/no\/57888\/","title":{"rendered":"Norge \u2013 Israel: Dette m\u00e5 du vite"},"content":{"rendered":"\n<p class=\"_lead_o9xde_2 _lead_xtcu6_50 layout-component text-serif-m layout-normal text-serif-l layout-component layout-wide layout-padded _wide_17hqh_1 layout-padded\">Kollektivstreik, demonstrasjoner, store sikkerhetstiltak og en uhyre viktig fotballkamp \u2013 dette m\u00e5 du vite om Norges kamp mot Israel.<\/p>\n<p><img alt=\" Foto: Hallgeir V\u00e5genes \/ VG\" class=\"_image_qp4xg_65 layout-component layout-wide\" data-fullscreen- data-track-element-type=\"Article image fullscreen\" data-track-name=\"ImageFullscreen\" fetchpriority=\"high\" decoding=\"sync\" loading=\"eager\" height=\"5685\" itemprop=\"image\"  src=\"https:\/\/www.europesays.com\/no\/wp-content\/uploads\/2025\/10\/b5465878-3058-462b-80bb-eaeed85d3de7\"  style=\"object-position:0% 0%\" width=\"7580\"\/> Foto: Hallgeir V\u00e5genes \/ VG<\/p>\n<ul aria-hidden=\"true\" class=\"_images_1y6fe_106\">\n<li><a class=\"_link_1y6fe_111\" href=\"https:\/\/www.vg.no\/forfatter\/jens-friberg\" style=\"z-index:1\" title=\"Jens Friberg\" rel=\"nofollow noopener\" target=\"_blank\"><img alt=\"Bilde av Jens Friberg\" class=\"_image_1y6fe_88\" fetchpriority=\"low\" loading=\"lazy\" decoding=\"async\" itemprop=\"image\"  src=\"https:\/\/www.europesays.com\/no\/wp-content\/uploads\/2025\/10\/d5a4433c-4b68-4c86-a3bf-a19d98457272\"  width=\"480\"\/><\/a><\/li>\n<\/ul>\n<p> Oppdatert l\u00f8rdag 11. oktober kl. 09:45     <\/p>\n<p class=\"_paragraph_o9xde_4 _paragraph_xtcu6_10 layout-component text-serif-m layout-normal text-serif-m layout-padded\">Klokken 18.00 er det avspark i en av \u00e5rets viktigste fotballkamper for det norske herrelandslaget.<\/p>\n<p class=\"_paragraph_o9xde_4 _paragraph_xtcu6_10 layout-component text-serif-m layout-normal text-serif-m layout-padded\">Israel st\u00e5r p\u00e5 motsatt banehalvdel og rammen rundt kampen har preget oppladningen til oppgj\u00f8ret.<\/p>\n<p> 1 Hva skjer i Oslo i forbindelse med landskampen mellom Norge og Israel?<\/p>\n<p class=\"_paragraph_o9xde_4 _paragraph_xtcu6_10 layout-component text-serif-m layout-normal text-serif-m layout-padded\">L\u00f8rdag 11. oktober spilles en viktig VM-kvalifiseringskamp mellom Norge og Israel p\u00e5 Ullevaal stadion. Det er planlagt en stor demonstrasjon i Oslo sentrum i forkant av kampen, og det er ogs\u00e5 innf\u00f8rt ekstra sikkerhetstiltak rundt stadion. Kollektivtrafikken vil bli p\u00e5virket av b\u00e5de demonstrasjonen og en politisk streik.<\/p>\n<p>  2 Hva betyr denne kampen for Norges VM-sjanser?<\/p>\n<p class=\"_paragraph_o9xde_4 _paragraph_xtcu6_10 layout-component text-serif-m layout-normal text-serif-m layout-padded\">Mye!<\/p>\n<p class=\"_paragraph_o9xde_4 _paragraph_xtcu6_10 layout-component text-serif-m layout-normal text-serif-m layout-padded\">Vinner Norge denne kampen, skal veldig mye g\u00e5 galt for at det ikke blir billett til VM i 2026. Da gjenst\u00e5r kun Estland hjemme og Italia borte, og sistnevnte vil man ha r\u00e5d til \u00e5 tape (gitt at Estland blir sl\u00e5tt).<\/p>\n<p class=\"_paragraph_o9xde_4 _paragraph_xtcu6_10 layout-component text-serif-m layout-normal text-serif-m layout-padded\">Derfor er det mange som ser p\u00e5 denne kampen som selve n\u00f8kkelkampen i det som gjenst\u00e5r av Norges VM-kvalifisering. Her kan du plotte inn resultatene og se selv:<\/p>\n<p>  3 Hvorfor er kampen mellom Norge og Israel kontroversiell?<\/p>\n<p class=\"_paragraph_o9xde_4 _paragraph_xtcu6_10 layout-component text-serif-m layout-normal text-serif-m layout-padded\">Kampen er kontroversiell p\u00e5 grunn av den p\u00e5g\u00e5ende konflikten mellom Israel og Palestina. FN og menneskerettighetsorganisasjoner har anklaget Israel for folkemord p\u00e5 Gaza, og det er sterke meninger om hvorvidt Israel burde f\u00e5 delta i internasjonal fotball. Dette har f\u00f8rt til debatt og planlagte demonstrasjoner i forbindelse med kampen.<\/p>\n<p>  4 Hva g\u00e5r demonstrasjonen i Oslo ut p\u00e5?<\/p>\n<p class=\"_paragraph_o9xde_4 _paragraph_xtcu6_10 layout-component text-serif-m layout-normal text-serif-m layout-padded\">Demonstrasjonen er organisert av Palestinakomiteen i Oslo, Aksjonsgruppen for Palestina og Norsk Folkehjelp. Den starter klokken 14 i Spikersuppa og inkluderer en marsj til Ullevaal stadion, hvor det blir appeller og musikk. Demonstrasjonen er ment \u00e5 v\u00e6re fredelig og synlig, uten \u00e5 forstyrre selve kampen.<\/p>\n<p>     5 Hvilke sikkerhetstiltak er innf\u00f8rt rundt Ullevaal stadion?<\/p>\n<p class=\"_paragraph_o9xde_4 _paragraph_xtcu6_10 layout-component text-serif-m layout-normal text-serif-m layout-padded\">Det er innf\u00f8rt flere sikkerhetstiltak, blant annet stengte veier tre timer f\u00f8r kampstart, forbud mot store sekker og bager, og tidligere \u00e5pning av stadion. Politiet vil v\u00e6re synlig til stede b\u00e5de inne og utenfor stadion, og det er satt opp ekstra T-baner for \u00e5 h\u00e5ndtere publikum.<\/p>\n<p class=\"_paragraph_o9xde_4 _paragraph_xtcu6_10 layout-component text-serif-m layout-normal text-serif-m layout-padded\">Inne p\u00e5 stadion er antallet billetter redusert med rundt 3000, og enkelte deler av tribunen n\u00e6rmest banen sperret av. Dette ogs\u00e5 for \u00e5 trygge sikekrheten, som NFF har ansvar om i selve kampen.<\/p>\n<p>  6 Hvordan p\u00e5virkes kollektivtrafikken i Oslo av streiken p\u00e5 kampdagen?<\/p>\n<p class=\"_paragraph_o9xde_4 _paragraph_xtcu6_10 layout-component text-serif-m layout-normal text-serif-m layout-padded\">Kollektivtrafikken vil bli p\u00e5virket av en politisk streik mellom klokken 17.00 og 17.15, hvor T-banen, trikken og enkelte busser stopper opp. I tillegg vil demonstrasjonen i Spikersuppa og landskampen f\u00f8re til omkj\u00f8ringer og stengte stasjoner. Ruter anbefaler reisende \u00e5 planlegge godt og bruke reiseplanleggeren.<\/p>\n<p class=\"_paragraph_o9xde_4 _paragraph_xtcu6_10 layout-component text-serif-m layout-normal text-serif-m layout-padded\">Det er Oslo Sporveiers Arbeiderforening som streiker. Hensikten er \u00e5 vise st\u00f8tte til Palestina.<\/p>\n<p class=\"_paragraph_o9xde_4 _paragraph_xtcu6_10 layout-component text-serif-m layout-normal text-serif-m layout-padded\">Fagforeningens budskap er \u00abStans folkemordet, oljefondet ut av Israel\u00bb.<\/p>\n<p class=\"_paragraph_o9xde_4 _paragraph_xtcu6_10 layout-component text-serif-m layout-normal text-serif-m layout-padded\">\u2013 V\u00e5re skattepenger skal ikke bidra til okkupasjonsmakten Israel, sa Sores Yuzer i arbeiderforeningen til Dagsavisen 29. september.<\/p>\n<p>  7 Hva sier arrang\u00f8rene om politiske ytringer p\u00e5 stadion?<\/p>\n<p class=\"_paragraph_o9xde_4 _paragraph_xtcu6_10 layout-component text-serif-m layout-normal text-serif-m layout-padded\">Norges Fotballforbund har sagt at politiske ytringer som bannere og plakater ikke er lov inne p\u00e5 stadion. Sm\u00e5 Palestina-flagg og skjerf er imidlertid tillatt. Arrang\u00f8rene oppfordrer publikum til \u00e5 heie p\u00e5 Norge og f\u00f8lge politiets anvisninger.<\/p>\n<p>  8 Hva er bakgrunnen for konflikten mellom Israel og Palestina?<\/p>\n<p class=\"_paragraph_o9xde_4 _paragraph_xtcu6_10 layout-component text-serif-m layout-normal text-serif-m layout-padded\">Konflikten mellom Israel og Palestina handler om territorium, selvstyre og rettigheter. Den har p\u00e5g\u00e5tt i flere ti\u00e5r. Krigen p\u00e5 Gazastripen br\u00f8t ut etter Hamas-angrepet mot Israel 7. oktober 2023, der dr\u00f8yt 1200 mennesker ble drept og 251 personer bortf\u00f8rt.<\/p>\n<p class=\"_paragraph_o9xde_4 _paragraph_xtcu6_10 layout-component text-serif-m layout-normal text-serif-m layout-padded\">Siden den gang er over 67.000 palestinere drept i israelske angrep, if\u00f8lge tall fra helsemyndighetene i Gaza. FN anser tallene for \u00e5 v\u00e6re p\u00e5litelige. Tallene p\u00e5 drepte antas av flere samtidig \u00e5 v\u00e6re langt h\u00f8yere.<\/p>\n<p class=\"_paragraph_o9xde_4 _paragraph_xtcu6_10 layout-component text-serif-m layout-normal text-serif-m layout-padded\">En FN-kommisjon og verdens ledende menneskerettighetsorganisasjoner har konkludert med at Israel beg\u00e5r folkemord i Gaza.<\/p>\n<p class=\"_paragraph_o9xde_4 _paragraph_xtcu6_10 layout-component text-serif-m layout-normal text-serif-m layout-padded\">Verdens ledende myndighet p\u00e5 hungersn\u00f8d uttalte i august at Gaza by er drevet inn i sultkatastrofe.<\/p>\n<p class=\"_paragraph_o9xde_4 _paragraph_xtcu6_10 layout-component text-serif-m layout-normal text-serif-m layout-padded\">11. oktober inngikk Israel og Hamas en v\u00e5penhvileavtale. Den kan\u00a0<a href=\"https:\/\/www.vg.no\/nyheter\/i\/yEk90K\/israel-godkjenner-vaaapenhvileavtalen\" data-track-element-type=\"Link\" data-track-id=\"link:yEk90K\" class=\"_link_o9xde_39\" rel=\"nofollow noopener\" target=\"_blank\">du lese mer om her<\/a>.<\/p>\n<p>     9 Hva sier Norges Fotballforbund om sikkerheten under kampen?<\/p>\n<p class=\"_paragraph_o9xde_4 _paragraph_xtcu6_10 layout-component text-serif-m layout-normal text-serif-m layout-padded\">Norges Fotballforbund sier at de har gjort alt de kan for \u00e5 sikre at kampen gjennomf\u00f8res trygt. Politiet vil v\u00e6re til stede med kort responstid, og det er innf\u00f8rt flere sikkerhetstiltak for \u00e5 beskytte publikum og spillere.<\/p>\n<p>  10 Slik ser du Norge \u2013 Israel p\u00e5 TV<\/p>\n<p class=\"_paragraph_o9xde_4 _paragraph_xtcu6_10 layout-component text-serif-m layout-normal text-serif-m layout-padded\">Norge \u2013 Israel sendes p\u00e5 TV 2 Direkte og TV 2 Play. Kampstart er klokken 18.00, men sendingen begynner 17.30.<\/p>\n<p class=\"_paragraph_o9xde_4 _paragraph_xtcu6_10 layout-component text-serif-m layout-normal text-serif-m layout-padded\">NRK Sport dekker kampen p\u00e5 radio.<\/p>\n<p class=\"_paragraph_o9xde_4 _paragraph_xtcu6_10 layout-component text-serif-m layout-normal text-serif-m layout-padded\">I tillegg kan du f\u00f8lge kampen i <a href=\"https:\/\/vglive.vg.no\/kamp\/norge-israel\/680201\/rapport\" class=\"_link_o9xde_39\" rel=\"nofollow noopener\" target=\"_blank\">VG Live<\/a>. VG oppdaterer med siste nytt gjennom hele dagen p\u00e5 VG.no.<\/p>\n<p>  11 Hva skjedde p\u00e5 pressekonferansen med Lise Klaveness?<\/p>\n<p class=\"_paragraph_o9xde_4 _paragraph_xtcu6_10 layout-component text-serif-m layout-normal text-serif-m layout-padded\">Lise Klaveness, fotballpresident i Norge, m\u00f8tte pressen f\u00f8r kampen mellom Norge og Israel. Hun fikk flere kritiske sp\u00f8rsm\u00e5l fra israelske journalister om Norges Fotballforbunds (NFF) h\u00e5ndtering av situasjonen i Gaza og deres beslutning om \u00e5 donere billettinntektene fra kampen til Leger Uten Grenser. Klaveness understreket at NFFs engasjement er humanit\u00e6rt og ikke politisk.<\/p>\n<p>  12 Hvorfor donerer NFF billettinntektene fra Israel-kampen til Leger Uten Grenser?<\/p>\n<p class=\"_paragraph_o9xde_4 _paragraph_xtcu6_10 layout-component text-serif-m layout-normal text-serif-m layout-padded\">If\u00f8lge Lise Klaveness har NFF hatt dialog med Leger Uten Grenser i over to \u00e5r. Da kampen mot Israel n\u00e6rmet seg, f\u00f8ltes det naturlig \u00e5 gi pengene til humanit\u00e6rt arbeid for \u00e5 hjelpe mennesker i n\u00f8d. Klaveness understreket at dette ikke handler om politikk, men om \u00e5 bidra der det trengs mest.<\/p>\n<p>  13 Hva svarte Klaveness p\u00e5 anklagen om at NFF vil utestenge Israel fra UEFA og FIFA?<\/p>\n<p class=\"_paragraph_o9xde_4 _paragraph_xtcu6_10 layout-component text-serif-m layout-normal text-serif-m layout-padded\">Klaveness avviste p\u00e5standen og sa at NFF ikke jobber for \u00e5 utestenge Israel. Hun forklarte at NFFs arbeid handler om rettsbaserte prinsipper og ikke politikk. Israels fotballpresident Moshe Zuares har ogs\u00e5 kalt spekulasjonene om utestengelse for \u00abfake news\u00bb.<\/p>\n<p>  14 Hva sa Israels fotballpresident Moshe Zuares om Lise Klaveness?<\/p>\n<p class=\"_paragraph_o9xde_4 _paragraph_xtcu6_10 layout-component text-serif-m layout-normal text-serif-m layout-padded\">Moshe Zuares kritiserte Lise Klaveness og hevdet at hun ikke hadde uttrykt sympati etter Hamas-angrepet mot Israel 7. oktober. Han sa ogs\u00e5 at han var lei av det han kalte hennes provokasjoner. Klaveness svarte at hun hadde sendt en melding 7. oktober og f\u00e5tt et vennlig svar, og at hun foretrekker \u00e5 kommunisere ansikt til ansikt.<\/p>\n","protected":false},"excerpt":{"rendered":"Kollektivstreik, demonstrasjoner, store sikkerhetstiltak og en uhyre viktig fotballkamp \u2013 dette m\u00e5 du vite om Norges kamp mot&hellip;\n","protected":false},"author":2,"featured_media":57889,"comment_status":"","ping_status":"","sticky":false,"template":"","format":"standard","meta":{"footnotes":""},"categories":[5],"tags":[20,21,24,25,15,3163,19,22,23,2451,17,18,13,30,28,4049,29,14,16,26,27,46],"class_list":{"0":"post-57888","1":"post","2":"type-post","3":"status-publish","4":"format-standard","5":"has-post-thumbnail","7":"category-overskrifter","8":"tag-breaking-news","9":"tag-breakingnews","10":"tag-featured-news","11":"tag-featurednews","12":"tag-headlines","13":"tag-herrelandslaget-fotball","14":"tag-hovedoppslag","15":"tag-latest-news","16":"tag-latestnews","17":"tag-lise-klaveness","18":"tag-main-news","19":"tag-mainnews","20":"tag-news","21":"tag-no","22":"tag-norge","23":"tag-norges-fotballforbund","24":"tag-norway","25":"tag-nyheter","26":"tag-overskrifter","27":"tag-top-stories","28":"tag-topstories","29":"tag-vgai"},"share_on_mastodon":{"url":"","error":""},"_links":{"self":[{"href":"https:\/\/www.europesays.com\/no\/wp-json\/wp\/v2\/posts\/57888","targetHints":{"allow":["GET"]}}],"collection":[{"href":"https:\/\/www.europesays.com\/no\/wp-json\/wp\/v2\/posts"}],"about":[{"href":"https:\/\/www.europesays.com\/no\/wp-json\/wp\/v2\/types\/post"}],"author":[{"embeddable":true,"href":"https:\/\/www.europesays.com\/no\/wp-json\/wp\/v2\/users\/2"}],"replies":[{"embeddable":true,"href":"https:\/\/www.europesays.com\/no\/wp-json\/wp\/v2\/comments?post=57888"}],"version-history":[{"count":0,"href":"https:\/\/www.europesays.com\/no\/wp-json\/wp\/v2\/posts\/57888\/revisions"}],"wp:featuredmedia":[{"embeddable":true,"href":"https:\/\/www.europesays.com\/no\/wp-json\/wp\/v2\/media\/57889"}],"wp:attachment":[{"href":"https:\/\/www.europesays.com\/no\/wp-json\/wp\/v2\/media?parent=57888"}],"wp:term":[{"taxonomy":"category","embeddable":true,"href":"https:\/\/www.europesays.com\/no\/wp-json\/wp\/v2\/categories?post=57888"},{"taxonomy":"post_tag","embeddable":true,"href":"https:\/\/www.europesays.com\/no\/wp-json\/wp\/v2\/tags?post=57888"}],"curies":[{"name":"wp","href":"https:\/\/api.w.org\/{rel}","templated":true}]}}