{"id":57898,"date":"2025-10-11T08:12:08","date_gmt":"2025-10-11T08:12:08","guid":{"rendered":"https:\/\/www.europesays.com\/no\/57898\/"},"modified":"2025-10-11T08:12:08","modified_gmt":"2025-10-11T08:12:08","slug":"politi-gjovik-ruskjoring-pa-el-sparkesykkel-og-alvorlige-trusler-mot-politiet","status":"publish","type":"post","link":"https:\/\/www.europesays.com\/no\/57898\/","title":{"rendered":"Politi, Gj\u00f8vik | Ruskj\u00f8ring p\u00e5 el-sparkesykkel og alvorlige trusler mot politiet"},"content":{"rendered":"\n<p>Fredag kveld var preget av flere hendelser der el-sparkesykler var involvert. <a href=\"https:\/\/www.oa.no\/el-sparkesyklist-traff-asfaltkant-sendt-til-sykehus\/s\/5-35-2171238\" rel=\"Follow nofollow noopener\" target=\"_blank\">P\u00e5 Gj\u00f8vik ble en person sendt til sykehus<\/a> etter \u00e5 ha truffet en asfaltkant, mens p\u00e5 Braskereidfoss ble<a href=\"https:\/\/www.oa.no\/alvorlig-ulykke-mellom-el-sparkesykkel-og-bil\/s\/80-69-119649\" rel=\"Follow nofollow noopener\" target=\"_blank\"> to personer sendt til sykehus<\/a> med luftambulanse etter \u00e5 ha blitt p\u00e5kj\u00f8rt av en bil mens de sto p\u00e5 el-sparkesykler.<\/p>\n<p>Natt til l\u00f8rdag m\u00e5tte politiet p\u00e5 Gj\u00f8vik gripe inn mot en mann i 20-\u00e5rene.<\/p>\n<p>If\u00f8lge politiets operasjonsleder Vidar Flokenes kom patruljen over mannen som de mistenker kj\u00f8rte el-sparkesykkel i rusp\u00e5virket tilstand. Han ble fremstilt for bevissikring hos lege. <\/p>\n<p>Politiet meldte om hendelsen klokka 03.20.<\/p>\n<p>Det har ogs\u00e5 v\u00e6rt flere hendelser rundt Mj\u00f8sa og ellers i Innlandet. I Gudbrandsdalen mottok politiet meldinger om en beruset mann som satte seg inn en bil og kj\u00f8rte fra Vinstra. <\/p>\n<p>&#8211; Politiet opps\u00f8kte mannen som var noe avvisende og motvillig til \u00e5 avgi b\u00e5de bl\u00e5sepr\u00f8ve og blodpr\u00f8ve. Politiet m\u00e5tte bruke litt makt og sette h\u00e5ndjern p\u00e5 mannen. Mannen fremsatte alvorlige trusler mot politipatruljen. Deretter m\u00e5tte mannen b\u00e6res inn i politibilen, f\u00f8r ferden gikk videre til politiarresten, melder Flokenes.<\/p>\n<p>Politiet har opprettet sak etter hendelsen.<\/p>\n<p>P\u00e5 Hamar ble i alt \u00e5tte kranglefanter i 20-\u00e5rene bortvist fra sentrum etter \u00e5 v\u00e6rt ufine b\u00e5de mot betjeningen p\u00e5 Cirkle K Vangsvegen og hverandre. <\/p>\n<p>&#8211; Litt for lite p\u00f8lser p\u00e5 grillen skal ha v\u00e6rt medvirkende \u00e5rsak. Ingen anmeldelse fra noen av partene, opplyser operasjonslederen.<\/p>\n","protected":false},"excerpt":{"rendered":"Fredag kveld var preget av flere hendelser der el-sparkesykler var involvert. P\u00e5 Gj\u00f8vik ble en person sendt til&hellip;\n","protected":false},"author":2,"featured_media":4217,"comment_status":"","ping_status":"","sticky":false,"template":"","format":"standard","meta":{"footnotes":""},"categories":[10],"tags":[36,20,21,24,25,1088,15,22,23,13,30,28,29,14,16,254,4857,1510,26,27],"class_list":{"0":"post-57898","1":"post","2":"type-post","3":"status-publish","4":"format-standard","5":"has-post-thumbnail","7":"category-norge","8":"tag-art","9":"tag-breaking-news","10":"tag-breakingnews","11":"tag-featured-news","12":"tag-featurednews","13":"tag-gjovik","14":"tag-headlines","15":"tag-latest-news","16":"tag-latestnews","17":"tag-news","18":"tag-no","19":"tag-norge","20":"tag-norway","21":"tag-nyheter","22":"tag-overskrifter","23":"tag-politi","24":"tag-ruskjoring","25":"tag-story","26":"tag-top-stories","27":"tag-topstories"},"share_on_mastodon":{"url":"","error":""},"_links":{"self":[{"href":"https:\/\/www.europesays.com\/no\/wp-json\/wp\/v2\/posts\/57898","targetHints":{"allow":["GET"]}}],"collection":[{"href":"https:\/\/www.europesays.com\/no\/wp-json\/wp\/v2\/posts"}],"about":[{"href":"https:\/\/www.europesays.com\/no\/wp-json\/wp\/v2\/types\/post"}],"author":[{"embeddable":true,"href":"https:\/\/www.europesays.com\/no\/wp-json\/wp\/v2\/users\/2"}],"replies":[{"embeddable":true,"href":"https:\/\/www.europesays.com\/no\/wp-json\/wp\/v2\/comments?post=57898"}],"version-history":[{"count":0,"href":"https:\/\/www.europesays.com\/no\/wp-json\/wp\/v2\/posts\/57898\/revisions"}],"wp:featuredmedia":[{"embeddable":true,"href":"https:\/\/www.europesays.com\/no\/wp-json\/wp\/v2\/media\/4217"}],"wp:attachment":[{"href":"https:\/\/www.europesays.com\/no\/wp-json\/wp\/v2\/media?parent=57898"}],"wp:term":[{"taxonomy":"category","embeddable":true,"href":"https:\/\/www.europesays.com\/no\/wp-json\/wp\/v2\/categories?post=57898"},{"taxonomy":"post_tag","embeddable":true,"href":"https:\/\/www.europesays.com\/no\/wp-json\/wp\/v2\/tags?post=57898"}],"curies":[{"name":"wp","href":"https:\/\/api.w.org\/{rel}","templated":true}]}}