{"id":57921,"date":"2025-10-11T08:34:10","date_gmt":"2025-10-11T08:34:10","guid":{"rendered":"https:\/\/www.europesays.com\/no\/57921\/"},"modified":"2025-10-11T08:34:10","modified_gmt":"2025-10-11T08:34:10","slug":"kollektivtransport-t-bane-i-dag-blir-det-streik-i-kollektivtrafikken","status":"publish","type":"post","link":"https:\/\/www.europesays.com\/no\/57921\/","title":{"rendered":"Kollektivtransport, T-bane | I dag blir det streik i kollektivtrafikken"},"content":{"rendered":"\n<p><a href=\"https:\/\/www.ao.no\/streik-i-kollektivtrafikken-for-landskampen-mellom-norge-og-israel-i-oslo\/s\/5-128-1164781\" rel=\"Follow nofollow noopener\" target=\"_blank\">(Avisa Oslo)<\/a>: Gjennombruddet i arbeidet med en fredsplan endrer ikke planene til Oslo Sporveier Arbeiderforening (OSA) om politisk streik med budskapet: \u00abStans folkemordet, oljefondet ut av Israel.\u00bb<\/p>\n<p>\u2013 Vi er positive til at det jobbes med fred, sier nestleder Sores Yuzer i OSA.<\/p>\n<p>Samtidig viser han til at blant annet finansministeren i Israel vil stemme nei.<\/p>\n<p><b>\u2013 Streiken g\u00e5r som planlagt, fortsetter Yuzer.<\/b><\/p>\n<p><b>Det betyr at alle trikker og T-baner stanser i 15 minutter fra 17:00 til 17:15. Det skjer f\u00f8r l\u00f8rdagens landskamp mellom Norge og Israel klokken 18:00.<\/b><\/p>\n<p>Se hvordan dette rammer tilbudet i B\u00e6rum lenger ned i saken.<\/p>\n<p>Enda en akt\u00f8r streiker<\/p>\n<p>Hvordan streiken p\u00e5virker bussene, er vanskelig \u00e5 forutse helt n\u00f8yaktig.<\/p>\n<p>Dette skyldes at det kun er kommunalt eide , et av fire rutebusselskaper i Oslo, som deltar.<\/p>\n<p>De ansatte bussj\u00e5f\u00f8rene er igjen organisert av tre forskjellige fagforeninger. To av dem er med p\u00e5 streiken, OSA og Fellesforbundet, mens den tredje ikke er det \u2013 Yrkestrafikkforbundet.<\/p>\n<p>Opprinnelig var det bare OSA-medlemmer som skulle streike, men nylig sluttet Fellesforbundet seg til streiken.<\/p>\n<p>Det betyr at streiken p\u00e5 bussene er utvidet, ettersom flesteparten av Unibuss&#8217; bussj\u00e5f\u00f8rer skal delta i markeringen.<\/p>\n<p><b>\u2013 Vi har tatt beslutningen om \u00e5 bli med fordi vi har tilknytning til Sporveien siden Unibuss er eid av dem, svarer hovedtillitsvalgt for Fellesforbundet i Unibuss-klubben i Oslo, Mukhtar Ahmad.<\/b><\/p>\n<p>   <img decoding=\"async\" width=\"6521\" height=\"4173\" fetchpriority=\"low\"  loading=\"lazy\"  src=\"https:\/\/www.europesays.com\/no\/wp-content\/uploads\/2025\/10\/1760171649_891_0A0A9222+%281%29.jpg\" alt=\"Bilder tatt av kollektivtransport fra The Hub. Trikk \/ Buss \/ Jernbanetorget\" class=\"brick-c-cFOWSL\" style=\"--brick-image-ratio: 6521 \/ 4173;\"\/><\/p>\n<p>    Alle trikker og T-baner vil st\u00e5 stille i 15 minutter, men ikke alle bussene.<br \/>\n    Foto: Halvor Dahle Uggerud \/ Avisa Oslo\n  <\/p>\n<p>  Disse linjene kan stoppe<\/p>\n<p><b>Det betyr at mange av linjene som Unibuss kj\u00f8rer kan stoppes p\u00e5 l\u00f8rdag, men ikke alle.<\/b><\/p>\n<p>Det avhenger av om sj\u00e5f\u00f8ren som kj\u00f8rer akkurat da er organisert i OSA eller Fellesforbundet.<\/p>\n<p>De fleste av Unibuss&#8217; linjer er i indre by og Oslo \u00f8st. <a href=\"https:\/\/www.ao.no\/trikk-buss-og-t-bane-i-oslo-stopper-lordag-11-oktober-for-palestina\/s\/5-128-1163230\" rel=\"Follow nofollow noopener\" target=\"_blank\">Ruter anbefaler at reisende planlegger turen sin i god tid.<\/a><\/p>\n<ul>\n<li>Linje 20: Sk\u00f8yen \u2013 Galgeberg (- Helsfyr)<\/li>\n<li>Linje 21: Tjuvholmen \u2013 Helsfyr T<\/li>\n<li>Linje 25: Majorstuen \u2013 Haugerud<\/li>\n<li><b>Linje 28: Fornebu \u2013 \u00d8kern T<\/b><\/li>\n<li>Linje 30: Bygd\u00f8y \u2013 Nydalen<\/li>\n<li><b>Linje 31: Fornebu \u2013 Snar\u00f8ya \u2013 Tonsenhagen \u2013 Grorud<\/b><\/li>\n<li>Linje 34: T\u00e5sen \u2013 Ekeberg hageby<\/li>\n<li>Linje 37: Nydalen T \u2013 Helsfyr<\/li>\n<li>Linje 41: R\u00f8a T \u2013 S\u00f8rkedalen<\/li>\n<li>Linje 42: Voksen skog \u2013 Tjuvholmen<\/li>\n<li>Linje 51: Maridalen \u2013 Nydalen T<\/li>\n<li>Linje 54: Kjels\u00e5s stasjon \u2013 Kv\u00e6rnerbyen<\/li>\n<li>Linje 56: Nydalen T \u2013 Solemskogen<\/li>\n<li>Linje 56B: Nydalen T \u2013 Grefsenkollen<\/li>\n<li>Linje 58: Nydalen \u2013 B\u00f8ler<\/li>\n<li>Linje 60: Vippetangen \u2013 Tonsenhagen<\/li>\n<li>Linje 62: Ammerud ring<\/li>\n<li>Linje 64: Furuset T \u2013 Stovner T via H\u00f8ybr\u00e5ten<\/li>\n<li>Linje 65: Furuset T \u2013 Stovner T via Smedstua<\/li>\n<li>Linje 66: Helsfyr \u2013 Grorud T<\/li>\n<li>Linje 67: \u00d8kern T \u2013 L\u00f8renskog sentrum<\/li>\n<li>Linje 68: Helsfyr \u2013 Grorud T via Alfaset<\/li>\n<li>Linje 69: Tveita T \u2013 Lutvann<\/li>\n<\/ul>\n<p>Alle andre linjer i Oslo kj\u00f8res av selskapene Nobina, Connect Bus og Vy Buss. Ingen av disse selskapene er med p\u00e5 streiken.<\/p>\n<p>  <a href=\"https:\/\/www.budstikka.no\/5-55-2107031\" class=\"related-teaser has-image default-story-teaser article--c-eRUmMG article--c-eRUmMG-jKCPdD-design-default\" rel=\"nofollow noopener\" target=\"_blank\"><\/p>\n<p>    <img decoding=\"async\" loading=\"lazy\"  src=\"https:\/\/www.europesays.com\/no\/wp-content\/uploads\/2025\/10\/5_55_1649661_24_sam_oslo_25.jpg\" alt=\"\" class=\"brick-c-cFOWSL\" style=\"\"\/><\/p>\n<p>\n            Les ogs\u00e5<\/p>\n<p>              N\u00e5 \u00f8ker bompengene i Oslo-omr\u00e5det\n        <\/p>\n<p>  <\/a><\/p>\n<p>  <a href=\"https:\/\/www.budstikka.no\/5-55-2101242\" class=\"related-teaser has-image default-story-teaser article--c-eRUmMG article--c-eRUmMG-jKCPdD-design-default\" rel=\"nofollow noopener\" target=\"_blank\"><\/p>\n<p>    <img decoding=\"async\" loading=\"lazy\"  src=\"https:\/\/www.europesays.com\/no\/wp-content\/uploads\/2025\/10\/T-banen_libje_2_til__stera_s___3_av_5_.jpg\" alt=\"\" class=\"brick-c-cFOWSL\" style=\"\"\/><\/p>\n<p>\n            Les ogs\u00e5<\/p>\n<p>              Varslet billigere m\u00e5nedskort &#8211; n\u00e5 st\u00e5r priskuttet i fare\n        <\/p>\n<p>  <\/a><\/p>\n<p>  <a href=\"https:\/\/www.budstikka.no\/5-55-2098428\" class=\"related-teaser has-image default-story-teaser article--c-eRUmMG article--c-eRUmMG-jKCPdD-design-default\" rel=\"nofollow noopener\" target=\"_blank\"><\/p>\n<p>    <img decoding=\"async\" loading=\"lazy\"  src=\"https:\/\/www.europesays.com\/no\/wp-content\/uploads\/2025\/10\/IMG_99692.JPG\" alt=\"\" class=\"brick-c-cFOWSL\" style=\"\"\/><\/p>\n<p>\n            Les ogs\u00e5<\/p>\n<p>              Har betalt 1.745 kroner i m\u00e5neden med glede \u2013 frem til n\u00e5: \u2013 Mer og mer frustrert\n        <\/p>\n<p>  <\/a><\/p>\n<p>  <a href=\"https:\/\/www.budstikka.no\/5-55-2081471\" class=\"related-teaser has-image default-story-teaser article--c-eRUmMG article--c-eRUmMG-jKCPdD-design-default\" rel=\"nofollow noopener\" target=\"_blank\"><\/p>\n<p>    <img decoding=\"async\" loading=\"lazy\"  src=\"https:\/\/www.europesays.com\/no\/wp-content\/uploads\/2025\/10\/FC1B2CC3-5D43-429E-B169-0CFA9D088DA9-84434-00000EF17F6CEE7B.jpg\" alt=\"\" class=\"brick-c-cFOWSL\" style=\"\"\/><\/p>\n<p>\n            Les ogs\u00e5<\/p>\n<p>              Marius (31) har ingen andre alternativer: \u2013\u00a0Skikkelig kl\u00f8nete\n        <\/p>\n<p>  <\/a><\/p>\n","protected":false},"excerpt":{"rendered":"(Avisa Oslo): Gjennombruddet i arbeidet med en fredsplan endrer ikke planene til Oslo Sporveier Arbeiderforening (OSA) om politisk&hellip;\n","protected":false},"author":2,"featured_media":57178,"comment_status":"","ping_status":"","sticky":false,"template":"","format":"standard","meta":{"footnotes":""},"categories":[5],"tags":[36,20,21,24,25,925,15,19,5135,22,23,17,18,13,30,28,29,14,16,287,4499,1510,1196,26,27],"class_list":{"0":"post-57921","1":"post","2":"type-post","3":"status-publish","4":"format-standard","5":"has-post-thumbnail","7":"category-overskrifter","8":"tag-art","9":"tag-breaking-news","10":"tag-breakingnews","11":"tag-featured-news","12":"tag-featurednews","13":"tag-fornebu","14":"tag-headlines","15":"tag-hovedoppslag","16":"tag-kollektivtransport","17":"tag-latest-news","18":"tag-latestnews","19":"tag-main-news","20":"tag-mainnews","21":"tag-news","22":"tag-no","23":"tag-norge","24":"tag-norway","25":"tag-nyheter","26":"tag-overskrifter","27":"tag-ruter","28":"tag-snaroya","29":"tag-story","30":"tag-t-bane","31":"tag-top-stories","32":"tag-topstories"},"share_on_mastodon":{"url":"","error":""},"_links":{"self":[{"href":"https:\/\/www.europesays.com\/no\/wp-json\/wp\/v2\/posts\/57921","targetHints":{"allow":["GET"]}}],"collection":[{"href":"https:\/\/www.europesays.com\/no\/wp-json\/wp\/v2\/posts"}],"about":[{"href":"https:\/\/www.europesays.com\/no\/wp-json\/wp\/v2\/types\/post"}],"author":[{"embeddable":true,"href":"https:\/\/www.europesays.com\/no\/wp-json\/wp\/v2\/users\/2"}],"replies":[{"embeddable":true,"href":"https:\/\/www.europesays.com\/no\/wp-json\/wp\/v2\/comments?post=57921"}],"version-history":[{"count":0,"href":"https:\/\/www.europesays.com\/no\/wp-json\/wp\/v2\/posts\/57921\/revisions"}],"wp:featuredmedia":[{"embeddable":true,"href":"https:\/\/www.europesays.com\/no\/wp-json\/wp\/v2\/media\/57178"}],"wp:attachment":[{"href":"https:\/\/www.europesays.com\/no\/wp-json\/wp\/v2\/media?parent=57921"}],"wp:term":[{"taxonomy":"category","embeddable":true,"href":"https:\/\/www.europesays.com\/no\/wp-json\/wp\/v2\/categories?post=57921"},{"taxonomy":"post_tag","embeddable":true,"href":"https:\/\/www.europesays.com\/no\/wp-json\/wp\/v2\/tags?post=57921"}],"curies":[{"name":"wp","href":"https:\/\/api.w.org\/{rel}","templated":true}]}}