{"id":57928,"date":"2025-10-11T08:57:19","date_gmt":"2025-10-11T08:57:19","guid":{"rendered":"https:\/\/www.europesays.com\/no\/57928\/"},"modified":"2025-10-11T08:57:19","modified_gmt":"2025-10-11T08:57:19","slug":"avslorer-skjulte-produksjonsdetaljer-i-forraeder-hemmeligheten-bak-radsalen-2","status":"publish","type":"post","link":"https:\/\/www.europesays.com\/no\/57928\/","title":{"rendered":"Avsl\u00f8rer skjulte produksjonsdetaljer i \u00abForr\u00e6der\u00bb: Hemmeligheten bak r\u00e5dsalen"},"content":{"rendered":"<p class=\"kicker \" style=\"\">\u00abForr\u00e6der\u00bb:<\/p>\n<p>  Produksjonen i TV 2-suksessen b\u00e6rer p\u00e5 flere hemmeligheter. N\u00e5 er enda en avsl\u00f8rt.\u00a0<\/p>\n<p>\n    HEMMELIG GREP: Det er flere grep produksjonen har tatt for \u00e5 skape litt ekstra stemning i \u00abForr\u00e6der\u00bb. Foto: Espen Solli \/ TV 2\n  <\/p>\n<p>Den femte sesongen av TV 2-programmet\u00a0<a href=\"https:\/\/www.seher.no\/kjendis\/skuffelsen-er-stor\/83554007\" rel=\"nofollow noopener\" target=\"_blank\">\u00abForr\u00e6der\u00bb<\/a>\u00a0har de siste ukene rullet over skjermene. I kjent stil f\u00e5r deltakerne kjenne p\u00e5 store deler av f\u00f8lelsesregisteret, og det intense oppholdet i Sandefjord legger igjen spor hos flere.<\/p>\n<p>    <a itemprop=\"url\" href=\"https:\/\/www.seher.no\/kjendis\/pa-flyttefot-uvirkelig\/83670339\" rel=\"nofollow noopener\" target=\"_blank\"><\/p>\n<p>      <img loading=\"lazy\" decoding=\"async\" src=\"https:\/\/www.europesays.com\/no\/wp-content\/uploads\/2025\/10\/1760173036_552_83670793.webp\" width=\"147\" height=\"98\" title=\"Flytter\" alt=\"\" class=\"lazyload\" style=\"--aspect-ratio-image: 1.50; \"\/><\/p>\n<p>        Flytter<\/p>\n<p>    <\/a><\/p>\n<p> Det kommer nok ikke som noen overraskelse at det er mye som skjer bak kamera som ikke blir vist p\u00e5 TV. Flere scener i programmet er heller ikke helt slik det utspiller seg p\u00e5 skjermen. <\/p>\n<p>TV-seere er vant til \u00e5 se deltakerne samlet rundt bordet i r\u00e5dsalen, hvor de stemmer ut hverandre \u00e9n etter \u00e9n. Det mange kanskje ikke vet, er at produksjonen tar et helt eget grep f\u00f8r avstemningen setter i gang.\u00a0<\/p>\n<p>        OVERRASKET: Da de fikk se de andre deltakerne i \u00abForr\u00e6der\u00bb, fikk ekteparet seg en stor overraskelse. Video: TV 2\/ Nora Skavhaug\/ Thea Hope\/ R\u00f8d L\u00f8per<\/p>\n<p>&#8211; N\u00e5r vi g\u00e5r inn der, spiller produksjonen \u00abThe Hanging Tree\u00bb fra \u00abThe Hunger Games\u00bb over anlegget for \u00e5 sette stemningen. Man f\u00e5r frysningernedover ryggen. Og det er h\u00f8y puls.<\/p>\n<p>Det avsl\u00f8rer \u00abForr\u00e6der\u00bb-deltaker og Dagen-redakt\u00f8r Vebj\u00f8rn Selbekk (56) overfor <a href=\"https:\/\/www.t-a.no\/hoy-puls-pa-forrader-man-far-frysninger\/s\/5-116-2220978\" rel=\"nofollow noopener\" target=\"_blank\">Tr\u00f8nder-Avisa<\/a>.\u00a0<\/p>\n<p>&#8211; Et heftig \u00f8yeblikk\t<\/p>\n<p>N\u00e5r Se og H\u00f8r sl\u00e5r p\u00e5 tr\u00e5den forteller Selbekk n\u00e6rmere hvordan det faktisk var inne i r\u00e5dsalen p\u00e5 Midt\u00e5sen.\u00a0<\/p>\n<p>    <a itemprop=\"url\" href=\"https:\/\/www.seher.no\/kjendis\/trodde-alle-var-som-oss\/83593841\" rel=\"nofollow noopener\" target=\"_blank\"><\/p>\n<p>      <img loading=\"lazy\" decoding=\"async\" src=\"https:\/\/www.europesays.com\/no\/wp-content\/uploads\/2025\/10\/1760173036_725_83595184.webp\" width=\"147\" height=\"100\" title=\"- Trodde alle var som oss\" alt=\"\" class=\"lazyload\" style=\"--aspect-ratio-image: 1.47; \"\/><\/p>\n<p>        &#8211; Trodde alle var som oss<\/p>\n<p>    <\/a><\/p>\n<p class=\"font-weight-bold m-font-weight-bold\" data-lab-font_weight=\"font-weight-bold\">&#8211; Det var et heftig \u00f8yeblikk, alts\u00e5. Og det var selvf\u00f8lgelig aller heftigst f\u00f8rste gangen n\u00e5r ingen visste noe om det. Det er en \u00abmurder ballad\u00bb, s\u00e5 det setter jo stemningen i r\u00e5dsalen.<\/p>\n<p class=\"font-weight-normal m-font-weight-normal\" data-lab-font_weight=\"font-weight-normal\">Deltakerne fikk nemlig bare beskjed om \u00e5 g\u00e5 inn i r\u00e5dsalen og finne plassene sine. Og plutselig ble l\u00e5ten spilt p\u00e5 anlegget.\u00a0<\/p>\n<p>          <img loading=\"lazy\" decoding=\"async\" src=\"https:\/\/www.europesays.com\/no\/wp-content\/uploads\/2025\/10\/1760173037_334_83696220.webp\" width=\"686\" height=\"460\" title=\"R\u00c5DSALEN: Vebj\u00f8rn Selbekk og Sophie Elise Isachsen i r\u00e5dsalen under en tidligere episode av \u00abForr\u00e6der\u00bb. Foto: Espen Solli \/ TV 2\" alt=\"\" class=\"\" style=\"--aspect-ratio-image: 1.49; \"\/><\/p>\n<p>\n          R\u00c5DSALEN: Vebj\u00f8rn Selbekk og Sophie Elise Isachsen i r\u00e5dsalen under en tidligere episode av \u00abForr\u00e6der\u00bb. Foto: Espen Solli \/ TV 2\n      <\/p>\n<p>&#8211; Jeg f\u00f8ler at det skaper litt uhygge og alvor, men sangen s\u00f8rger for at vi kommer inn i rett modus, forklarer han.\u00a0<\/p>\n<p>56-\u00e5ringen r\u00f8per at det starter med at l\u00e5ten spilles p\u00e5 h\u00f8yttalerne, og n\u00e5r den begynner \u00e5 g\u00e5 mot slutten, kommer programleder Mads Hansen (41) inn d\u00f8ra for \u00e5 sette i gang avstemningen.\u00a0<\/p>\n<p>    <a itemprop=\"url\" href=\"https:\/\/www.seher.no\/kjendis\/mister-sexlysten\/83647569\" rel=\"nofollow noopener\" target=\"_blank\"><\/p>\n<p>      <img loading=\"lazy\" decoding=\"async\" src=\"https:\/\/www.europesays.com\/no\/wp-content\/uploads\/2025\/10\/1760173038_261_83645661.webp\" width=\"147\" height=\"98\" title=\"- Mister sexlysten\" alt=\"\" class=\"lazyload\" style=\"--aspect-ratio-image: 1.50; \"\/><\/p>\n<p>        &#8211; Mister sexlysten<\/p>\n<p>    <\/a><\/p>\n<p> &#8211; Det er veldig stemningsfullt. Jeg skj\u00f8nner godt at de gj\u00f8r det, og har forst\u00e5tt at det ogs\u00e5 har blitt gjort i de andre sesongene. Men man vet jo ingenting om det, s\u00e5 det er jo mulig at produksjonen m\u00e5 slutte med det n\u00e5 som det blir bl\u00e5st her, sier han og ler.\u00a0<\/p>\n<p>          <img loading=\"lazy\" decoding=\"async\" src=\"https:\/\/www.europesays.com\/no\/wp-content\/uploads\/2025\/10\/1760173038_226_83706751.webp\" width=\"686\" height=\"968\" title=\"P\u00c5 PLASS: Vebj\u00f8rn Selbekk her p\u00e5 plass i r\u00e5dsalen like f\u00f8r avstemning. Foto: Espen Solli\/TV 2\" alt=\"\" class=\"\" style=\"--aspect-ratio-image: 0.71; \"\/><\/p>\n<p>\n          P\u00c5 PLASS: Vebj\u00f8rn Selbekk her p\u00e5 plass i r\u00e5dsalen like f\u00f8r avstemning. Foto: Espen Solli\/TV 2\n      <\/p>\n<p>Selv synes Selbekk at l\u00e5ten, som ble som et daglig rituale, gjorde hele opplevelsen mye mer spennende.<\/p>\n<p>&#8211; Jeg syns det var fantastisk, jeg. Det skal v\u00e6re litt ubehagelig, du skal inn dit og vet at du skal peke ut et offer som skal sendes hjem. Vi sitter der selv med sommerfugler i magen. Det f\u00f8rer jo til at man skjerper seg ogs\u00e5. Det er veldig bra at de gj\u00f8r det.\u00a0<\/p>\n<p>Les TV 2s svar lenger ned i saken.\u00a0<\/p>\n<p>        SKJULT: Leah Behn og Trygve Bennetsen valgte \u00e5 lyve for de andre deltakerne i \u00abForr\u00e6der\u00bb. Video: TV 2\/ R\u00f8d L\u00f8per<\/p>\n<p>Fikk streng beskjed\u00a0\t<\/p>\n<p>Overfor Se og H\u00f8r r\u00f8per Selbekk at den kjente l\u00e5ten fort ble litt ekstra popul\u00e6r blant deltakerne.\u00a0<\/p>\n<p>    <a itemprop=\"url\" href=\"https:\/\/www.seher.no\/kjendis\/ville-holde-det-skjult\/83569671\" rel=\"nofollow noopener\" target=\"_blank\"><\/p>\n<p>      <img loading=\"lazy\" decoding=\"async\" src=\"https:\/\/www.europesays.com\/no\/wp-content\/uploads\/2025\/10\/83569035.webp\" width=\"147\" height=\"98\" title=\"- Ville holde det skjult\" alt=\"\" class=\"lazyload\" style=\"--aspect-ratio-image: 1.50; \"\/><\/p>\n<p>        &#8211; Ville holde det skjult<\/p>\n<p>    <\/a><\/p>\n<p>&#8211; Den f\u00f8rste gangen var det jo en gjensidig m\u00e5ping der. Etter hvert var det en del som begynte \u00e5 synge med, men da fikk vi beskjed om at vi ikke m\u00e5tte gj\u00f8re det, fordi de skulle ta bilder.\u00a0<\/p>\n<p class=\"font-weight-bold m-font-weight-bold\" data-lab-font_weight=\"font-weight-bold\">&#8211; Det er ikke noe som blir tatt med p\u00e5 TV, men det var viktig at det ikke s\u00e5 ut som at en l\u00e5t ble spilt.<\/p>\n<p>          <img loading=\"lazy\" decoding=\"async\" src=\"https:\/\/www.europesays.com\/no\/wp-content\/uploads\/2025\/10\/1760173039_0_83696586.webp\" width=\"686\" height=\"467\" title=\"MUSIKK: F\u00f8r deltakerne skal stemme hverandre ut i r\u00e5dsalen, spilles det en helt egen l\u00e5t p\u00e5 h\u00f8yttalerne. Foto: Skjermdump \/ TV 2\" alt=\"\" class=\"\" style=\"--aspect-ratio-image: 1.47; filter: brightness(1.2);\"\/><\/p>\n<p>\n          MUSIKK: F\u00f8r deltakerne skal stemme hverandre ut i r\u00e5dsalen, spilles det en helt egen l\u00e5t p\u00e5 h\u00f8yttalerne. Foto: Skjermdump \/ TV 2\n      <\/p>\n<p>Selbekk innr\u00f8mmer at han i ettertid av deltakelsen har spilt l\u00e5ten opptil flere ganger p\u00e5 privaten.\u00a0<\/p>\n<p>&#8211; N\u00e5r jeg vil komme i \u00abForr\u00e6der\u00bb-modus igjen og dr\u00f8mme meg tilbake, da setter jeg den p\u00e5, og da kommer jeg tilbake til r\u00e5dsalen. Jeg har gjort det flere ganger etter innspillingen.\u00a0<\/p>\n<p>    <a itemprop=\"url\" href=\"https:\/\/www.seher.no\/kjendis\/valget-er-tatt\/83706381\" rel=\"nofollow noopener\" target=\"_blank\"><\/p>\n<p>      <img loading=\"lazy\" decoding=\"async\" src=\"https:\/\/www.europesays.com\/no\/wp-content\/uploads\/2025\/10\/83706415.webp\" width=\"147\" height=\"98\" title=\"- Valget er tatt!\" alt=\"\" class=\"lazyload\" style=\"--aspect-ratio-image: 1.50; \"\/><\/p>\n<p>        &#8211; Valget er tatt!<\/p>\n<p>    <\/a><\/p>\n<p class=\"font-weight-bold m-font-weight-bold\" data-lab-font_weight=\"font-weight-bold\">&#8211; Jeg hadde ikke sett \u00abThe Hunger Games\u00bb i forkant, s\u00e5 jeg m\u00e5tte jo gj\u00f8re det og etterp\u00e5. Det ble en dannelsesreise for meg p\u00e5 den delen av popul\u00e6rkulturen.\u00a0<\/p>\n<p>        LURER ALLE: Rasmus Wold ble ofret av laget, og da sparte han ikke p\u00e5 f\u00f8lelsene. Video: \u00abForr\u00e6der\u00bb\/TV 2, Thea Hope, Nora Skavhaug<\/p>\n<p>Se og H\u00f8r har lagt frem flere sp\u00f8rsm\u00e5l til TV 2 ang\u00e5ende denne saken, men kanalen velger \u00e5 holde kortene tett til brystet:\u00a0\u00a0<\/p>\n<p>&#8211; Vi \u00f8nsker ikke \u00e5 r\u00f8pe produksjonshemmeligheter fra \u00abForr\u00e6der\u00bb, sier Jan-Petter Dahl, pressesjef i TV 2. <\/p>\n","protected":false},"excerpt":{"rendered":"\u00abForr\u00e6der\u00bb: Produksjonen i TV 2-suksessen b\u00e6rer p\u00e5 flere hemmeligheter. N\u00e5 er enda en avsl\u00f8rt.\u00a0 HEMMELIG GREP: Det er&hellip;\n","protected":false},"author":2,"featured_media":57619,"comment_status":"","ping_status":"","sticky":false,"template":"","format":"standard","meta":{"footnotes":""},"categories":[58],"tags":[5025,71,4138,5026,479,2543,30,28,29,72],"class_list":{"0":"post-57928","1":"post","2":"type-post","3":"status-publish","4":"format-standard","5":"has-post-thumbnail","7":"category-underholdning","8":"tag-avsloring","9":"tag-entertainment","10":"tag-forraeder","11":"tag-hemmelighet","12":"tag-kjendis","13":"tag-kjendisdesken","14":"tag-no","15":"tag-norge","16":"tag-norway","17":"tag-underholdning"},"share_on_mastodon":{"url":"","error":""},"_links":{"self":[{"href":"https:\/\/www.europesays.com\/no\/wp-json\/wp\/v2\/posts\/57928","targetHints":{"allow":["GET"]}}],"collection":[{"href":"https:\/\/www.europesays.com\/no\/wp-json\/wp\/v2\/posts"}],"about":[{"href":"https:\/\/www.europesays.com\/no\/wp-json\/wp\/v2\/types\/post"}],"author":[{"embeddable":true,"href":"https:\/\/www.europesays.com\/no\/wp-json\/wp\/v2\/users\/2"}],"replies":[{"embeddable":true,"href":"https:\/\/www.europesays.com\/no\/wp-json\/wp\/v2\/comments?post=57928"}],"version-history":[{"count":0,"href":"https:\/\/www.europesays.com\/no\/wp-json\/wp\/v2\/posts\/57928\/revisions"}],"wp:featuredmedia":[{"embeddable":true,"href":"https:\/\/www.europesays.com\/no\/wp-json\/wp\/v2\/media\/57619"}],"wp:attachment":[{"href":"https:\/\/www.europesays.com\/no\/wp-json\/wp\/v2\/media?parent=57928"}],"wp:term":[{"taxonomy":"category","embeddable":true,"href":"https:\/\/www.europesays.com\/no\/wp-json\/wp\/v2\/categories?post=57928"},{"taxonomy":"post_tag","embeddable":true,"href":"https:\/\/www.europesays.com\/no\/wp-json\/wp\/v2\/tags?post=57928"}],"curies":[{"name":"wp","href":"https:\/\/api.w.org\/{rel}","templated":true}]}}