{"id":57934,"date":"2025-10-11T09:08:07","date_gmt":"2025-10-11T09:08:07","guid":{"rendered":"https:\/\/www.europesays.com\/no\/57934\/"},"modified":"2025-10-11T09:08:07","modified_gmt":"2025-10-11T09:08:07","slug":"trafikkmeldinger-saltfjellet-slik-ser-det-ut-pa-saltfjellet-og-ferge-var-innstilt","status":"publish","type":"post","link":"https:\/\/www.europesays.com\/no\/57934\/","title":{"rendered":"Trafikkmeldinger, Saltfjellet | Slik ser det ut p\u00e5 Saltfjellet, og ferge var innstilt"},"content":{"rendered":"\n<p>E6 Saltfjellet er \u00e5pen, men som Statens Vegvesens webkamera viser er det kommet sn\u00f8 p\u00e5 fjellet i l\u00f8pet av natten.<\/p>\n<p>Det er ventet sludd og sn\u00f8 p\u00e5 Saltfjellet hele dagen, men kun i kveld er det ventet minusgrader. Det er meldt vind av skiftende retning utover dagen og lett eller frisk bris med vindkast p\u00e5 10-12 m\/s. Omtrent samme v\u00e6ret er ventet i dagene framover og godt inn i neste uke.<\/p>\n<p>Ute p\u00e5 kysten var fergen mellom Jektvik og Kilboghavn i R\u00f8d\u00f8y kommune innstilt inntil videre p\u00e5 grunn av sterk vind. Klokken 09.20 meldes det at fergen g\u00e5r igjen.<\/p>\n<p>Torghatten melder at p\u00e5 rutetur fra Tonnes i dag klokken 0750, er anl\u00f8p av Myken med ankomst klokken 0855 kansellert. Dette grunnet v\u00e6r og sj\u00f8forhold. \u00d8vrig rute vil bli fors\u00f8kt gjennomf\u00f8rt i henhold til bestillinger og ruteoppsett. <\/p>\n<p>Boreal Sj\u00f8 melder om v\u00e6rforbehold p\u00e5 alle anl\u00f8p p\u00e5 NEX1 avgang Sandnessj\u00f8en til Bod\u00f8 l\u00f8rdag. Dette p\u00e5 grunn av v\u00e6r- og sj\u00f8forhold. Dersom forholdene ikke tillater videre seilas etter \u00d8rnes, blir det satt opp buss mellom \u00d8rnes og Bod\u00f8.<\/p>\n<p><a href=\"https:\/\/www.reisnordland.no\/trafikkmeldinger\" rel=\"Follow nofollow noopener\" target=\"_blank\">Her er de siste trafikkmeldingene p\u00e5 Reis Nordland.<\/a><\/p>\n<p>I Lur\u00f8y-sambandet er det fart\u00f8ybytte fra og med l\u00f8rdag. MF Lur\u00f8y settes inn i ruten fra avgang i Stokkv\u00e5gen klokken 1745. MF Hus\u00f8y omdisponeres til annet samband. MF Lovund forventes inn i ruten l\u00f8rdag 18. oktober.<\/p>\n","protected":false},"excerpt":{"rendered":"E6 Saltfjellet er \u00e5pen, men som Statens Vegvesens webkamera viser er det kommet sn\u00f8 p\u00e5 fjellet i l\u00f8pet&hellip;\n","protected":false},"author":2,"featured_media":57935,"comment_status":"","ping_status":"","sticky":false,"template":"","format":"standard","meta":{"footnotes":""},"categories":[10],"tags":[36,20,21,24,25,1814,15,22,23,13,30,28,29,14,16,6526,1510,26,27,665],"class_list":{"0":"post-57934","1":"post","2":"type-post","3":"status-publish","4":"format-standard","5":"has-post-thumbnail","7":"category-norge","8":"tag-art","9":"tag-breaking-news","10":"tag-breakingnews","11":"tag-featured-news","12":"tag-featurednews","13":"tag-ferge","14":"tag-headlines","15":"tag-latest-news","16":"tag-latestnews","17":"tag-news","18":"tag-no","19":"tag-norge","20":"tag-norway","21":"tag-nyheter","22":"tag-overskrifter","23":"tag-saltfjellet","24":"tag-story","25":"tag-top-stories","26":"tag-topstories","27":"tag-trafikkmeldinger"},"share_on_mastodon":{"url":"","error":""},"_links":{"self":[{"href":"https:\/\/www.europesays.com\/no\/wp-json\/wp\/v2\/posts\/57934","targetHints":{"allow":["GET"]}}],"collection":[{"href":"https:\/\/www.europesays.com\/no\/wp-json\/wp\/v2\/posts"}],"about":[{"href":"https:\/\/www.europesays.com\/no\/wp-json\/wp\/v2\/types\/post"}],"author":[{"embeddable":true,"href":"https:\/\/www.europesays.com\/no\/wp-json\/wp\/v2\/users\/2"}],"replies":[{"embeddable":true,"href":"https:\/\/www.europesays.com\/no\/wp-json\/wp\/v2\/comments?post=57934"}],"version-history":[{"count":0,"href":"https:\/\/www.europesays.com\/no\/wp-json\/wp\/v2\/posts\/57934\/revisions"}],"wp:featuredmedia":[{"embeddable":true,"href":"https:\/\/www.europesays.com\/no\/wp-json\/wp\/v2\/media\/57935"}],"wp:attachment":[{"href":"https:\/\/www.europesays.com\/no\/wp-json\/wp\/v2\/media?parent=57934"}],"wp:term":[{"taxonomy":"category","embeddable":true,"href":"https:\/\/www.europesays.com\/no\/wp-json\/wp\/v2\/categories?post=57934"},{"taxonomy":"post_tag","embeddable":true,"href":"https:\/\/www.europesays.com\/no\/wp-json\/wp\/v2\/tags?post=57934"}],"curies":[{"name":"wp","href":"https:\/\/api.w.org\/{rel}","templated":true}]}}