{"id":58001,"date":"2025-10-11T10:53:21","date_gmt":"2025-10-11T10:53:21","guid":{"rendered":"https:\/\/www.europesays.com\/no\/58001\/"},"modified":"2025-10-11T10:53:21","modified_gmt":"2025-10-11T10:53:21","slug":"sverige-har-trenert-fornybardirektiv-risikerer-millionboter","status":"publish","type":"post","link":"https:\/\/www.europesays.com\/no\/58001\/","title":{"rendered":"Sverige har trenert fornybardirektiv \u2013 risikerer millionb\u00f8ter"},"content":{"rendered":"<p>Artikkelen er sampublisert med <a href=\"https:\/\/www.energiogklima.no\/nyhet\/brussel\/sverige-har-trenert-fornybardirektiv-risikerer-millionboter\" rel=\"nofollow noopener\" target=\"_blank\">Energi og Klima<\/a>.<\/p>\n<p>EU-kommisjonen g\u00e5r til sak mot Sverige.\u00a0<\/p>\n<p>Grunnen er Sveriges manglende gjennomf\u00f8ring av EUs reviderte fornybardirektiv fra 2023. Det kunngjorde kommisjonen nylig i en\u00a0<a href=\"https:\/\/ec.europa.eu\/commission\/presscorner\/detail\/en\/ip_25_2155\" target=\"_blank\" rel=\"noopener noreferrer nofollow\">pressemelding<\/a>.\u00a0\u00a0<\/p>\n<p>Direktivet tredde i kraft i november 2023 og skulle delvis ha v\u00e6rt innf\u00f8rt i nasjonal lovgivning innen 1. juli 2024, men Sverige har fortsatt ikke varslet noen tiltak.\u00a0<\/p>\n<p>Heller ikke Malta og Slovakia har iverksatt reglene godt nok for EU, men de f\u00e5r kun en begrunnet advarsel.\u00a0\u00a0<\/p>\n<p>Disse landene har nemlig sendt inn beviser for delvis gjennomf\u00f8ring eller varslet lovendringer. Sverige har derimot ikke innf\u00f8rt en eneste bestemmelse av direktivet enn\u00e5.\u00a0\u00a0<\/p>\n<p>Samtidig trekker kommisjonen Polen for retten for \u00e5 ha unnlatt \u00e5 sende inn en nasjonal omstillingsplan for klima og energi, slik styringsforordningen krever.\u00a0\u00a0<\/p>\n<p>Kan f\u00e5 millionb\u00f8ter\u00a0<\/p>\n<p>Kommisjonen ber EU-domstolen i Luxembourg gi Sverige b\u00f8ter, slik EU-traktaten gir rett til.\u00a0<\/p>\n<p>Dersom kommisjonen f\u00e5r medhold av EU-domstolen, kan Sverige ilegges dagb\u00f8ter frem til reglene er innf\u00f8rt. Disse dagb\u00f8tene er som regel i kategorien millioner av euro. Du kan lese mer om hvordan disse b\u00f8tene kalkuleres\u00a0<a href=\"https:\/\/eur-lex.europa.eu\/legal-content\/EN\/TXT\/?uri=oj:JOC_2022_074_R_0002\" target=\"_blank\" rel=\"noopener noreferrer nofollow\">her<\/a>.\u00a0\u00a0<\/p>\n<p>\u00ab\u00c5 fremme fornybar energi er avgj\u00f8rende for Europas vei mot nullutslipp, og en n\u00f8kkel i den gr\u00f8nne given og Repower EU-planen,\u00bb heter det i kommisjonens uttalelse.\u00a0<\/p>\n<p>Fornybar energi st\u00e5r for over 99 prosent av str\u00f8mproduksjonen i Sverige, <a href=\"https:\/\/www.iea.org\/countries\/sweden\/electricity\" target=\"_blank\" rel=\"noopener noreferrer nofollow\">if\u00f8lge IEA<\/a>.\u00a0\u00a0<\/p>\n<p>S\u00f6ta bror produserer imidlertid langt mindre str\u00f8m per innbygger (16.000 kWh\/innbygger) enn Norge (28.000 kwh\/innbygger).\u00a0<\/p>\n<p>\u00d8kningen i str\u00f8mproduksjon i Sverige siden \u00e5r 2000 har v\u00e6rt p\u00e5 18 prosent. Samtidig har \u00f8kningen i str\u00f8meksport v\u00e6rt p\u00e5 187 prosent.\u00a0<\/p>\n<p>Skal korte ned tiden for fornybarprosjekter\u00a0<\/p>\n<p>Saken gjelder de nye reglene som skal forenkle og fremskynde tillatelsesprosesser for fornybar energi og infrastruktur for str\u00f8mnettet.\u00a0<\/p>\n<p>Direktivet krever blant annet:\u00a0<\/p>\n<ul class=\"wp-block-list\">&#13;<\/p>\n<li>Maksimale tidsfrister for konsesjonsbehandling.\u00a0<\/li>\n<p>&#13;\n<\/ul>\n<ul class=\"wp-block-list\">&#13;<\/p>\n<li>Ett nasjonalt kontaktpunkt for s\u00f8knader (en s\u00e5kalt one-stop-shop).\u00a0<\/li>\n<p>&#13;\n<\/ul>\n<ul class=\"wp-block-list\">&#13;<\/p>\n<li>At fornybarprosjekter og tilh\u00f8rende nettinfrastruktur anses som \u00aboverordnet samfunnsinteresse\u00bb.\u00a0<\/li>\n<p>&#13;\n<\/ul>\n<p>M\u00e5let er \u00e5 redusere klimagassutslipp, styrke energiuavhengigheten og bidra til lavere energipriser.\u00a0<\/p>\n<p>Ett \u00e5r p\u00e5 overtid\u00a0<\/p>\n<p>Sverige mottok en formell advarsel i september 2024 og en begrunnet advarsel i februar 2025. Men svenskene har fortsatt ikke sendt inn nasjonale gjennomf\u00f8ringstiltak, mer enn ett \u00e5r etter fristen.\u00a0<\/p>\n<p>If\u00f8lge nettstedet\u00a0<a href=\"https:\/\/www.europaportalen.se\/2025\/10\/eu-stammer-sverige-med-hot-om-boter\" target=\"_blank\" rel=\"noopener noreferrer nofollow\">Europaportalen<\/a>\u00a0ligger et forslag til lovendring for tiden hos n\u00e6ringsminister Ebba Busch, men det er enn\u00e5 ikke sendt til Riksdagen.\u00a0\u00a0<\/p>\n<p>Sverige er et av landene som sjeldnere blir straffet av EU for manglende etterlevelse av regler. Ved \u00e5rsskiftet i fjor hadde Sverige 19 \u00e5pne bruddprosesser mot seg i EU-systemet, sammenliknet med et snitt p\u00e5 26. Du kan sjekke hvilke medlemsland som er best p\u00e5 \u00e5 iverksette EU-regler\u00a0<a href=\"https:\/\/single-market-scoreboard.ec.europa.eu\/enforcement-tools\/infringements_en\" target=\"_blank\" rel=\"noopener noreferrer nofollow\">her<\/a>.\u00a0\u00a0<\/p>\n<p>Norge avventer E\u00d8S-vurdering\u00a0<\/p>\n<p>Det er forel\u00f8pig uklart hvordan den norske regjeringen stiller seg til det reviderte fornybardirektivet. Det foreligger forel\u00f8pig ingen E\u00d8S-notater om saken.\u00a0\u00a0<\/p>\n<p>Det langt mindre omfattende fornybardirektivet fra 2018 var blant reglene som ble innlemmet etter Senterpartiets regjerings-exit i februar 2025.\u00a0\u00a0<\/p>\n<p>Statsminister Jonas Gahr St\u00f8re (Ap) har utelukket \u00e5 behandle resten av reglene fra 2018-pakken i innev\u00e6rende stortingsperiode. Ettersom reglene bygger p\u00e5 hverandre, kan det hemme regjeringens muligheter til \u00e5 innf\u00f8re det reviderte fornybardirektivet. \u00a0<\/p>\n<p>Regjeringen har i h\u00f8ringsinnspill til EU uttrykt st\u00f8tte til m\u00e5let om raskere konsesjonsprosesser, men har samtidig pekt p\u00e5 behov for nasjonal fleksibilitet, s\u00e6rlig i saker som ber\u00f8rer arealkonflikter, naturhensyn og samiske rettigheter.\u00a0<\/p>\n<p>Dersom direktivet tas inn i E\u00d8S-avtalen, kan det kreve endringer i blant annet energiloven og plan- og bygningsloven.\u00a0<\/p>\n<p>Del av st\u00f8rre industripolitikk\u00a0<\/p>\n<p>De forenklede konsesjonsreglene inng\u00e5r ikke bare i fornybardirektivet, men ogs\u00e5 i EUs industriakselerator-forordning, som ble presentert i 2025.\u00a0<\/p>\n<p>Lovpakken skal samordne utbygging av gr\u00f8nn energi og industriprosjekter og s\u00f8rge for raskere tilgang p\u00e5 str\u00f8m til strategisk industri.\u00a0<\/p>\n<p>Sammen med forordningen om produksjon av nullutslippsteknologi (NZIA) utgj\u00f8r dette kjernen i EUs nye gr\u00f8nne industripolitikk, der m\u00e5let er \u00e5 redusere byr\u00e5krati, tiltrekke investeringer og styrke europeisk industri i omstillingen mot nullutslipp.\u00a0<\/p>\n<p><a class=\"group clear-both w-full !no-underline my-8 sm:my-12 bg-stone-50 dark:bg-brandStone-700 dark:text-brandNeutral-100 flex items-stretch flex-nowrap\" href=\"https:\/\/www.tu.no\/artikler\/norge-vurderer-a-droppe-eus-nye-avlopsregler-ikke-mulig-svarer-eu\/561831\" rel=\"nofollow noopener\" target=\"_blank\"><img decoding=\"async\" class=\" object-cover h-full w-full transition-transform duration-700 ease-in-out group-hover:scale-[1.05] will-change-transform\" src=\"https:\/\/www.europesays.com\/no\/wp-content\/uploads\/2025\/10\/NTB_KguP8q3EtmI.jpg\"  alt=\"EU mener at Norge gj\u00f8r en altfor d\u00e5rlig jobb med \u00e5 rense avl\u00f8pet sitt, og viser til at alle andre land med kyst renser avl\u00f8pet sitt mer enn oss.\" loading=\"lazy\"\/><\/p>\n<p>Les ogs\u00e5:<\/p>\n<p class=\"group-hover:underline text-brandNeutral-900 dark:text-brandNeutral-100 mt-2 text-base sm:text-xl leading-5 sm:leading-6 font-bold\">Norge vurderer \u00e5 droppe EUs nye avl\u00f8psregler \u2013 ikke mulig, svarer EU<\/p>\n<p><\/a><\/p>\n","protected":false},"excerpt":{"rendered":"Artikkelen er sampublisert med Energi og Klima. EU-kommisjonen g\u00e5r til sak mot Sverige.\u00a0 Grunnen er Sveriges manglende gjennomf\u00f8ring&hellip;\n","protected":false},"author":2,"featured_media":58002,"comment_status":"","ping_status":"","sticky":false,"template":"","format":"standard","meta":{"footnotes":""},"categories":[12],"tags":[20,21,279,24,25,15,1514,22,23,13,30,28,29,14,16,26,27,42,43,44,45],"class_list":{"0":"post-58001","1":"post","2":"type-post","3":"status-publish","4":"format-standard","5":"has-post-thumbnail","7":"category-verden","8":"tag-breaking-news","9":"tag-breakingnews","10":"tag-eu","11":"tag-featured-news","12":"tag-featurednews","13":"tag-headlines","14":"tag-klima","15":"tag-latest-news","16":"tag-latestnews","17":"tag-news","18":"tag-no","19":"tag-norge","20":"tag-norway","21":"tag-nyheter","22":"tag-overskrifter","23":"tag-top-stories","24":"tag-topstories","25":"tag-verden","26":"tag-world","27":"tag-world-news","28":"tag-worldnews"},"share_on_mastodon":{"url":"","error":""},"_links":{"self":[{"href":"https:\/\/www.europesays.com\/no\/wp-json\/wp\/v2\/posts\/58001","targetHints":{"allow":["GET"]}}],"collection":[{"href":"https:\/\/www.europesays.com\/no\/wp-json\/wp\/v2\/posts"}],"about":[{"href":"https:\/\/www.europesays.com\/no\/wp-json\/wp\/v2\/types\/post"}],"author":[{"embeddable":true,"href":"https:\/\/www.europesays.com\/no\/wp-json\/wp\/v2\/users\/2"}],"replies":[{"embeddable":true,"href":"https:\/\/www.europesays.com\/no\/wp-json\/wp\/v2\/comments?post=58001"}],"version-history":[{"count":0,"href":"https:\/\/www.europesays.com\/no\/wp-json\/wp\/v2\/posts\/58001\/revisions"}],"wp:featuredmedia":[{"embeddable":true,"href":"https:\/\/www.europesays.com\/no\/wp-json\/wp\/v2\/media\/58002"}],"wp:attachment":[{"href":"https:\/\/www.europesays.com\/no\/wp-json\/wp\/v2\/media?parent=58001"}],"wp:term":[{"taxonomy":"category","embeddable":true,"href":"https:\/\/www.europesays.com\/no\/wp-json\/wp\/v2\/categories?post=58001"},{"taxonomy":"post_tag","embeddable":true,"href":"https:\/\/www.europesays.com\/no\/wp-json\/wp\/v2\/tags?post=58001"}],"curies":[{"name":"wp","href":"https:\/\/api.w.org\/{rel}","templated":true}]}}