{"id":58011,"date":"2025-10-11T11:08:10","date_gmt":"2025-10-11T11:08:10","guid":{"rendered":"https:\/\/www.europesays.com\/no\/58011\/"},"modified":"2025-10-11T11:08:10","modified_gmt":"2025-10-11T11:08:10","slug":"oppror-mot-ap-og-hoyre-i-stortinget","status":"publish","type":"post","link":"https:\/\/www.europesays.com\/no\/58011\/","title":{"rendered":"Oppr\u00f8r mot Ap og H\u00f8yre i Stortinget"},"content":{"rendered":"\n<ul class=\"_list_o9xde_3 _list_64s2r_85 _unordered_o9xde_106 text-sans-m\">\n<li class=\"_item_o9xde_30\">Frp, Venstre, KrF, Sp, MDG, SV og R\u00f8dt g\u00e5r sammen for \u00e5 annullere et vedtak de mener Ap og H\u00f8yre tredde ned over hodene deres i v\u00e5r.<\/li>\n<li class=\"_item_o9xde_30\">Sylvi Listhaug (Frp) mener det var uh\u00f8rt av Ap og H\u00f8yre.<\/li>\n<li class=\"_item_o9xde_30\">Kirsti Bergst\u00f8 (SV) sier maktarrogansen til Ap og H\u00f8yre er udemokratisk.<\/li>\n<\/ul>\n<p>Vis mer <\/p>\n<p class=\"_paragraph_o9xde_4 _paragraph_xtcu6_10 layout-component text-serif-m layout-normal text-serif-m layout-padded\">Og de gj\u00f8r det f\u00f8rste dagen Stortinget \u00e5pner \u2013 i dag:<\/p>\n<p class=\"_paragraph_o9xde_4 _paragraph_xtcu6_10 layout-component text-serif-m layout-normal text-serif-m layout-padded\">\u2013 Jeg er kjempeglad for at vi f\u00e5r stoppet fors\u00f8ket p\u00e5 \u00e5 presse partier for \u00e5 stemme for et statsbudsjettforslag som de faktisk er imot, sier Frp-leder Sylvi Listhaug.<\/p>\n<p class=\"_paragraph_o9xde_4 _paragraph_xtcu6_10 layout-component text-serif-m layout-normal text-serif-m layout-padded\">Hun legger til:<\/p>\n<p class=\"_paragraph_o9xde_4 _paragraph_xtcu6_10 layout-component text-serif-m layout-normal text-serif-m layout-padded\">\u2013 Det er uh\u00f8rt av Ap og H\u00f8yre \u00e5 kj\u00f8re p\u00e5 slik.<\/p>\n<p class=\"_paragraph_o9xde_4 _paragraph_xtcu6_10 layout-component text-serif-m layout-normal text-serif-m layout-padded\">Bakgrunnen for oppr\u00f8ret er et forslag som Ap og H\u00f8yre vedtok i v\u00e5r da de to partiene hadde flertall.<\/p>\n<p class=\"_paragraph_o9xde_4 _paragraph_xtcu6_10 layout-component text-serif-m layout-normal text-serif-m layout-padded\">I juni vedtok Stortinget \u00e5 <a href=\"https:\/\/rett24.no\/articles\/omstridt-budsjettgrep-ble-vedtatt-etter-mdg-tabbe\" class=\"_link_o9xde_39\" rel=\"nofollow noopener\" target=\"_blank\">utrede en endring<\/a> som gj\u00f8r at regjeringen ikke lenger trenger flertall  ikke lenger trenger flertall Forslaget om \u00e5 endre Stortingets prosedyre for \u00e5 vedta statsbudsjettet kom fra tidligere finansminister Jan Tore Sanner (H):<\/p>\n<p>\u00abJeg foresl\u00e5r \u00e5 innf\u00f8re alternativ votering over forslag til budsjettvedtak, dersom ingen forslag har f\u00e5tt flertall. Dette inneb\u00e6rer at de to forslagene med flest stemmer, settes opp mot hverandre, slik at Stortinget m\u00e5 votere for ett av forslagene\u00bb, skrev Sanner til Stortingets reglementskomit\u00e9 i september i fjor.i Stortinget for statsbudsjettet statsbudsjettetEn gang i \u00e5ret legger regjeringen frem statsbudsjettet, som inneholder regjeringens \u00f8konomiske planer for Norge det neste \u00e5ret. \u00c5rets statsbudsjett legges frem onsdag til uken.. Avstemningen endte likt, men stortingspresident Masud Gharahkhani (Ap) avgjorde med sin dobbeltstemme og sikret dermed flertall for <a href=\"https:\/\/www.vg.no\/nyheter\/i\/5E7BBO\/omstridt-budsjettreform-kan-ende-med-uavgjort-i-stortinget\" data-track-element-type=\"Link\" data-track-id=\"link:5E7BBO\" class=\"_link_o9xde_39\" rel=\"nofollow noopener\" target=\"_blank\">det omstridte forslaget<\/a>.<\/p>\n<p><img alt=\"Foto: Gisle Oddstad \/ VG\" class=\"_image_qp4xg_65 layout-component layout-normal\" data-fullscreen- data-track-element-type=\"Article image fullscreen\" data-track-name=\"ImageFullscreen\" decoding=\"async\" loading=\"lazy\" height=\"5447\" itemprop=\"image\"  src=\"https:\/\/www.europesays.com\/no\/wp-content\/uploads\/2025\/10\/9852e3f5-c4d7-4363-8a01-a22ecb977a06\"  style=\"object-position:0% 0%\" width=\"8167\"\/>Foto: Gisle Oddstad \/ VG<\/p>\n<p class=\"_paragraph_o9xde_4 _paragraph_xtcu6_10 layout-component text-serif-m layout-normal text-serif-m layout-padded\">MDGs Rasmus Hansson sa den gang til NRK at MDG ved en feil manglet \u00e9n representant i avstemningen, noe som ble avgj\u00f8rende for utfallet. Ap og H\u00f8yre fikk knappest mulig flertall. Mot alle de andre partiene.<\/p>\n<p class=\"_paragraph_o9xde_4 _paragraph_xtcu6_10 layout-component text-serif-m layout-normal text-serif-m layout-padded\">Men etter stortingsvalget i \u00e5r har de to partiene ikke lenger flertall, men det har syverbanden.<\/p>\n<p class=\"_paragraph_o9xde_4 _paragraph_xtcu6_10 layout-component text-serif-m layout-normal text-serif-m layout-padded\">Og de syv: Frp, Venstre, KrF, Sp, Milj\u00f8partiet De Gr\u00f8nne (MDG), SV og R\u00f8dt \u2013 g\u00e5r sammen i en felles front mot H\u00f8yre og Ap:<\/p>\n<p class=\"_paragraph_o9xde_4 _paragraph_xtcu6_10 layout-component text-serif-m layout-normal text-serif-m layout-padded\">Forslaget deres vil annullere vedtaket til H\u00f8yre og Ap i v\u00e5r.<\/p>\n<p class=\"_paragraph_o9xde_4 _paragraph_xtcu6_10 layout-component text-serif-m layout-normal text-serif-m layout-padded\">\u2013 N\u00e5 har de to partiene heldigvis mistet flertallet og det f\u00f8rste vi gj\u00f8r n\u00e5r Stortinget n\u00e5 \u00e5pner, er \u00e5 annullere vedtaket H\u00f8yre og Ap trumfet gjennom i v\u00e5r, sier Sylvi Listhaug.<\/p>\n<p>Vedum: &#8211; Veldig glad<\/p>\n<p class=\"_paragraph_o9xde_4 _paragraph_xtcu6_10 layout-component text-serif-m layout-normal text-serif-m layout-padded\">Partilederne for de syv partiene stiller derfor med glede opp til felles bilde \u2013 for \u00e5 feire og synliggj\u00f8re at de ikke lar seg pille p\u00e5 nesen.<\/p>\n<p class=\"_paragraph_o9xde_4 _paragraph_xtcu6_10 layout-component text-serif-m layout-normal text-serif-m layout-padded\">\u2013 Jeg er veldig glad for at opposisjonen har klart \u00e5 samles mot Ap og H\u00f8yres fors\u00f8k p\u00e5 \u00e5 styrke sin egen makt p\u00e5 bekostning av Stortinget, sier Sp-leder Trygve Slagsvold Vedum og fortsetter:<\/p>\n<p><img alt=\"Vedum gir sin tidligere sjef en smell.   Foto: Helge Mikalsen \/ VG\" class=\"_image_qp4xg_65 layout-component layout-normal\" data-fullscreen- data-track-element-type=\"Article image fullscreen\" data-track-name=\"ImageFullscreen\" decoding=\"async\" loading=\"lazy\" height=\"3501\" itemprop=\"image\"  src=\"https:\/\/www.europesays.com\/no\/wp-content\/uploads\/2025\/10\/984c120e-9c11-489a-a807-a92386f98074\"  style=\"object-position:0% 0%\" width=\"4987\"\/>Vedum gir sin tidligere sjef en smell.   Foto: Helge Mikalsen \/ VG<\/p>\n<p class=\"_paragraph_o9xde_4 _paragraph_xtcu6_10 layout-component text-serif-m layout-normal text-serif-m layout-padded\">\u2013 Vedtakelse av statsbudsjettetstatsbudsjettetStatsbudsjettet er en plan for hvordan staten skal bruke penger og hvor inntektene skal komme fra i l\u00f8pet av et \u00e5r. er en av Stortingets viktigste oppgaver og for oss er det en selvf\u00f8lge at et statsbudsjett m\u00e5 vedtas av et reelt flertall. Det er regjeringens oppgave \u00e5 sikre flertall for sine forslag i Stortinget, ikke omvendt. Klarer den ikke det, kan den g\u00e5 av.<\/p>\n<p class=\"_paragraph_o9xde_4 _paragraph_xtcu6_10 layout-component text-serif-m layout-normal text-serif-m layout-padded\">Han legger til:<\/p>\n<p class=\"_paragraph_o9xde_4 _paragraph_xtcu6_10 layout-component text-serif-m layout-normal text-serif-m layout-padded\"><strong class=\"_strong_o9xde_25\">\u2013 Det er direkte udemokratisk. Stortinget skal speile velgernes stemmer og interesser. <\/strong><\/p>\n<p>Bergst\u00f8: &#8211; Dypt skuffet<\/p>\n<p class=\"_paragraph_o9xde_4 _paragraph_xtcu6_10 layout-component text-serif-m layout-normal text-serif-m layout-padded\">\u2013 Jeg er veldig glad for at vi n\u00e5 f\u00e5r parkert H\u00f8yres og Arbeiderpartiets fors\u00f8k p\u00e5 \u00e5 gi seg selv mer makt p\u00e5 bekostning av velgernes vilje. Det er godt \u00e5 se at folkestyretfolkestyretDemokrati, ogs\u00e5 kalt folkestyre, er en styreform hvor folket har direkte eller indirekte innflytelse p\u00e5 hva slags beslutninger som fattes. og partimangfoldet i Norge setter maktarrogansen til Ap og H\u00f8yre p\u00e5 plass, sier SV-leder Kirsti Bergst\u00f8.<\/p>\n<p class=\"_paragraph_o9xde_4 _paragraph_xtcu6_10 layout-component text-serif-m layout-normal text-serif-m layout-padded\">Hun legger til:<\/p>\n<p><img alt=\"Foto: Helge Mikalsen \/ VG\" class=\"_image_qp4xg_65 layout-component layout-normal\" data-fullscreen- data-track-element-type=\"Article image fullscreen\" data-track-name=\"ImageFullscreen\" decoding=\"async\" loading=\"lazy\" height=\"5351\" itemprop=\"image\"  src=\"https:\/\/www.europesays.com\/no\/wp-content\/uploads\/2025\/10\/df70cbf1-4309-4a17-ad32-e3586ef26b93\"  style=\"object-position:0% 0%\" width=\"8102\"\/>Foto: Helge Mikalsen \/ VG<\/p>\n<p class=\"_paragraph_o9xde_4 _paragraph_xtcu6_10 layout-component text-serif-m layout-normal text-serif-m layout-padded\">\u2013 Jeg er helt \u00e6rlig dypt skuffet over disse partiene. I en tid der demokratiet er under angrep fra alle kanter er bedrevitersk elitismebedrevitersk elitismeEn elite som opph\u00f8yer seg. som dette, det siste vi trenger.<\/p>\n<p class=\"_paragraph_o9xde_4 _paragraph_xtcu6_10 layout-component text-serif-m layout-normal text-serif-m layout-padded\">Vi fortsetter runden rundt med partilederne som st\u00e5r bak oppr\u00f8ret mot Ap og H\u00f8yre:<\/p>\n<p>\u2013 Dampveivalset<\/p>\n<p class=\"_paragraph_o9xde_4 _paragraph_xtcu6_10 layout-component text-serif-m layout-normal text-serif-m layout-padded\">MDG-leder Arild Hermstad sier det er veldig bra at de sammen \u00abf\u00e5r stanset dette\u00bb.<\/p>\n<p class=\"_paragraph_o9xde_4 _paragraph_xtcu6_10 layout-component text-serif-m layout-normal text-serif-m layout-padded\">\u2013 Hvis ikke kunne resultatet blitt at Ap og H\u00f8yre dampveivalset over budsjettpartnerne sine og at de kunne ha styrt med et budsjett uten flertall bak seg i Stortinget. Det hadde ikke tatt seg ut:<\/p>\n<p><img alt=\"Foto: Helge Mikalsen \/ VG\" class=\"_image_qp4xg_65 layout-component layout-normal\" data-fullscreen- data-track-element-type=\"Article image fullscreen\" data-track-name=\"ImageFullscreen\" decoding=\"async\" loading=\"lazy\" height=\"5504\" itemprop=\"image\"  src=\"https:\/\/www.europesays.com\/no\/wp-content\/uploads\/2025\/10\/02a9f3a9-6018-41b0-a48f-4168f5c7ae03\"  style=\"object-position:0% 0%\" width=\"8256\"\/>Foto: Helge Mikalsen \/ VG<\/p>\n<p class=\"_paragraph_o9xde_4 _paragraph_xtcu6_10 layout-component text-serif-m layout-normal text-serif-m layout-padded\">\u2013 I Norge har vi ansvarlige budsjettoppgj\u00f8r, ogs\u00e5 etter forhandlinger mellom partier. Og det er positivt at flere partier samarbeider om budsjettene. Det betyr at flere velgere f\u00e5r innflytelse over hva som er viktig \u00e5 prioritere, sier han.<\/p>\n<p>R\u00f8dt-leder Marie Sneve Martinussen: &#8211; Idiotisk<\/p>\n<p class=\"_paragraph_o9xde_4 _paragraph_xtcu6_10 layout-component text-serif-m layout-normal text-serif-m layout-padded\">\u2013 R\u00f8dt var veldig tydelige da dette forslaget kom p\u00e5 bordet om at dette var b\u00e5de udemokratisk, gammeldags og ja \u2013 rett frem idiotisk. Vi satset p\u00e5 at valgresultatet ville gi oss muligheten til \u00e5 rette opp. Heldigvis skjer det n\u00e5. Det er viktig og gledelig at stortingsflertallet n\u00e5 tar grep og retter opp, sier R\u00f8dt-sjefen.<\/p>\n<p><img alt=\"Foto: Helge Mikalsen \/ VG\" class=\"_image_qp4xg_65 layout-component layout-normal\" data-fullscreen- data-track-element-type=\"Article image fullscreen\" data-track-name=\"ImageFullscreen\" decoding=\"async\" loading=\"lazy\" height=\"4563\" itemprop=\"image\"  src=\"https:\/\/www.europesays.com\/no\/wp-content\/uploads\/2025\/10\/f3479ed6-5d14-4fbc-9631-621e04be4dd9\"  style=\"object-position:0% 0%\" width=\"5992\"\/>Foto: Helge Mikalsen \/ VG<\/p>\n<p class=\"_paragraph_o9xde_4 _paragraph_xtcu6_10 layout-component text-serif-m layout-normal text-serif-m layout-padded\">Hun peker p\u00e5 at det er 120 \u00e5r siden parlamentarismenparlamentarismenParlamentarisme er en styreform der parlamentet (nasjonalforsamlingen) har den \u00f8verste makten, og regjeringen er avhengig av parlamentets tillit for \u00e5 kunne styre. Har ikke regjeringen det, m\u00e5 den g\u00e5 av.  ble virkeliggjort i Norge.<\/p>\n<p class=\"_paragraph_o9xde_4 _paragraph_xtcu6_10 layout-component text-serif-m layout-normal text-serif-m layout-padded\">\u2013 Vi ble selvstendig fra svenskene og har hatt folkevalgt kontroll som et grunnleggende prinsipp. Behandlingen av statsbudsjettet er en av Stortingets hovedoppgaver. Og p\u00e5 Stortinget er det flertallet som bestemmer &#8211; ikke de st\u00f8rste partiene.<\/p>\n<p>Melby: &#8211; P\u00e5 sin plass<\/p>\n<p class=\"_paragraph_o9xde_4 _paragraph_xtcu6_10 layout-component text-serif-m layout-normal text-serif-m layout-padded\">\u2013 \u00c5 skaffe seg flertall for et statsbudsjett er et helt grunnleggende ansvar for enhver regjering. Det gir derfor lite mening \u00e5 skulle utrede alternative ordninger med m\u00e5l om at et mindretall skal kunne vedta et statsbudsjett, sier Venstre-leder Guri Melby.<\/p>\n<p class=\"_paragraph_o9xde_4 _paragraph_xtcu6_10 layout-component text-serif-m layout-normal text-serif-m layout-padded\">Hun legger til:<\/p>\n<p><img alt=\"Foto: Fredrik Varfjell \/ NTB\" class=\"_image_qp4xg_65 layout-component layout-normal\" data-fullscreen- data-track-element-type=\"Article image fullscreen\" data-track-name=\"ImageFullscreen\" decoding=\"async\" loading=\"lazy\" height=\"5479\" itemprop=\"image\"  src=\"https:\/\/www.europesays.com\/no\/wp-content\/uploads\/2025\/10\/2edbbf83-063e-43d6-882f-141580f42fa7\"  style=\"object-position:0% 0%\" width=\"8218\"\/>Foto: Fredrik Varfjell \/ NTB<\/p>\n<p class=\"_paragraph_o9xde_4 _paragraph_xtcu6_10 layout-component text-serif-m layout-normal text-serif-m layout-padded\">\u2013 Det er det p\u00e5 sin plass at Stortinget sl\u00e5r fast allerede n\u00e5. Noe annet ville v\u00e6rt et klart brudd med v\u00e5r parlamentariske tradisjon.<\/p>\n<p class=\"_paragraph_o9xde_4 _paragraph_xtcu6_10 layout-component text-serif-m layout-normal text-serif-m layout-padded\">KrF er det siste av de syv partiene som gj\u00f8r oppr\u00f8r.<\/p>\n<p class=\"_paragraph_o9xde_4 _paragraph_xtcu6_10 layout-component text-serif-m layout-normal text-serif-m layout-padded\">\u2013 Jeg mener forslaget grenser mot det udemokratiske, sier KrFs 1. nestleder, Ida Lindtveit R\u00f8se:<\/p>\n<p><img alt=\"Foto: Fredrik Varfjell \/ NTB\" class=\"_image_qp4xg_65 layout-component layout-normal\" data-fullscreen- data-track-element-type=\"Article image fullscreen\" data-track-name=\"ImageFullscreen\" decoding=\"async\" loading=\"lazy\" height=\"1722\" itemprop=\"image\"  src=\"https:\/\/www.europesays.com\/no\/wp-content\/uploads\/2025\/10\/67da5322-79f5-4581-8aca-1aa95f437741\"  style=\"object-position:0% 0%\" width=\"2583\"\/>Foto: Fredrik Varfjell \/ NTB<\/p>\n<p class=\"_paragraph_o9xde_4 _paragraph_xtcu6_10 layout-component text-serif-m layout-normal text-serif-m layout-padded\">\u2013 I Stortinget avgj\u00f8res saker med flertall. Slik b\u00f8r det ogs\u00e5 v\u00e6re med statsbudsjettet, som er en av de viktigste sakene Stortinget behandler. Husk at regjeringen ogs\u00e5 har mulighet til \u00e5 stille kabinettsp\u00f8rsm\u00e5l,kabinettsp\u00f8rsm\u00e5l,En regjering ber om Stortingets tillit i en sak som er viktig for regjeringen. Taper regjeringen voteringen, m\u00e5 den g\u00e5 av. Sist gang et kabinettssp\u00f8rsm\u00e5l ble stilt var Kjell Magne Bondeviks andre regjering 28.11.2001 under debatten om statsbudsjettet for 2002, for \u00e5 f\u00e5 regjeringens forslag til statsbudsjett vedtatt. Forslaget det ble stilt kabinettssp\u00f8rsm\u00e5l om (statsbudsjettet) ble vedtatt, og regjeringen ble dermed sittende. dersom de mener at budsjettkravene er uansvarlige.<\/p>\n","protected":false},"excerpt":{"rendered":"Frp, Venstre, KrF, Sp, MDG, SV og R\u00f8dt g\u00e5r sammen for \u00e5 annullere et vedtak de mener Ap&hellip;\n","protected":false},"author":2,"featured_media":58012,"comment_status":"","ping_status":"","sticky":false,"template":"","format":"standard","meta":{"footnotes":""},"categories":[10],"tags":[20,21,24,25,15,22,23,13,30,28,281,29,14,16,333,26,27,205],"class_list":{"0":"post-58011","1":"post","2":"type-post","3":"status-publish","4":"format-standard","5":"has-post-thumbnail","7":"category-norge","8":"tag-breaking-news","9":"tag-breakingnews","10":"tag-featured-news","11":"tag-featurednews","12":"tag-headlines","13":"tag-latest-news","14":"tag-latestnews","15":"tag-news","16":"tag-no","17":"tag-norge","18":"tag-norsk-politikk","19":"tag-norway","20":"tag-nyheter","21":"tag-overskrifter","22":"tag-stortinget","23":"tag-top-stories","24":"tag-topstories","25":"tag-vgsamfunn"},"share_on_mastodon":{"url":"","error":""},"_links":{"self":[{"href":"https:\/\/www.europesays.com\/no\/wp-json\/wp\/v2\/posts\/58011","targetHints":{"allow":["GET"]}}],"collection":[{"href":"https:\/\/www.europesays.com\/no\/wp-json\/wp\/v2\/posts"}],"about":[{"href":"https:\/\/www.europesays.com\/no\/wp-json\/wp\/v2\/types\/post"}],"author":[{"embeddable":true,"href":"https:\/\/www.europesays.com\/no\/wp-json\/wp\/v2\/users\/2"}],"replies":[{"embeddable":true,"href":"https:\/\/www.europesays.com\/no\/wp-json\/wp\/v2\/comments?post=58011"}],"version-history":[{"count":0,"href":"https:\/\/www.europesays.com\/no\/wp-json\/wp\/v2\/posts\/58011\/revisions"}],"wp:featuredmedia":[{"embeddable":true,"href":"https:\/\/www.europesays.com\/no\/wp-json\/wp\/v2\/media\/58012"}],"wp:attachment":[{"href":"https:\/\/www.europesays.com\/no\/wp-json\/wp\/v2\/media?parent=58011"}],"wp:term":[{"taxonomy":"category","embeddable":true,"href":"https:\/\/www.europesays.com\/no\/wp-json\/wp\/v2\/categories?post=58011"},{"taxonomy":"post_tag","embeddable":true,"href":"https:\/\/www.europesays.com\/no\/wp-json\/wp\/v2\/tags?post=58011"}],"curies":[{"name":"wp","href":"https:\/\/api.w.org\/{rel}","templated":true}]}}