{"id":58132,"date":"2025-10-11T15:15:15","date_gmt":"2025-10-11T15:15:15","guid":{"rendered":"https:\/\/www.europesays.com\/no\/58132\/"},"modified":"2025-10-11T15:15:15","modified_gmt":"2025-10-11T15:15:15","slug":"vi-har-spesielt-mange-barnevernssaker-i-spania","status":"publish","type":"post","link":"https:\/\/www.europesays.com\/no\/58132\/","title":{"rendered":"\u2013 Vi har spesielt mange barnevernssaker i Spania"},"content":{"rendered":"\n<ul class=\"_list_o9xde_3 _list_64s2r_85 _unordered_o9xde_106 text-sans-m\">\n<li class=\"_item_o9xde_30\">Norske myndigheter har mange og krevende barnevernssaker som involverer nordmenn som har flyttet til Spania.<\/li>\n<li class=\"_item_o9xde_30\">Bufdir har hatt flere m\u00f8ter om dette med spanske myndigheter.<\/li>\n<li class=\"_item_o9xde_30\">Bufdir sier det er spanske myndigheter som har ansvar for at denne informasjonen n\u00e5r ut til de lokale barnevernstjenestene i Spania. <\/li>\n<\/ul>\n<p>Vis mer <\/p>\n<p class=\"_paragraph_o9xde_4 _paragraph_xtcu6_10 layout-component text-serif-m layout-normal text-serif-m layout-padded\">Den siste uken har VG skrevet flere saker om <a href=\"https:\/\/www.vg.no\/nyheter\/i\/0VPgMG\/100-norske-familier-ber-om-hjelp-i-spania-for-mange-blir-livskrisene-enda-vanskeligere-naar-de-flytter-til-gran-canaria\" data-track-element-type=\"Link\" data-track-id=\"link:0VPgMG\" class=\"_link_o9xde_39\" rel=\"nofollow noopener\" target=\"_blank\">norske barnefamilier som ber om hjelp<\/a> i Spania.<\/p>\n<p class=\"_paragraph_o9xde_4 _paragraph_xtcu6_10 layout-component text-serif-m layout-normal text-serif-m layout-padded\">I barnevernstjenesten p\u00e5 Gran Canaria fortalte sosiall\u00e6rer Patricia Rivero Marichal at nordmenn skilte seg ut blant andre turistgrupper, fordi de \u00e5penlyst sier at de har <a href=\"https:\/\/www.vg.no\/nyheter\/i\/vg0eRp\/sosiallaerer-paa-gran-canaria-faar-norske-barnevernssaker-paa-bordet-hvorfor-er-det-bare-nordmenn-som-roemmer-fra-barnevernet\" data-track-element-type=\"Link\" data-track-id=\"link:vg0eRp\" class=\"_link_o9xde_39\" rel=\"nofollow noopener\" target=\"_blank\">flyttet til ferie\u00f8ya for \u00e5 r\u00f8mme fra barnevernet<\/a> i Norge.<\/p>\n<p class=\"_paragraph_o9xde_4 _paragraph_xtcu6_10 layout-component text-serif-m layout-normal text-serif-m layout-padded\">B\u00e5de Utenriksdepartementet og BufdirBufdirBarne-, ungdoms- og familiedirektoratet er en norsk statlig etat som har ansvar for barnevern, familievern og likestilling. opplyser at det er flere kompliserte barnevernssaker mellom Norge og Spania.<\/p>\n<p class=\"_paragraph_o9xde_4 _paragraph_xtcu6_10 layout-component text-serif-m layout-normal text-serif-m layout-padded\">\u2013 Vi har spesielt mange enkeltsaker i Spania, bekrefter divisjonsdirekt\u00f8r Anders Henriksen.<\/p>\n<p><img decoding=\"async\" alt=\"Bilde av Anders Henriksen\" class=\"_image_ygndg_42\" height=\"60\" itemprop=\"image\" loading=\"lazy\"  src=\"https:\/\/www.europesays.com\/no\/wp-content\/uploads\/2025\/10\/89fb97dd-cb18-4d98-ac0a-380246e4ae7a\"  width=\"40\"\/><strong class=\"_name_ygndg_51 title-serif-xs\">Anders Henriksen<\/strong><\/p>\n<p class=\"_paragraph_o9xde_4 text-sans-m _description_ygndg_56\">Divisjonsdirekt\u00f8r i Bufdir<\/p>\n<p class=\"_paragraph_o9xde_4 _paragraph_xtcu6_10 layout-component text-serif-m layout-normal text-serif-m layout-padded\">\u2013 Siden vi har mange saker hvor vi samarbeider med spanske myndigheter, er dette et land Bufdir har prioritert \u00e5 ha s\u00e6rlig tett kontakt med.<\/p>\n<p class=\"_paragraph_o9xde_4 _paragraph_xtcu6_10 layout-component text-serif-m layout-normal text-serif-m layout-padded\">Han forteller at norske myndigheter var i Spania denne v\u00e5ren og hadde m\u00f8ter med sentralmyndigheten og lokale barnevernsmyndigheter i Alicante. <\/p>\n<p class=\"_paragraph_o9xde_4 _paragraph_xtcu6_10 layout-component text-serif-m layout-normal text-serif-m layout-padded\">Den norske ambassaden i Madrid har ogs\u00e5 invitert til flere seminarer om barnevernssamarbeid mellom Norge og Spania.<\/p>\n<p>Savner bedre dialog<\/p>\n<p class=\"_paragraph_o9xde_4 _paragraph_xtcu6_10 layout-component text-serif-m layout-normal text-serif-m layout-padded\">VG m\u00f8tte i september sosiall\u00e6rer Patricia Rivero Marichal, som jobber med barnevernssaker som involverer utenlandske barn i norske feriefavoritter som Arguinegu\u00edn og Puerto Rico.<\/p>\n<p class=\"_paragraph_o9xde_4 _paragraph_xtcu6_10 layout-component text-serif-m layout-normal text-serif-m layout-padded\">Hun etterlyste bedre dialog med norske barnevernsmyndigheter \u2013 og sa hun er usikker p\u00e5 hvem hun kan kontakte for \u00e5 f\u00e5 informasjon eller overlevere bekymringsmeldinger.<\/p>\n<p><img decoding=\"async\" alt=\"Bilde av Patricia Rivero Marichal\" class=\"_image_ygndg_42\" height=\"27\" itemprop=\"image\" loading=\"lazy\"  src=\"https:\/\/www.europesays.com\/no\/wp-content\/uploads\/2025\/10\/81cd9f5a-3e2e-4408-abbf-a95440ee2152\"  width=\"40\"\/><strong class=\"_name_ygndg_51 title-serif-xs\">Patricia Rivero Marichal<\/strong><\/p>\n<p class=\"_paragraph_o9xde_4 text-sans-m _description_ygndg_56\">sosiall\u00e6rer og barnevernsansatt p\u00e5 Gran Canaria<\/p>\n<p class=\"_paragraph_o9xde_4 _paragraph_xtcu6_10 layout-component text-serif-m layout-normal text-serif-m layout-padded\">\u2013 Er det noe Bufdir kan gj\u00f8re for \u00e5 sikre at de som hjelper norske barn i utlandet vet hvem de kan kontakte?<\/p>\n<p class=\"_paragraph_o9xde_4 _paragraph_xtcu6_10 layout-component text-serif-m layout-normal text-serif-m layout-padded\">\u2013 Spanske myndigheter vet at det er et godt system for kontakt mellom spanske og norske barnevernsmyndigheter, gjennom samarbeidet under Haagkonvensjonen 1996Haagkonvensjonen 1996En internasjonal avtale som regulerer samarbeid mellom land i saker som involverer beskyttelse av barn, som for eksempel barnevernssaker., skriver Henriksen i en e-post.<\/p>\n<p class=\"_paragraph_o9xde_4 _paragraph_xtcu6_10 layout-component text-serif-m layout-normal text-serif-m layout-padded\">\u2013 Det er vanskelig for oss \u00e5 kommentere p\u00e5 hvorfor sosiall\u00e6reren VG har intervjuet, ikke er kjent med dette.<\/p>\n<p>Statsr\u00e5d: \u2013 Kan ikke gripe inn<\/p>\n<p class=\"_paragraph_o9xde_4 _paragraph_xtcu6_10 layout-component text-serif-m layout-normal text-serif-m layout-padded\">Barne- og familieminister Lene V\u00e5gslid (Ap) skriver i en e-post til VG at det er det enkelt land som har ansvaret for \u00e5 informere lokale myndigheter om de internasjonale avtalene og hvordan de kan komme i kontakt med Norge.<\/p>\n<p class=\"_paragraph_o9xde_4 _paragraph_xtcu6_10 layout-component text-serif-m layout-normal text-serif-m layout-padded\"><strong class=\"_strong_o9xde_25\">\u2013 Vi har imidlertid sett at det er et s\u00e6rlig behov for \u00e5 styrke samarbeid og informasjonsdeling opp mot Spania, fordi det bor mange norske familier her, skriver V\u00e5gslid.<\/strong><\/p>\n<p class=\"_paragraph_o9xde_4 _paragraph_xtcu6_10 layout-component text-serif-m layout-normal text-serif-m layout-padded\">Hun understreker at Norge ikke kan gripe direkte inn i saker n\u00e5r norske barn befinner seg p\u00e5 spansk jord.<\/p>\n<p class=\"_paragraph_o9xde_4 _paragraph_xtcu6_10 layout-component text-serif-m layout-normal text-serif-m layout-padded\">\u2013 Norske myndigheter kan ikke ut\u00f8ve myndighet p\u00e5 andre lands territorium, og hverken barnevernstjenesten eller Bufdir kan p\u00e5 eget initiativ reise til andre land for \u00e5 hente barn eller gj\u00f8re unders\u00f8kelser, skriver V\u00e5gslid.<\/p>\n<p class=\"_paragraph_o9xde_4 _paragraph_xtcu6_10 layout-component text-serif-m layout-normal text-serif-m layout-padded\">\u2013 En spansk sosialarbeider som \u00f8nsker \u00e5 dele en bekymringsmelding med norsk barnevern skal kontakte det spanske justisdepartementet, som igjen kan kontakte Bufdir.<\/p>\n<p><img decoding=\"async\" alt=\"Bilde av Lene V\u00e5gslid (Ap)\" class=\"_image_ygndg_42\" height=\"34\" itemprop=\"image\" loading=\"lazy\"  src=\"https:\/\/www.europesays.com\/no\/wp-content\/uploads\/2025\/10\/1cd5fa36-0317-4ada-953d-16b1f4788245\"  width=\"40\"\/><strong class=\"_name_ygndg_51 title-serif-xs\">Lene V\u00e5gslid (Ap)<\/strong><\/p>\n<p class=\"_paragraph_o9xde_4 text-sans-m _description_ygndg_56\">Barne- og familieminister<\/p>\n<p class=\"_paragraph_o9xde_4 _paragraph_xtcu6_10 layout-component text-serif-m layout-normal text-serif-m layout-padded\">\u2013 Marichal p\u00e5 Gran Canaria sp\u00f8r <a href=\"https:\/\/www.vg.no\/nyheter\/i\/vg0eRp\/sosiallaerer-paa-gran-canaria-faar-norske-barnevernssaker-paa-bordet-hvorfor-er-det-bare-nordmenn-som-roemmer-fra-barnevernet\" data-track-element-type=\"Link\" data-track-id=\"link:vg0eRp\" class=\"_link_o9xde_39\" rel=\"nofollow noopener\" target=\"_blank\">\u201cHvorfor er det bare nordmenn som r\u00f8mmer fra barnevernet?\u201d.<\/a> Har du et svar til henne?<\/p>\n<p class=\"_paragraph_o9xde_4 _paragraph_xtcu6_10 layout-component text-serif-m layout-normal text-serif-m layout-padded\">\u2013 Det kan v\u00e6re ulike grunner til at familier flytter, men vi vet at det kan handle om manglende tillit, skriver V\u00e5gslid i en e-post og viser til at regjeringen har varslet flere tiltak for \u00e5 styrke tilliten til barnevernet gjennom <a href=\"https:\/\/www.regjeringen.no\/no\/aktuelt\/et-viktig-kvalitetsloft-for-barnevernet\/id3095474\/\" class=\"_link_o9xde_39\" rel=\"nofollow noopener\" target=\"_blank\">Kvalitetsl\u00f8ftet i barnevernet<\/a>.<\/p>\n<p><img alt=\"Norske Robin m\u00f8tte direkt\u00f8r Wojciech \u017burowski som ledet barnehjemmet der han bodde i Polen.  Foto: Annemor Larsen \/ VG\" class=\"_image_qp4xg_65 layout-component layout-normal\" data-fullscreen- data-track-element-type=\"Article image fullscreen\" data-track-name=\"ImageFullscreen\" decoding=\"async\" loading=\"lazy\" height=\"4999\" itemprop=\"image\"  src=\"https:\/\/www.europesays.com\/no\/wp-content\/uploads\/2025\/10\/e62ae03a-7ac5-49a2-99c5-ea9b81af9f17\"  style=\"object-position:0% 0%\" width=\"7495\"\/>Norske Robin m\u00f8tte direkt\u00f8r Wojciech \u017burowski som ledet barnehjemmet der han bodde i Polen.  Foto: Annemor Larsen \/ VG\u00abBarnevernsflyktninger\u00bb<\/p>\n<p class=\"_paragraph_o9xde_4 _paragraph_xtcu6_10 layout-component text-serif-m layout-normal text-serif-m layout-padded\">VG skrev i september om norske <a href=\"https:\/\/www.vg.no\/spesial\/2025\/robins-historie\/\" class=\"_link_o9xde_39\" rel=\"nofollow noopener\" target=\"_blank\">Robin som ble bortf\u00f8rt til Polen som 12-\u00e5ring<\/a> og ble boende i landet i fem og et halvt \u00e5r.<\/p>\n<p class=\"_paragraph_o9xde_4 _paragraph_xtcu6_10 layout-component text-serif-m layout-normal text-serif-m layout-padded\">Direkt\u00f8ren ved barnehjemmet der Robin bodde, sa at han hadde snakket med mennesker h\u00f8yere opp i det polske barnevernssystemet som opplevde at det var en <a href=\"https:\/\/www.vg.no\/nyheter\/i\/RzLJKd\/polsk-barnehjemsdirektoer-norske-familier-flykter-til-polen-for-aa-unngaa-barnevernet\" data-track-element-type=\"Link\" data-track-id=\"link:RzLJKd\" class=\"_link_o9xde_39\" rel=\"nofollow noopener\" target=\"_blank\">trend med norske barnevernsflyktninger i Polen<\/a>.<\/p>\n<p class=\"_paragraph_o9xde_4 _paragraph_xtcu6_10 layout-component text-serif-m layout-normal text-serif-m layout-padded\">Bufdir skriver at de har jevnlig kontakt med polsk sentralmyndighet om utenlandsflyttinger og barnebortf\u00f8ringer.<\/p>\n<p class=\"_paragraph_o9xde_4 _paragraph_xtcu6_10 layout-component text-serif-m layout-normal text-serif-m layout-padded\"><strong class=\"_strong_o9xde_25\">\u2013 Dialogen med polske myndigheter har i 2025 dreid seg om enkeltsaker og hvordan disse kan l\u00f8ses til det beste for barna det gjelder.<\/strong><\/p>\n","protected":false},"excerpt":{"rendered":"Norske myndigheter har mange og krevende barnevernssaker som involverer nordmenn som har flyttet til Spania. Bufdir har hatt&hellip;\n","protected":false},"author":2,"featured_media":58133,"comment_status":"","ping_status":"","sticky":false,"template":"","format":"standard","meta":{"footnotes":""},"categories":[5],"tags":[4071,3540,20,21,24,25,5657,15,19,22,23,17,18,13,30,28,29,14,16,1515,26,27],"class_list":{"0":"post-58132","1":"post","2":"type-post","3":"status-publish","4":"format-standard","5":"has-post-thumbnail","7":"category-overskrifter","8":"tag-barna-som-forsvant","9":"tag-barnevern","10":"tag-breaking-news","11":"tag-breakingnews","12":"tag-featured-news","13":"tag-featurednews","14":"tag-gran-canaria","15":"tag-headlines","16":"tag-hovedoppslag","17":"tag-latest-news","18":"tag-latestnews","19":"tag-main-news","20":"tag-mainnews","21":"tag-news","22":"tag-no","23":"tag-norge","24":"tag-norway","25":"tag-nyheter","26":"tag-overskrifter","27":"tag-spania","28":"tag-top-stories","29":"tag-topstories"},"share_on_mastodon":{"url":"","error":""},"_links":{"self":[{"href":"https:\/\/www.europesays.com\/no\/wp-json\/wp\/v2\/posts\/58132","targetHints":{"allow":["GET"]}}],"collection":[{"href":"https:\/\/www.europesays.com\/no\/wp-json\/wp\/v2\/posts"}],"about":[{"href":"https:\/\/www.europesays.com\/no\/wp-json\/wp\/v2\/types\/post"}],"author":[{"embeddable":true,"href":"https:\/\/www.europesays.com\/no\/wp-json\/wp\/v2\/users\/2"}],"replies":[{"embeddable":true,"href":"https:\/\/www.europesays.com\/no\/wp-json\/wp\/v2\/comments?post=58132"}],"version-history":[{"count":0,"href":"https:\/\/www.europesays.com\/no\/wp-json\/wp\/v2\/posts\/58132\/revisions"}],"wp:featuredmedia":[{"embeddable":true,"href":"https:\/\/www.europesays.com\/no\/wp-json\/wp\/v2\/media\/58133"}],"wp:attachment":[{"href":"https:\/\/www.europesays.com\/no\/wp-json\/wp\/v2\/media?parent=58132"}],"wp:term":[{"taxonomy":"category","embeddable":true,"href":"https:\/\/www.europesays.com\/no\/wp-json\/wp\/v2\/categories?post=58132"},{"taxonomy":"post_tag","embeddable":true,"href":"https:\/\/www.europesays.com\/no\/wp-json\/wp\/v2\/tags?post=58132"}],"curies":[{"name":"wp","href":"https:\/\/api.w.org\/{rel}","templated":true}]}}