{"id":58146,"date":"2025-10-11T15:41:07","date_gmt":"2025-10-11T15:41:07","guid":{"rendered":"https:\/\/www.europesays.com\/no\/58146\/"},"modified":"2025-10-11T15:41:07","modified_gmt":"2025-10-11T15:41:07","slug":"gjenglederen-grekeren-pagrepet-i-mexico","status":"publish","type":"post","link":"https:\/\/www.europesays.com\/no\/58146\/","title":{"rendered":"Gjenglederen \u00abGrekeren\u00bb p\u00e5grepet i Mexico"},"content":{"rendered":"\n<p class=\"_paragraph_o9xde_4 _paragraph_xtcu6_10 layout-component text-serif-m layout-normal text-serif-m layout-padded\">Den internasjonalt etterlyste gjenglederen ble p\u00e5grepet i en stor politiaksjon i en av Mexicos mest kjente turistdestinasjoner. <\/p>\n<p class=\"_paragraph_o9xde_4 _paragraph_xtcu6_10 layout-component text-serif-m layout-normal text-serif-m layout-padded\">Mikael Ahlstr\u00f6m Tenezons (27) som g\u00e5r under kallenavnet \u00abGrekeren\u00bb regnes som lederen av Dalen-nettverket. Han har v\u00e6rt etterlyst i Sverige og av Europol. <\/p>\n<p class=\"_paragraph_o9xde_4 _paragraph_xtcu6_10 layout-component text-serif-m layout-normal text-serif-m layout-padded\">Tenezoz er mistenkt for flere kriminelle forhold i Sverige. Svensk politi mener han har oppholdt seg i Mexico. <\/p>\n<p class=\"_paragraph_o9xde_4 _paragraph_xtcu6_10 layout-component text-serif-m layout-normal text-serif-m layout-padded\">Der skal han n\u00e5 v\u00e6re arrestert. Det bekrefter meksikanske myndigheter i en <a href=\"https:\/\/www.gob.mx\/sspc\/prensa\/detienen-en-quintana-roo-a-lider-criminal-buscado-por-autoridades-de-suecia-y-europol\" class=\"_link_o9xde_39\" rel=\"nofollow noopener\" target=\"_blank\">pressemelding<\/a>. <\/p>\n<p class=\"_paragraph_o9xde_4 _paragraph_xtcu6_10 layout-component text-serif-m layout-normal text-serif-m layout-padded\">\u2013 Den p\u00e5grepne anses som en voldsgenerator i Europa fordi han er knyttet til v\u00e5pen- og narkotikahandel, i tillegg til hvitvasking av penger, st\u00e5r det i pressemeldingen.<\/p>\n<p class=\"_paragraph_o9xde_4 _paragraph_xtcu6_10 layout-component text-serif-m layout-normal text-serif-m layout-padded\">B\u00e5de nasjonale og lokale sikkerhetsstyrker deltok i aksjonen i delstaten Quintana Roo, hvor Tenzono ble p\u00e5grepet. Ogs\u00e5 Interpol deltok. <\/p>\n<p class=\"_paragraph_o9xde_4 _paragraph_xtcu6_10 layout-component text-serif-m layout-normal text-serif-m layout-padded\">Aksjonen ble igangsatt etter en foresp\u00f8rsel om samarbeid fra svensk politi, if\u00f8lge meksikanske myndigheter.  <\/p>\n<p class=\"_paragraph_o9xde_4 _paragraph_xtcu6_10 layout-component text-serif-m layout-normal text-serif-m layout-padded\">Ved bruk av mobiloverv\u00e5kning, fikk man lokalisert Tenozo. Etteretning bekreftet at han oppholdt seg i kystbyen Cancun. <\/p>\n<p class=\"_paragraph_o9xde_4 _paragraph_xtcu6_10 layout-component text-serif-m layout-normal text-serif-m layout-padded\">Svensk politi har blitt kontaktet i forbindelse med p\u00e5gripelsen, if\u00f8lge opplysninger til <a href=\"https:\/\/www.svt.se\/nyheter\/inrikes\/uppgifter-gangledaren-greken-gripen-i-mexiko\" class=\"_link_o9xde_39\" rel=\"nofollow noopener\" target=\"_blank\">SVT<\/a>. <\/p>\n<p class=\"_paragraph_o9xde_4 _paragraph_xtcu6_10 layout-component text-serif-m layout-normal text-serif-m layout-padded\">Sverige har ingen utleveringsavtale med Mexico.<\/p>\n<p class=\"_paragraph_o9xde_4 _paragraph_xtcu6_10 layout-component text-serif-m layout-normal text-serif-m layout-padded\">\u2013 Til syvende og sist er det et politisk sp\u00f8rsm\u00e5l om Mexico \u00f8nsker \u00e5 utlevere dem eller ikke, har aktor Ida Arnell sagt.<\/p>\n<p>Mistenkt for \u00e5 rekruttere ungdommer<\/p>\n<p class=\"_paragraph_o9xde_4 _paragraph_xtcu6_10 layout-component text-serif-m layout-normal text-serif-m layout-padded\">Dalen-nettverket ble i mange \u00e5r ansett \u00e5 ha kontroll over narkotikamarkedet i s\u00f8rlige NorrlandNorrlandNorrland er den nordligste av Sveriges tre uformelle landsdeler.. Det f\u00f8rte til konflikt med Rawa Majid, kjent som \u00abDen kurdiske reven\u00bb og Foxtrot-nettverket, som \u00f8nsket \u00e5 ta over dette omr\u00e5det. <\/p>\n<p class=\"_paragraph_o9xde_4 _paragraph_xtcu6_10 layout-component text-serif-m layout-normal text-serif-m layout-padded\">If\u00f8lge <a href=\"https:\/\/www.nrk.no\/norge\/pa-rommen-i-mexico_-svensk-gjengleder-kobles-til-bestillingsdrap-i-norge-1.17415785?utm_source=sdrn%3Avg%3Aarticle%3Agw90Wq\" class=\"_link_o9xde_39\" rel=\"nofollow noopener\" target=\"_blank\">NRK<\/a> skal gjenglederen ha rekruttert ten\u00e5ringer til \u00e5 beg\u00e5 en rekke grove voldshendelser.<\/p>\n<p class=\"_paragraph_o9xde_4 _paragraph_xtcu6_10 layout-component text-serif-m layout-normal text-serif-m layout-padded\">Svensk politi mener han og en svensk 20-\u00e5ring i fjor sommer rekrutterte og styrte en rekke unge personer til \u00e5 beg\u00e5 grov vold i Sverige fra Mexico.<\/p>\n<p class=\"_paragraph_o9xde_4 _paragraph_xtcu6_10 layout-component text-serif-m layout-normal text-serif-m layout-padded\">I den samme perioden kobles de til planleggingen av bestillingsdrap i Norge. Det bekrefter politiadvokat Fredrik Borg Johannesen til NRK.<\/p>\n","protected":false},"excerpt":{"rendered":"Den internasjonalt etterlyste gjenglederen ble p\u00e5grepet i en stor politiaksjon i en av Mexicos mest kjente turistdestinasjoner. Mikael&hellip;\n","protected":false},"author":2,"featured_media":58147,"comment_status":"","ping_status":"","sticky":false,"template":"","format":"standard","meta":{"footnotes":""},"categories":[12],"tags":[31,20,21,24,25,15,22,23,13,30,28,29,14,16,26,27,42,43,44,45],"class_list":{"0":"post-58146","1":"post","2":"type-post","3":"status-publish","4":"format-standard","5":"has-post-thumbnail","7":"category-verden","8":"tag-breaking","9":"tag-breaking-news","10":"tag-breakingnews","11":"tag-featured-news","12":"tag-featurednews","13":"tag-headlines","14":"tag-latest-news","15":"tag-latestnews","16":"tag-news","17":"tag-no","18":"tag-norge","19":"tag-norway","20":"tag-nyheter","21":"tag-overskrifter","22":"tag-top-stories","23":"tag-topstories","24":"tag-verden","25":"tag-world","26":"tag-world-news","27":"tag-worldnews"},"share_on_mastodon":{"url":"","error":""},"_links":{"self":[{"href":"https:\/\/www.europesays.com\/no\/wp-json\/wp\/v2\/posts\/58146","targetHints":{"allow":["GET"]}}],"collection":[{"href":"https:\/\/www.europesays.com\/no\/wp-json\/wp\/v2\/posts"}],"about":[{"href":"https:\/\/www.europesays.com\/no\/wp-json\/wp\/v2\/types\/post"}],"author":[{"embeddable":true,"href":"https:\/\/www.europesays.com\/no\/wp-json\/wp\/v2\/users\/2"}],"replies":[{"embeddable":true,"href":"https:\/\/www.europesays.com\/no\/wp-json\/wp\/v2\/comments?post=58146"}],"version-history":[{"count":0,"href":"https:\/\/www.europesays.com\/no\/wp-json\/wp\/v2\/posts\/58146\/revisions"}],"wp:featuredmedia":[{"embeddable":true,"href":"https:\/\/www.europesays.com\/no\/wp-json\/wp\/v2\/media\/58147"}],"wp:attachment":[{"href":"https:\/\/www.europesays.com\/no\/wp-json\/wp\/v2\/media?parent=58146"}],"wp:term":[{"taxonomy":"category","embeddable":true,"href":"https:\/\/www.europesays.com\/no\/wp-json\/wp\/v2\/categories?post=58146"},{"taxonomy":"post_tag","embeddable":true,"href":"https:\/\/www.europesays.com\/no\/wp-json\/wp\/v2\/tags?post=58146"}],"curies":[{"name":"wp","href":"https:\/\/api.w.org\/{rel}","templated":true}]}}