{"id":58186,"date":"2025-10-11T16:53:16","date_gmt":"2025-10-11T16:53:16","guid":{"rendered":"https:\/\/www.europesays.com\/no\/58186\/"},"modified":"2025-10-11T16:53:16","modified_gmt":"2025-10-11T16:53:16","slug":"tilintetgjort","status":"publish","type":"post","link":"https:\/\/www.europesays.com\/no\/58186\/","title":{"rendered":"&#8211; Tilintetgjort"},"content":{"rendered":"<p class=\"kicker \" style=\"\">Gaza:<\/p>\n<p>  200 000 palestinere har reist til Nord-Gaza. &#8211; Alt er tilintetgjort. Vi vet ikke hvor vi skal dra, sier en av dem.<\/p>\n<p>\n    TILBAKE: Hundretusener av palestinere tar seg n\u00e5 tilbake til hjemmene sine p\u00e5 Gazastripen etter at v\u00e5penhvileavtalen med Israel tr\u00e5dte i kraft. For flere av dem er hele nabolagene de bodde i borte. Foto: Omar al-Qattaa \/ Reuters\n  <\/p>\n<p>Om lag 200.000 mennesker har reist til Nord-Gaza\u00a0siden v\u00e5penhvilen tr\u00e5dte i kraft fredag, opplyser sivilforsvaret p\u00e5 enklaven.<\/p>\n<p>De enorme folkemengdene har vandret nord over det s\u00f8nderbombede landskapet. Der, i Gaza by, er det stort sett bare ruinene av folks hjem som st\u00e5r igjen.<\/p>\n<p>    <a itemprop=\"url\" href=\"https:\/\/www.dagbladet.no\/nyheter\/hevder-han-har-stanset-atte-kriger\/83703621\" rel=\"nofollow noopener\" target=\"_blank\"><\/p>\n<p>      <img loading=\"lazy\" decoding=\"async\" src=\"https:\/\/www.europesays.com\/no\/wp-content\/uploads\/2025\/10\/1760201591_584_83703688.webp\" width=\"980\" height=\"441\" title=\"Hevder han har stanset \u00e5tte kriger\" alt=\"\" class=\"lazyload\" style=\"--aspect-ratio-image: 2.22; \"\/><\/p>\n<p>        Hevder han har stanset \u00e5tte kriger<\/p>\n<p>    <\/a><\/p>\n<p>&#8211; Tilintetgjort\t<\/p>\n<p>Bare dager f\u00f8r v\u00e5penhvileavtalen tr\u00e5dte i kraft regnet bombene over Gaza by.<\/p>\n<p>&#8211; Vi dro til nabolaget v\u00e5rt. Alt er tilintetgjort. Vi vet ikke hvor vi skal dra. Vi f\u00e5r ikke tak i m\u00f8bler, kl\u00e6r, eller noe, sier Gaza-beboer Ahmed al-Brim til Reuters.<\/p>\n<p>Nord-Gaza\u00a0har v\u00e6rt m\u00e5l for intense israelske angrep under krigen, og de fleste bygningene i omr\u00e5det er \u00f8delagt, if\u00f8lge palestinske myndigheter.<\/p>\n<p>    Gaza-krigen<\/p>\n<p>Gazastripen er et 360 kvadratkilometer stort omr\u00e5de, litt st\u00f8rre enn Hamar kommune. Det bodde f\u00f8r krigen cirka 2,1 millioner palestinere der.<\/p>\n<p>If\u00f8lge FN-tall er n\u00e6rmere 1,9 millioner mennesker drevet p\u00e5 flukt.<\/p>\n<p>Hamas og fire andre militante grupper gikk 7. oktober 2023 til angrep mot det s\u00f8rlige Israel.<\/p>\n<p>Om lag 1200 personer ble drept i angrepet, de fleste av dem sivile. 251 personer ble tatt som gisler.<\/p>\n<p>Israel gikk samme dag til krig og invaderte\u00a0Gaza. Krigen har p\u00e5g\u00e5tt siden da, og over 67.000 mennesker er drept og 160.000 s\u00e5ret i\u00a0Gaza, de fleste sivile, if\u00f8lge Gazas helsemyndigheter.<\/p>\n<p>Rundt 20.000 av de drepte og 40.000 av de s\u00e5rede er barn. Tusenvis av palestinere er savnet og ligger trolig begravd i ruinene av bombede bygninger.<\/p>\n<p>En v\u00e5penhvile tr\u00e5dte i kraft 19. januar i \u00e5r, men ble brutt av Israel som gjenopptok angrepene 18. mars.<\/p>\n<p>Det ble innf\u00f8rt n\u00f8dhjelpsblokade i mars i \u00e5r. FN har erkl\u00e6rt hungersn\u00f8d nord i\u00a0Gaza, og et ukjent antall mennesker har enten sultet i hjel eller er d\u00f8de av sykdommer. Noe n\u00f8dhjelp har sluppet inn siden mai, men ikke i n\u00e6rheten av nok.<\/p>\n<p>En ny v\u00e5penhvile tr\u00e5dte i kraft klokka 11 fredag 10. oktober. De siste 48 gislene skal n\u00e5 l\u00f8slates, hvorav rundt 20 fortsatt er i live. I tillegg skal en rekke palestinske fanger l\u00f8slates fra israelske fengsler.<\/p>\n<p>Dette er en del av USAs president Donald Trumps s\u00e5kalte 20-punktsplan for\u00a0Gaza. Meglere fra Egypt, Qatar, Tyrkia og USA har ogs\u00e5 deltatt i indirekte forhandlinger i Sharm el-Sheikh.<\/p>\n<p class=\"italic m-italic\" data-lab-italic=\"italic\"> Kilder: FN, FN-sambandet, Palestinske helsemyndigheter <\/p>\n<p>      Vis mer<br \/>\n      Vis mindre<\/p>\n<p>Mange av innbyggerne der har blitt tvunget til \u00e5 forlate hjemmene sine minst \u00e9n gang under den to \u00e5r lange krigen.<\/p>\n<p>    <a itemprop=\"url\" href=\"https:\/\/www.dagbladet.no\/nyheter\/har-godkjent-avtalen\/83703936\" rel=\"nofollow noopener\" target=\"_blank\"><\/p>\n<p>      <img loading=\"lazy\" decoding=\"async\" src=\"https:\/\/www.europesays.com\/no\/wp-content\/uploads\/2025\/10\/83699822.webp\" width=\"980\" height=\"441\" title=\"Har godkjent avtalen\" alt=\"\" class=\"lazyload\" style=\"--aspect-ratio-image: 2.22; \"\/><\/p>\n<p>        Har godkjent avtalen<\/p>\n<p>    <\/a><\/p>\n<p>20-punktsavtale\t<\/p>\n<p>V\u00e5penhvilen mellom Israel og Hamas tr\u00e5dte i kraft klokka 11 fredag. Som en del av den skal de siste 48 Hamas-gislene l\u00f8slates, hvorav rundt 20 fortsatt er i live. I tillegg skal en rekke palestinske fanger l\u00f8slates fra israelske fengsler.<\/p>\n<p>          <img loading=\"lazy\" decoding=\"async\" src=\"https:\/\/www.europesays.com\/no\/wp-content\/uploads\/2025\/10\/83709303.webp\" width=\"980\" height=\"657\" title=\"NORDOVER: En gruppe palestinere tar seg nordover mot Gaza by langs kystlinja. Foto: Bashar Taleb \/ AFP\" alt=\"\" class=\"\" style=\"--aspect-ratio-image: 1.49; \"\/><\/p>\n<p>\n          NORDOVER: En gruppe palestinere tar seg nordover mot Gaza by langs kystlinja. Foto: Bashar Taleb \/ AFP\n      <\/p>\n<p>Avtalen er en del av USAs president Donald Trumps s\u00e5kalte 20-punktsplan for\u00a0Gaza.<\/p>\n<p>Ogs\u00e5 i Gazas nest st\u00f8rste by, Khan Younis i s\u00f8r, meldes det om bevegelser.<\/p>\n<p>Reuters melder at folkemengdene har bevegd seg i stillhet gjennom ruinene.<\/p>\n<p>&#8211; Huset mitt st\u00e5r fremdeles, takk gud. Men det er \u00f8delagt. Nabohusene er \u00f8delagt. Hele nabolag er borte, sier 40 \u00e5r gamle Ismail Zayda til nyhetsbyr\u00e5et.<\/p>\n<p>          <img loading=\"lazy\" decoding=\"async\" src=\"https:\/\/www.europesays.com\/no\/wp-content\/uploads\/2025\/10\/83709306.webp\" width=\"980\" height=\"657\" title=\"BOMBEREGN: Bildet viser et bombenedslag over Gazastripen klokka 10.34, mindre enn en halvtime f\u00f8r v\u00e5penhvilen tr\u00e5dte i kraft. Foto: Jack Guez \/ AFP\" alt=\"\" class=\"\" style=\"--aspect-ratio-image: 1.49; \"\/><\/p>\n<p>\n          BOMBEREGN: Bildet viser et bombenedslag over Gazastripen klokka 10.34, mindre enn en halvtime f\u00f8r v\u00e5penhvilen tr\u00e5dte i kraft. Foto: Jack Guez \/ AFP\n      <\/p>\n<p>Trakk seg tilbake\t<\/p>\n<p>Vandringen hjemover startet etter at det ble kjent at israelske soldater har trukket seg ut av noen av omr\u00e5dene p\u00e5 Gazastripen. Men for mange er det fortsatt umulig \u00e5 vende hjem ettersom israelske okkupasjonsstyrker blir st\u00e5ende i over halvparten av Gazastripen. Det finnes en plan for ytterligere tilbaketrekking, men n\u00e5r det skjer, er uvisst.<\/p>\n<p>Israel advarer dessuten om at flere omr\u00e5der er \u00abekstremt farlige\u00bb. Folk blir bedt om \u00e5 unng\u00e5 alle omr\u00e5der der Israel har et omfattende milit\u00e6rt n\u00e6rv\u00e6r, som ved Beit Hanoun og Beit Lahiya i nord, i Shujaiya, en bydel i\u00a0Gaza\u00a0by, og ogs\u00e5 omr\u00e5der ved Rafah og Khan Younis i s\u00f8r.<\/p>\n<p>V\u00e5penhvilen tr\u00e5dte i kraft klokka 11 norsk tid, samtidig som \u00e5rets fredspris ble kunngjort i Oslo.<\/p>\n<p>    <a itemprop=\"url\" href=\"https:\/\/www.dagbladet.no\/nyheter\/hevder-krigen-er-over-permanent\/83701942\" rel=\"nofollow noopener\" target=\"_blank\"><\/p>\n<p>      <img loading=\"lazy\" decoding=\"async\" src=\"https:\/\/www.europesays.com\/no\/wp-content\/uploads\/2025\/10\/83701900.webp\" width=\"980\" height=\"441\" title=\"Hevder krigen er over permanent\" alt=\"\" class=\"lazyload\" style=\"--aspect-ratio-image: 2.22; \"\/><\/p>\n<p>        Hevder krigen er over permanent<\/p>\n<p>    <\/a><\/p>\n","protected":false},"excerpt":{"rendered":"Gaza: 200 000 palestinere har reist til Nord-Gaza. &#8211; Alt er tilintetgjort. Vi vet ikke hvor vi skal&hellip;\n","protected":false},"author":2,"featured_media":58187,"comment_status":"","ping_status":"","sticky":false,"template":"","format":"standard","meta":{"footnotes":""},"categories":[5],"tags":[20,21,24,25,53,566,15,19,4856,474,22,23,17,18,411,13,30,28,29,14,16,26,27,412],"class_list":{"0":"post-58186","1":"post","2":"type-post","3":"status-publish","4":"format-standard","5":"has-post-thumbnail","7":"category-overskrifter","8":"tag-breaking-news","9":"tag-breakingnews","10":"tag-featured-news","11":"tag-featurednews","12":"tag-gaza","13":"tag-hamas","14":"tag-headlines","15":"tag-hovedoppslag","16":"tag-israel-og-palestina","17":"tag-krig","18":"tag-latest-news","19":"tag-latestnews","20":"tag-main-news","21":"tag-mainnews","22":"tag-midtosten","23":"tag-news","24":"tag-no","25":"tag-norge","26":"tag-norway","27":"tag-nyheter","28":"tag-overskrifter","29":"tag-top-stories","30":"tag-topstories","31":"tag-utenriks"},"share_on_mastodon":{"url":"","error":""},"_links":{"self":[{"href":"https:\/\/www.europesays.com\/no\/wp-json\/wp\/v2\/posts\/58186","targetHints":{"allow":["GET"]}}],"collection":[{"href":"https:\/\/www.europesays.com\/no\/wp-json\/wp\/v2\/posts"}],"about":[{"href":"https:\/\/www.europesays.com\/no\/wp-json\/wp\/v2\/types\/post"}],"author":[{"embeddable":true,"href":"https:\/\/www.europesays.com\/no\/wp-json\/wp\/v2\/users\/2"}],"replies":[{"embeddable":true,"href":"https:\/\/www.europesays.com\/no\/wp-json\/wp\/v2\/comments?post=58186"}],"version-history":[{"count":0,"href":"https:\/\/www.europesays.com\/no\/wp-json\/wp\/v2\/posts\/58186\/revisions"}],"wp:featuredmedia":[{"embeddable":true,"href":"https:\/\/www.europesays.com\/no\/wp-json\/wp\/v2\/media\/58187"}],"wp:attachment":[{"href":"https:\/\/www.europesays.com\/no\/wp-json\/wp\/v2\/media?parent=58186"}],"wp:term":[{"taxonomy":"category","embeddable":true,"href":"https:\/\/www.europesays.com\/no\/wp-json\/wp\/v2\/categories?post=58186"},{"taxonomy":"post_tag","embeddable":true,"href":"https:\/\/www.europesays.com\/no\/wp-json\/wp\/v2\/tags?post=58186"}],"curies":[{"name":"wp","href":"https:\/\/api.w.org\/{rel}","templated":true}]}}