{"id":5821,"date":"2025-08-12T10:09:10","date_gmt":"2025-08-12T10:09:10","guid":{"rendered":"https:\/\/www.europesays.com\/no\/5821\/"},"modified":"2025-08-12T10:09:10","modified_gmt":"2025-08-12T10:09:10","slug":"utenriksminister-frykter-sverige-blir-russlands-neste-mal-vi-forbereder-oss","status":"publish","type":"post","link":"https:\/\/www.europesays.com\/no\/5821\/","title":{"rendered":"Utenriksminister frykter Sverige blir Russlands neste m\u00e5l: \u2013 Vi forbereder oss"},"content":{"rendered":"\n<p class=\"_lead_1bvmi_2 _lead_xtcu6_50 layout-component text-serif-m layout-normal text-serif-l layout-component layout-wide layout-padded _wide_17hqh_1 layout-padded\">Sveriges utenriksminister er bekymret for konsekvensene hvis Russland vinner krigen i Ukraina.<\/p>\n<p><img alt=\"Sveriges utenriksminister Maria Malmer Stenergard, statsminister Ulf Kristersson og forsvarsminister P\u00e5l Jonson. Foto: Pontus Lundahl\/TT \/ TT Nyhetsbyr\u00e5n \/ NTB\" class=\"_image_qp4xg_65 layout-component layout-wide\" data-fullscreen- data-track-element-type=\"Article image fullscreen\" data-track-name=\"ImageFullscreen\" fetchpriority=\"high\" decoding=\"sync\" loading=\"eager\" height=\"5504\" itemprop=\"image\"  src=\"https:\/\/www.europesays.com\/no\/wp-content\/uploads\/2025\/08\/383d7924-988f-42ac-977a-c2415313e79b\"  style=\"object-position:0% 0%\" width=\"8256\"\/>Sveriges utenriksminister Maria Malmer Stenergard, statsminister Ulf Kristersson og forsvarsminister P\u00e5l Jonson. Foto: Pontus Lundahl\/TT \/ TT Nyhetsbyr\u00e5n \/ NTB<\/p>\n<ul aria-hidden=\"true\" class=\"_images_1y6fe_106\">\n<li><a class=\"_link_1y6fe_111\" href=\"https:\/\/www.vg.no\/forfatter\/isak-loeve-pilskog-loe\" style=\"z-index:1\" title=\"Isak L\u00f8ve Pilskog Loe\" rel=\"nofollow noopener\" target=\"_blank\"><img alt=\"Bilde av Isak L\u00f8ve Pilskog Loe\" class=\"_image_1y6fe_88\" fetchpriority=\"low\" loading=\"lazy\" decoding=\"async\" itemprop=\"image\"  src=\"https:\/\/www.europesays.com\/no\/wp-content\/uploads\/2025\/08\/1754993348_634_8b0354e3-bf53-460c-9c1c-790321a0c923\"  width=\"480\"\/><\/a><\/li>\n<\/ul>\n<p> Oppdatert tirsdag 12. august kl. 11:41     <\/p>\n<p class=\"_paragraph_1bvmi_4 _paragraph_xtcu6_10 layout-component text-serif-m layout-normal text-serif-m layout-padded\">Fredag m\u00f8tes Donald Trump og Vladimir Putin i Alaska for \u00e5 diskutere Russlands krig mot Ukraina. <\/p>\n<p class=\"_paragraph_1bvmi_4 _paragraph_xtcu6_10 layout-component text-serif-m layout-normal text-serif-m layout-padded\">Hverken Ukrainas president eller andre europeiske ledere er invitert til det planlagte m\u00f8tet \u2013 noe som har skapt <a href=\"https:\/\/www.vg.no\/nyheter\/i\/vgLwWl\/nbc-det-hvite-hus-vurderer-aa-invitere-zelenskyj-til-alaska?utm_source=sdrn%3Avg%3Aarticle%3A4B2VjV&amp;utm_medium=Link&amp;utm_content=link%3AvgLwWl\" data-track-element-type=\"Link\" data-track-id=\"link:vgLwWl\" class=\"_link_1bvmi_39\" rel=\"nofollow noopener\" target=\"_blank\">stor uro i Europa<\/a>.<\/p>\n<p class=\"_paragraph_1bvmi_4 _paragraph_xtcu6_10 layout-component text-serif-m layout-normal text-serif-m layout-padded\">Det samme gjelder den svenske regjeringen som i g\u00e5r kalte inn til ekstraordin\u00e6rt m\u00f8te i landets nasjonale sikkerhetsr\u00e5d og deretter et m\u00f8te med utenriksutvalget hvor alle riksdagensriksdagensSveriges nasjonalforsamling, som er ansvarlig for \u00e5 vedta lover og bestemme landets politikk partier deltok.<\/p>\n<p class=\"_paragraph_1bvmi_4 _paragraph_xtcu6_10 layout-component text-serif-m layout-normal text-serif-m layout-padded\"><strong class=\"_strong_1bvmi_25\">\u2013 Det kan bli en formativ uke for europeisk sikkerhet, skrev Sveriges statsminister Ulf Kristersson.<\/strong><\/p>\n<p><img decoding=\"async\" alt=\"Bilde av Ulf Kristersson\" class=\"_image_ygndg_42\" height=\"27\" itemprop=\"image\" loading=\"lazy\"  src=\"https:\/\/www.europesays.com\/no\/wp-content\/uploads\/2025\/08\/5415f346-86c1-427c-8946-f8e9b50ea1ff\"  width=\"40\"\/><strong class=\"_name_ygndg_51 title-serif-xs\">Ulf Kristersson<\/strong><\/p>\n<p class=\"_paragraph_1bvmi_4 text-sans-m _description_ygndg_56\">Sveriges statsminister<\/p>\n<p class=\"_paragraph_1bvmi_4 _paragraph_xtcu6_10 layout-component text-serif-m layout-normal text-serif-m layout-padded\">Statsministeren understreket at hvordan Russlands krig mot Ukraina avsluttes vil p\u00e5virke sikkerheten i minst en generasjon fremover.<\/p>\n<p class=\"_paragraph_1bvmi_4 _paragraph_xtcu6_10 layout-component text-serif-m layout-normal text-serif-m layout-padded\">\u2013 Ingen forhandlinger om Ukraina uten Ukraina. Ingen forhandlinger om Europa uten Europa, skrev Kristersson \u2013 et budskap som gjentas av europeiske statsledere.<\/p>\n<p class=\"_paragraph_1bvmi_4 _paragraph_xtcu6_10 layout-component text-serif-m layout-normal layout-padded\"><strong class=\"_strong_1bvmi_25\">Les ogs\u00e5:<\/strong> <a href=\"https:\/\/www.vg.no\/i\/4B2VjV\" data-track-element-type=\"Link\" data-track-id=\"link:4B2VjV\" class=\"_link_1bvmi_39\" rel=\"nofollow noopener\" target=\"_blank\">26 EU-ledere krever Ukrainas rett til \u00e5 bestemme egen fremtid<\/a><\/p>\n<p>Risikoen \u00f8ker<\/p>\n<p class=\"_paragraph_1bvmi_4 _paragraph_xtcu6_10 layout-component text-serif-m layout-normal text-serif-m layout-padded\">Trump har tidligere uttalt at han tror USA og Russland begynner \u00e5 komme \u00abveldig n\u00e6re\u00bb en fredsavtale, og at territoriell utvekslingterritoriell utvekslingEn avtale der land bytter landomr\u00e5der som en del av en fredsavtale eller forhandling sannsynligvis vil v\u00e6re en del av en eventuell avtale.<\/p>\n<p class=\"_paragraph_1bvmi_4 _paragraph_xtcu6_10 layout-component text-serif-m layout-normal text-serif-m layout-padded\">Sveriges utenriksminister Maria Malmer Stenergard er bekymret for hva som kan skje hvis Russland vinner krigen.<\/p>\n<p class=\"_paragraph_1bvmi_4 _paragraph_xtcu6_10 layout-component text-serif-m layout-normal text-serif-m layout-padded\">\u2013 Vi forbereder oss p\u00e5 det. Ikke de n\u00e6rmeste \u00e5rene, men det avgj\u00f8res helt av hvorvidt vi klarer \u00e5 vise en motstandskraft, sa Stenergard i T<a href=\"https:\/\/www.tv4play.se\/video\/c725bfd0a4981b4e5094\/tisdag-12-augusti\" class=\"_link_1bvmi_39\" rel=\"nofollow noopener\" target=\"_blank\">V4s Nyhetsmorgon<\/a> tirsdag morgen.<\/p>\n<p><img decoding=\"async\" alt=\"Bilde av Maria Malmer Stenergard\" class=\"_image_ygndg_42\" height=\"27\" itemprop=\"image\" loading=\"lazy\"  src=\"https:\/\/www.europesays.com\/no\/wp-content\/uploads\/2025\/08\/a61fe1e1-47ba-47ab-b534-427a657f47a3\"  width=\"40\"\/><strong class=\"_name_ygndg_51 title-serif-xs\">Maria Malmer Stenergard<\/strong><\/p>\n<p class=\"_paragraph_1bvmi_4 text-sans-m _description_ygndg_56\">Utenriksminister<\/p>\n<p class=\"_paragraph_1bvmi_4 _paragraph_xtcu6_10 layout-component text-serif-m layout-normal text-serif-m layout-padded\">Hun mener at en russisk seier vil sende farlige signaler til Moskva.<\/p>\n<p class=\"_paragraph_1bvmi_4 _paragraph_xtcu6_10 layout-component text-serif-m layout-normal text-serif-m layout-padded\">\u2013 Vinner Russland krigen s\u00e5 viser det at man kan vinne mye p\u00e5 \u00e5 angripe et fredelig naboland. Det kommer i sin tur til \u00e5 gi Russland mer selvtillit og at risikoen for at de fortsetter \u00e5 angripe andre land kan \u00f8ke, sa utenriksministeren.<\/p>\n<p class=\"_paragraph_1bvmi_4 _paragraph_xtcu6_10 layout-component text-serif-m layout-normal layout-padded\"><strong class=\"_strong_1bvmi_25\">Les ogs\u00e5:<\/strong> <a href=\"https:\/\/www.vg.no\/i\/8q2PjE\" data-track-element-type=\"Link\" data-track-id=\"link:8q2PjE\" class=\"_link_1bvmi_39\" rel=\"nofollow noopener\" target=\"_blank\">Putin har f\u00e5tt det som han vil. Igjen.<\/a><\/p>\n<p>Historisk opprustning<\/p>\n<p class=\"_paragraph_1bvmi_4 _paragraph_xtcu6_10 layout-component text-serif-m layout-normal text-serif-m layout-padded\">Stenergard understreket at Sverige n\u00e5 ruster opp forsvaret p\u00e5 en historisk m\u00e5te.<\/p>\n<p class=\"_paragraph_1bvmi_4 _paragraph_xtcu6_10 layout-component text-serif-m layout-normal text-serif-m layout-padded\">\u2013 Det er derfor vi ruster opp p\u00e5 et historisk vis i Sverige og i de \u00f8vrige Nato-landeneNato-landeneEn milit\u00e6r allianse av land i Nord-Amerika og Europa som samarbeider om forsvar og sikkerhet, sa hun.<\/p>\n<p class=\"_paragraph_1bvmi_4 _paragraph_xtcu6_10 layout-component text-serif-m layout-normal text-serif-m layout-padded\">Den svenske utenriksministeren sa hun ikke er s\u00e6rlig optimistisk n\u00e5r det gjelder situasjonen i krigen som n\u00e5 er inne p\u00e5 sitt fjerde \u00e5r.<\/p>\n<p><img alt=\"NATO trapper opp \u00f8vingsaktiviteten: Soldater g\u00e5r i land under den store sj\u00f8strids\u00f8velsen POLARIS 25 i Frankrike 12. juni 2025.  Foto: LOIC VENANCE \/ AFP \/ NTB\" class=\"_image_qp4xg_65 layout-component layout-normal\" data-fullscreen- data-track-element-type=\"Article image fullscreen\" data-track-name=\"ImageFullscreen\" decoding=\"async\" loading=\"lazy\" height=\"5331\" itemprop=\"image\"  src=\"https:\/\/www.europesays.com\/no\/wp-content\/uploads\/2025\/08\/4c55b6ad-61f3-4469-9333-bf41e9b447b3\"  style=\"object-position:0% 0%\" width=\"7997\"\/>NATO trapper opp \u00f8vingsaktiviteten: Soldater g\u00e5r i land under den store sj\u00f8strids\u00f8velsen POLARIS 25 i Frankrike 12. juni 2025.  Foto: LOIC VENANCE \/ AFP \/ NTB<\/p>\n<p class=\"_paragraph_1bvmi_4 _paragraph_xtcu6_10 layout-component text-serif-m layout-normal text-serif-m layout-padded\">Hun mener det er avgj\u00f8rende at Europa n\u00e5 samler seg og har tett dialog med USA.<\/p>\n<p class=\"_paragraph_1bvmi_4 _paragraph_xtcu6_10 layout-component text-serif-m layout-normal text-serif-m layout-padded\">\u2013 Det viktige her er at v\u00e5re interesser blir ivaretatt i m\u00f8tet, og det er derfor det er s\u00e5 viktig at vi har n\u00e6r dialog med den amerikanske administrasjonen, sa Stenergard om det kommende m\u00f8tet mellom Trump og Putin.<\/p>\n<p>    <img decoding=\"async\" alt=\"Tips oss illustrasjon\" width=\"62px\" height=\"auto\" src=\"https:\/\/www.europesays.com\/no\/wp-content\/uploads\/2025\/08\/1754784428_95_W9avJzE.png\"\/>    <\/p>\n<p class=\"title-serif-s\">Har du tips til oss?<\/p>\n<p class=\"text-sans-m\">Send oss informasjon, bilder eller video<\/p>\n<p>  <a href=\"https:\/\/www.vg.no\/tips-oss\" rel=\"nofollow noopener\" target=\"_blank\"> Tips oss <\/a>      <\/p>\n","protected":false},"excerpt":{"rendered":"Sveriges utenriksminister er bekymret for konsekvensene hvis Russland vinner krigen i Ukraina. Sveriges utenriksminister Maria Malmer Stenergard, statsminister&hellip;\n","protected":false},"author":2,"featured_media":5822,"comment_status":"","ping_status":"","sticky":false,"template":"","format":"standard","meta":{"footnotes":""},"categories":[12],"tags":[31,20,21,24,25,15,179,22,23,13,30,28,29,14,16,1359,26,27,1358,42,43,44,45],"class_list":{"0":"post-5821","1":"post","2":"type-post","3":"status-publish","4":"format-standard","5":"has-post-thumbnail","7":"category-verden","8":"tag-breaking","9":"tag-breaking-news","10":"tag-breakingnews","11":"tag-featured-news","12":"tag-featurednews","13":"tag-headlines","14":"tag-krigen-i-ukraina","15":"tag-latest-news","16":"tag-latestnews","17":"tag-news","18":"tag-no","19":"tag-norge","20":"tag-norway","21":"tag-nyheter","22":"tag-overskrifter","23":"tag-sverige","24":"tag-top-stories","25":"tag-topstories","26":"tag-ulf-kristersson","27":"tag-verden","28":"tag-world","29":"tag-world-news","30":"tag-worldnews"},"share_on_mastodon":{"url":"","error":""},"_links":{"self":[{"href":"https:\/\/www.europesays.com\/no\/wp-json\/wp\/v2\/posts\/5821","targetHints":{"allow":["GET"]}}],"collection":[{"href":"https:\/\/www.europesays.com\/no\/wp-json\/wp\/v2\/posts"}],"about":[{"href":"https:\/\/www.europesays.com\/no\/wp-json\/wp\/v2\/types\/post"}],"author":[{"embeddable":true,"href":"https:\/\/www.europesays.com\/no\/wp-json\/wp\/v2\/users\/2"}],"replies":[{"embeddable":true,"href":"https:\/\/www.europesays.com\/no\/wp-json\/wp\/v2\/comments?post=5821"}],"version-history":[{"count":0,"href":"https:\/\/www.europesays.com\/no\/wp-json\/wp\/v2\/posts\/5821\/revisions"}],"wp:featuredmedia":[{"embeddable":true,"href":"https:\/\/www.europesays.com\/no\/wp-json\/wp\/v2\/media\/5822"}],"wp:attachment":[{"href":"https:\/\/www.europesays.com\/no\/wp-json\/wp\/v2\/media?parent=5821"}],"wp:term":[{"taxonomy":"category","embeddable":true,"href":"https:\/\/www.europesays.com\/no\/wp-json\/wp\/v2\/categories?post=5821"},{"taxonomy":"post_tag","embeddable":true,"href":"https:\/\/www.europesays.com\/no\/wp-json\/wp\/v2\/tags?post=5821"}],"curies":[{"name":"wp","href":"https:\/\/api.w.org\/{rel}","templated":true}]}}