{"id":58231,"date":"2025-10-11T18:19:16","date_gmt":"2025-10-11T18:19:16","guid":{"rendered":"https:\/\/www.europesays.com\/no\/58231\/"},"modified":"2025-10-11T18:19:16","modified_gmt":"2025-10-11T18:19:16","slug":"kjenner-du-henne-igjen","status":"publish","type":"post","link":"https:\/\/www.europesays.com\/no\/58231\/","title":{"rendered":"Kjenner du henne igjen?"},"content":{"rendered":"<p class=\"kicker \" style=\"\">\u00abVerdens vakreste jente\u00bb<\/p>\n<p>  \u00abVerdens vakreste jente\u00bb har igjen blitt en \u00absnakkis\u00bb.<\/p>\n<p>\n    VERDENS VAKRESTE: 24-\u00e5ringen ble allerede som seks\u00e5ring k\u00e5ret til \u00abverdens vakreste jente\u00bb. Her er hun under moteuken i Paris. FOTO: NTB\n  <\/p>\n<p>Som seks\u00e5ring fikk Thylane Blondeau (24) ansiktet sitt klistret p\u00e5 magasinforsider etter \u00e5 ha blitt tildelt tittelen \u00abverdens vakreste jente\u00bb i k\u00e5ringen utf\u00f8rt av TC Chandler.<\/p>\n<p>Lille Blondeau hadde allerede to \u00e5r som modell p\u00e5 baken, og hadde blant annet g\u00e5tt p\u00e5 catwalken for Jean Paul Gaultier.<\/p>\n<p>    <a itemprop=\"url\" href=\"https:\/\/www.kk.no\/underholdning\/slik-gikk-det-med-verdens-vakreste-jente-1\/81680551\" rel=\"nofollow noopener\" target=\"_blank\"><\/p>\n<p>      <img loading=\"lazy\" decoding=\"async\" src=\"https:\/\/www.europesays.com\/no\/wp-content\/uploads\/2025\/10\/81680713.webp\" width=\"980\" height=\"441\" title=\"Slik gikk det med \u00abverdens vakreste jente\u00bb\" alt=\"\" class=\"lazyload\" style=\"--aspect-ratio-image: 2.22; \"\/><\/p>\n<p>        Slik gikk det med \u00abverdens vakreste jente\u00bb<\/p>\n<p>    <\/a><\/p>\n<p>N\u00e5, 18 \u00e5r senere, viser Thylane Blondeau at hun fortsatt har det helt unike n\u00e6rv\u00e6ret som gjorde henne til et internasjonalt fenomen.<\/p>\n<p>Da den franske modellen dukket opp p\u00e5 Miu Miu-visningen under moteuken i Paris denne uken, var det mange som snudde seg. Kledd i en elegant brun ull-dress med kremfarget genser og spisse h\u00e6ler, <a href=\"https:\/\/www.kk.no\/mote\/trender-na-nei-det-er-ikke-svart\/83526265\" rel=\"nofollow noopener\" target=\"_blank\">var 24-\u00e5ringen spot on h\u00f8stens store trender.<\/a><\/p>\n<p>    <a itemprop=\"url\" href=\"https:\/\/www.kk.no\/mote\/tre-motetrender-jeg-aldri-ville-brukt-penger-pa\/83655712\" rel=\"nofollow noopener\" target=\"_blank\"><\/p>\n<p>      <img loading=\"lazy\" decoding=\"async\" src=\"https:\/\/www.europesays.com\/no\/wp-content\/uploads\/2025\/10\/83655995.webp\" width=\"980\" height=\"441\" title=\"- Tre motetrender jeg aldri ville brukt penger p\u00e5\" alt=\"\" class=\"lazyload\" style=\"--aspect-ratio-image: 2.22; \"\/><\/p>\n<p>        &#8211; Tre motetrender jeg aldri ville brukt penger p\u00e5<\/p>\n<p>    <\/a><\/p>\n<p>Med l\u00f8se b\u00f8lger i h\u00e5ret, naturlig sminke og et par klare briller, lot hun skj\u00f8nnheten tale for seg selv, noe hun har nylig m\u00e5ttet forsvare. Flere har nemlig spekulert om hun har fikset p\u00e5 utseendet &#8211; noe hun har sl\u00e5tt hardt ned p\u00e5.\u00a0<\/p>\n<p>    <a itemprop=\"url\" href=\"https:\/\/www.kk.no\/mote\/vekker-oppsikt-med-ny-harfrisyre\/83667842\" rel=\"nofollow noopener\" target=\"_blank\"><\/p>\n<p>      <img loading=\"lazy\" decoding=\"async\" src=\"https:\/\/www.europesays.com\/no\/wp-content\/uploads\/2025\/10\/1760206752_579_83667997.webp\" width=\"980\" height=\"441\" title=\"Vekker oppsikt med ny h\u00e5rfrisyre\" alt=\"\" class=\"lazyload\" style=\"--aspect-ratio-image: 2.22; \"\/><\/p>\n<p>        Vekker oppsikt med ny h\u00e5rfrisyre<\/p>\n<p>    <\/a><\/p>\n<p>          <img loading=\"lazy\" decoding=\"async\" src=\"https:\/\/www.europesays.com\/no\/wp-content\/uploads\/2025\/10\/83701528.webp\" width=\"686\" height=\"776\" title=\"Thylane Blondeau. FOTO: NTB\" alt=\"\" class=\"\" style=\"--aspect-ratio-image: 0.88; \"\/><\/p>\n<p>\n          Thylane Blondeau. FOTO: NTB\n      <\/p>\n<p>P\u00e5 Instagram fortalte Thylane at hun er lei av spekulasjonene om at hun skal ha fikset p\u00e5 utseendet.<\/p>\n<p>\u2013 Jeg vet at mange gj\u00f8r ting med utseendet sitt i en ung alder i dag, men jeg har aldri r\u00f8rt noe, skrev hun i en Instagram story, <a href=\"https:\/\/nypost.com\/2025\/10\/06\/lifestyle\/thylane-blondeau-steps-out-at-paris-fashion-week\/\" rel=\"nofollow noopener\" target=\"_blank\">if\u00f8lge New York Post.<\/a><\/p>\n<p>\u2013 Se p\u00e5 bilder av meg som barn \u2013 ingenting har endret seg. Bare fordi jeg bruker sminke eller lipliner, betyr det ikke at jeg har gjort noe.<\/p>\n<p>    <a itemprop=\"url\" href=\"https:\/\/www.kk.no\/mote\/den-gar-aldri-av-moten\/83607671\" rel=\"nofollow noopener\" target=\"_blank\"><\/p>\n<p>      <img loading=\"lazy\" decoding=\"async\" src=\"https:\/\/www.europesays.com\/no\/wp-content\/uploads\/2025\/10\/83607691.webp\" width=\"980\" height=\"441\" title=\"Den g\u00e5r aldri av moten\" alt=\"\" class=\"lazyload\" style=\"--aspect-ratio-image: 2.22; \"\/><\/p>\n<p>        Den g\u00e5r aldri av moten<\/p>\n<p>    <\/a><\/p>\n<p>Thylane gikk sin f\u00f8rste catwalk f\u00f8r hun begynte p\u00e5 skolen. Som ti\u00e5ring prydet hun forsiden av\u00a0Vogue Paris\u00a0\u2013 den yngste modellen noensinne.<\/p>\n<p>Siden den gang har hun bygget en solid karriere i moteverdenen, og i dag driver hun sitt eget skj\u00f8nnhetsmerke, Enalyht.<\/p>\n<p>          <img loading=\"lazy\" decoding=\"async\" src=\"https:\/\/www.europesays.com\/no\/wp-content\/uploads\/2025\/10\/83701392.webp\" width=\"686\" height=\"618\" title=\"Thylane Blondeau p\u00e5 catwalken for Jean Paul Gaultier i 2006. FOTO: NTB\" alt=\"\" class=\"\" style=\"--aspect-ratio-image: 1.11; \"\/><\/p>\n<p>\n          Thylane Blondeau p\u00e5 catwalken for Jean Paul Gaultier i 2006. FOTO: NTB\n      <\/p>\n<p>    <a itemprop=\"url\" href=\"https:\/\/www.kk.no\/mote\/jan-thomas-om-antrekket-alle-snakker-om\/78001621\" rel=\"nofollow noopener\" target=\"_blank\"><\/p>\n<p>      <img loading=\"lazy\" decoding=\"async\" src=\"https:\/\/www.europesays.com\/no\/wp-content\/uploads\/2025\/10\/83699175.webp\" width=\"980\" height=\"441\" title=\"Jan Thomas om antrekket \u00aballe\u00bb snakker om\" alt=\"\" class=\"lazyload\" style=\"--aspect-ratio-image: 2.22; \"\/><\/p>\n<p>        Jan Thomas om antrekket \u00aballe\u00bb snakker om<\/p>\n<p>    <\/a><\/p>\n","protected":false},"excerpt":{"rendered":"\u00abVerdens vakreste jente\u00bb \u00abVerdens vakreste jente\u00bb har igjen blitt en \u00absnakkis\u00bb. VERDENS VAKRESTE: 24-\u00e5ringen ble allerede som seks\u00e5ring&hellip;\n","protected":false},"author":2,"featured_media":58232,"comment_status":"","ping_status":"","sticky":false,"template":"","format":"standard","meta":{"footnotes":""},"categories":[58],"tags":[71,8637,30,28,29,8636,72,8635],"class_list":{"0":"post-58231","1":"post","2":"type-post","3":"status-publish","4":"format-standard","5":"has-post-thumbnail","7":"category-underholdning","8":"tag-entertainment","9":"tag-moteuken-i-paris","10":"tag-no","11":"tag-norge","12":"tag-norway","13":"tag-thylane-blondeau","14":"tag-underholdning","15":"tag-verdens-vakreste-jente"},"share_on_mastodon":{"url":"","error":""},"_links":{"self":[{"href":"https:\/\/www.europesays.com\/no\/wp-json\/wp\/v2\/posts\/58231","targetHints":{"allow":["GET"]}}],"collection":[{"href":"https:\/\/www.europesays.com\/no\/wp-json\/wp\/v2\/posts"}],"about":[{"href":"https:\/\/www.europesays.com\/no\/wp-json\/wp\/v2\/types\/post"}],"author":[{"embeddable":true,"href":"https:\/\/www.europesays.com\/no\/wp-json\/wp\/v2\/users\/2"}],"replies":[{"embeddable":true,"href":"https:\/\/www.europesays.com\/no\/wp-json\/wp\/v2\/comments?post=58231"}],"version-history":[{"count":0,"href":"https:\/\/www.europesays.com\/no\/wp-json\/wp\/v2\/posts\/58231\/revisions"}],"wp:featuredmedia":[{"embeddable":true,"href":"https:\/\/www.europesays.com\/no\/wp-json\/wp\/v2\/media\/58232"}],"wp:attachment":[{"href":"https:\/\/www.europesays.com\/no\/wp-json\/wp\/v2\/media?parent=58231"}],"wp:term":[{"taxonomy":"category","embeddable":true,"href":"https:\/\/www.europesays.com\/no\/wp-json\/wp\/v2\/categories?post=58231"},{"taxonomy":"post_tag","embeddable":true,"href":"https:\/\/www.europesays.com\/no\/wp-json\/wp\/v2\/tags?post=58231"}],"curies":[{"name":"wp","href":"https:\/\/api.w.org\/{rel}","templated":true}]}}