{"id":58242,"date":"2025-10-11T18:45:21","date_gmt":"2025-10-11T18:45:21","guid":{"rendered":"https:\/\/www.europesays.com\/no\/58242\/"},"modified":"2025-10-11T18:45:21","modified_gmt":"2025-10-11T18:45:21","slug":"skredvarsel-nve-oppjusterer-farevarselet-bergensavisen","status":"publish","type":"post","link":"https:\/\/www.europesays.com\/no\/58242\/","title":{"rendered":"Skredvarsel, NVE | Oppjusterer farevarselet &#8211; Bergensavisen"},"content":{"rendered":"<ol>\n<li><a href=\"https:\/\/news.google.com\/rss\/articles\/CBMiZ0FVX3lxTFBhLUViXzZ6RUlyOVYtRmQxMGxxZ3hqUXV2WW1OY09wQWJvYnhDYjFTbTh3MGU3bjMwLVJTWmJ0OUhkZ28yTVlXNHhXWFNlcV9fRWw0UmFlWUVWM2dVWkhRWmcwTkhuclE?oc=5\" target=\"_blank\" rel=\"nofollow noopener\">Skredvarsel, NVE | Oppjusterer farevarselet<\/a>&nbsp;&nbsp;Bergensavisen<\/li>\n<li><a href=\"https:\/\/news.google.com\/rss\/articles\/CBMilAFBVV95cUxQYUVra0xkSy1yUFdEaWdFNjdxT1RCQWE0cjZhVk1WSG5TQUpYNEFqWGxtbUcxbUdvbTcyMkNMTzhhd2ExeDJ6bzBKMFBmVk9PNVR3OFhqb3VpQWFvejRxYmdiTVBMaEExWVFxLWlNcXFVYU1XV0xnZ2F0ZEdjbWhUNFVmOWVCSVJoMXhLVjNuRkJSZkwt?oc=5\" target=\"_blank\" rel=\"nofollow noopener\">Gjerde bl\u00e5ste avg\u00e5rde i Levanger: Politiet med klar oppfordring<\/a>&nbsp;&nbsp;VG<\/li>\n<li><a href=\"https:\/\/news.google.com\/rss\/articles\/CBMieEFVX3lxTFBpb0dxVTRjOXVMUjUxUllURFNOUGxzMTl3X25QYjZSV0RFSTRnQlhHZXJKdWdyZUI0QlptUzFkTHZBd2xVcTVMeENBR1lUX25NbmRQOXNPeFZTX1I1YXVTb0gzT2JRWW1sMzZpNUQ1Wm5ma1dIV2tCaw?oc=5\" target=\"_blank\" rel=\"nofollow noopener\">Heftig uv\u00e6r: &#8211; Hold dere inne!<\/a>&nbsp;&nbsp;Dagbladet<\/li>\n<li><a href=\"https:\/\/news.google.com\/rss\/articles\/CBMiYEFVX3lxTE44bVhJdC12VWRqOVdmVjRDVDdtd2t0ek4xZEl5Q1BPalNHZExSQlJYaEJ2VW9ScXY2b24tU2ZiRjhTdlBQSGxXQThRdmZhaTEzVlFKb1otaUZuQ29hQS1yMQ?oc=5\" target=\"_blank\" rel=\"nofollow noopener\">Har nedjustert farevarselet<\/a>&nbsp;&nbsp;Bergens Tidende<\/li>\n<li><a href=\"https:\/\/news.google.com\/rss\/articles\/CBMizgFBVV95cUxNWjdKNG5MRmliLUdDaDJoeEFWeTZmb2MxTUN3OUxSQ0hLRkd3WTFvMjY2ZDJWdzhQOThNZE9HelFmNDJPdUY0Q0lack0wT2dPVVNTN2llZ1BvT3hjNkRyUjZmYWJEUmhlcUJpcHRRYkNTMHVfUGpZejh0X3JJdnRBVUVrWXE1OEdXVFU1d0Q2R0JSSHFSREVPX2JiT2NLUE4wdlMwSnZNWHQzNThGMXpURWNGTmstR2tMT0FjWUVHSThNV1ZQVjBOUV9VQ25QZw?oc=5\" target=\"_blank\" rel=\"nofollow noopener\">Veivesenet \u00e5tvarar: Vegar p\u00e5 Nordvestlandet og i Midt-Norge kan bli stengt p\u00e5 kort varsel<\/a>&nbsp;&nbsp;Aftenposten<\/li>\n<\/ol>\n","protected":false},"excerpt":{"rendered":"Skredvarsel, NVE | Oppjusterer farevarselet&nbsp;&nbsp;Bergensavisen Gjerde bl\u00e5ste avg\u00e5rde i Levanger: Politiet med klar oppfordring&nbsp;&nbsp;VG Heftig uv\u00e6r: &#8211; Hold&hellip;\n","protected":false},"author":2,"featured_media":58243,"comment_status":"","ping_status":"","sticky":false,"template":"","format":"standard","meta":{"footnotes":""},"categories":[5],"tags":[36,20,21,24,25,15,19,22,23,17,18,13,30,28,29,954,447,14,16,8638,1510,26,27,1582],"class_list":{"0":"post-58242","1":"post","2":"type-post","3":"status-publish","4":"format-standard","5":"has-post-thumbnail","7":"category-overskrifter","8":"tag-art","9":"tag-breaking-news","10":"tag-breakingnews","11":"tag-featured-news","12":"tag-featurednews","13":"tag-headlines","14":"tag-hovedoppslag","15":"tag-latest-news","16":"tag-latestnews","17":"tag-main-news","18":"tag-mainnews","19":"tag-news","20":"tag-no","21":"tag-norge","22":"tag-norway","23":"tag-nve","24":"tag-nyhet","25":"tag-nyheter","26":"tag-overskrifter","27":"tag-skredvarsel","28":"tag-story","29":"tag-top-stories","30":"tag-topstories","31":"tag-vestland"},"share_on_mastodon":{"url":"","error":""},"_links":{"self":[{"href":"https:\/\/www.europesays.com\/no\/wp-json\/wp\/v2\/posts\/58242","targetHints":{"allow":["GET"]}}],"collection":[{"href":"https:\/\/www.europesays.com\/no\/wp-json\/wp\/v2\/posts"}],"about":[{"href":"https:\/\/www.europesays.com\/no\/wp-json\/wp\/v2\/types\/post"}],"author":[{"embeddable":true,"href":"https:\/\/www.europesays.com\/no\/wp-json\/wp\/v2\/users\/2"}],"replies":[{"embeddable":true,"href":"https:\/\/www.europesays.com\/no\/wp-json\/wp\/v2\/comments?post=58242"}],"version-history":[{"count":0,"href":"https:\/\/www.europesays.com\/no\/wp-json\/wp\/v2\/posts\/58242\/revisions"}],"wp:featuredmedia":[{"embeddable":true,"href":"https:\/\/www.europesays.com\/no\/wp-json\/wp\/v2\/media\/58243"}],"wp:attachment":[{"href":"https:\/\/www.europesays.com\/no\/wp-json\/wp\/v2\/media?parent=58242"}],"wp:term":[{"taxonomy":"category","embeddable":true,"href":"https:\/\/www.europesays.com\/no\/wp-json\/wp\/v2\/categories?post=58242"},{"taxonomy":"post_tag","embeddable":true,"href":"https:\/\/www.europesays.com\/no\/wp-json\/wp\/v2\/tags?post=58242"}],"curies":[{"name":"wp","href":"https:\/\/api.w.org\/{rel}","templated":true}]}}