{"id":58278,"date":"2025-10-11T19:37:08","date_gmt":"2025-10-11T19:37:08","guid":{"rendered":"https:\/\/www.europesays.com\/no\/58278\/"},"modified":"2025-10-11T19:37:08","modified_gmt":"2025-10-11T19:37:08","slug":"videoer-gar-viralt-etter-billie-eilish-konsert","status":"publish","type":"post","link":"https:\/\/www.europesays.com\/no\/58278\/","title":{"rendered":"Videoer g\u00e5r viralt etter Billie Eilish-konsert"},"content":{"rendered":"\n<p class=\"_lead_o9xde_2 _lead_xtcu6_50 layout-component text-serif-m layout-normal text-serif-l layout-component layout-wide layout-padded _wide_17hqh_1 layout-padded\">Videoer fra Miami-konserten viser voldsomt \u00f8yeblikk.<\/p>\n<p><img alt=\" Foto: Jordan Strauss \/ AP \/ NTB\" class=\"_image_qp4xg_65 layout-component layout-wide\" data-fullscreen- data-track-element-type=\"Article image fullscreen\" data-track-name=\"ImageFullscreen\" fetchpriority=\"high\" decoding=\"sync\" loading=\"eager\" height=\"2624\" itemprop=\"image\"  src=\"https:\/\/www.europesays.com\/no\/wp-content\/uploads\/2025\/10\/dba5d8d2-3b68-43bf-a22c-3481eb9624c8\"  style=\"object-position:0% 0%\" width=\"3936\"\/> Foto: Jordan Strauss \/ AP \/ NTB<\/p>\n<ul aria-hidden=\"true\" class=\"_images_1y6fe_106\">\n<li><a class=\"_link_1y6fe_111\" href=\"https:\/\/www.vg.no\/forfatter\/emilie-juell-moemb\" style=\"z-index:1\" title=\"Emilie Juell M\u00f8mb\" rel=\"nofollow noopener\" target=\"_blank\"><img alt=\"Bilde av Emilie Juell M\u00f8mb\" class=\"_image_1y6fe_88\" fetchpriority=\"low\" loading=\"lazy\" decoding=\"async\" itemprop=\"image\"  src=\"https:\/\/www.europesays.com\/no\/wp-content\/uploads\/2025\/10\/75a13ffa-6bad-4c88-a692-479c3111d196\"  width=\"480\"\/><\/a><\/li>\n<\/ul>\n<p> Oppdatert l\u00f8rdag 11. oktober kl. 21:15    <\/p>\n<ul class=\"_list_o9xde_3 _list_64s2r_85 _unordered_o9xde_106 text-sans-m\">\n<li class=\"_item_o9xde_30\">Videoer fra Miami viser Billie Eilish bli hardt grepet av en tilskuer og slengt inn i gjerdet under turn\u00e9start; vakter fikk henne raskt opp.<\/li>\n<li class=\"_item_o9xde_30\">Politiet opplyser at personen ble kastet ut, men sier ikke om vedkommende er p\u00e5grepet eller siktet. <\/li>\n<\/ul>\n<p>Vis mer <\/p>\n<p class=\"_paragraph_o9xde_4 _paragraph_xtcu6_10 layout-component text-serif-m layout-normal text-serif-m layout-padded\">En skremmende hendelse under <a href=\"https:\/\/www.vg.no\/tag\/billie-eilish?utm_source=vg-article&amp;utm_medium=auto-tagger&amp;utm_campaign=Gyo8Mq\" class=\"_link_o9xde_39\" rel=\"nofollow noopener\" target=\"_blank\">Billie Eilish<\/a> sin konsert i Miami torsdag kveld har g\u00e5tt viralt p\u00e5 sosiale medier. <\/p>\n<p class=\"_paragraph_o9xde_4 _paragraph_xtcu6_10 layout-component text-serif-m layout-normal text-serif-m layout-padded\">Videoer viser 23-\u00e5ringen hilse p\u00e5 fansen f\u00f8r hun blir grepet tak i og dratt ned av tilskuerne. <\/p>\n<p class=\"_paragraph_o9xde_4 _paragraph_xtcu6_10 layout-component text-serif-m layout-normal text-serif-m layout-padded\">Miami-politiet bekrefter overfor<a href=\"https:\/\/www.cbsnews.com\/miami\/news\/billie-eilish-miami-concert-video-fan-assault-crowd\/\" class=\"_link_o9xde_39\" rel=\"nofollow noopener\" target=\"_blank\"> CBS News Miami <\/a>at personen ble kastet ut fra konsertlokalet, men gir ingen videre informasjon om hendelsen. Det er uklart om personen ble arrestert eller siktet.<\/p>\n<p class=\"_paragraph_o9xde_4 _paragraph_xtcu6_10 layout-component text-serif-m layout-normal text-serif-m layout-padded\">Grammy-vinneren var p\u00e5 Kaseya Center i Miami for \u00e5 starte sin \u00abHIT ME HARD AND SOFT\u00bb-turn\u00e9 i Nord-Amerika. Hun gikk langs barrieren og tok p\u00e5 hendene til fansen da en person plutselig grep tak i armen hennes med stor kraft og slengte henne inn i gjerdet.<\/p>\n<p class=\"_paragraph_o9xde_4 _paragraph_xtcu6_10 layout-component text-serif-m layout-normal text-serif-m layout-padded\">Sikkerhetspersonell grep umiddelbart inn og hjalp Eilish opp p\u00e5 beina igjen.<\/p>\n<p class=\"_paragraph_o9xde_4 _paragraph_xtcu6_10 layout-component text-serif-m layout-normal text-serif-m layout-padded\">Dette er ikke f\u00f8rste gang Eilish opplever upassende oppf\u00f8rsel fra publikum. <\/p>\n<p class=\"_paragraph_o9xde_4 _paragraph_xtcu6_10 layout-component text-serif-m layout-normal text-serif-m layout-padded\">I 2019 pr\u00f8vde en person \u00e5 legge h\u00e5nden rundt halsen hennes under en konsert. Hun har ogs\u00e5 tidligere blitt truffet av gjenstander som har blitt kastet p\u00e5 scenen.<\/p>\n<p class=\"_paragraph_o9xde_4 _paragraph_xtcu6_10 layout-component text-serif-m layout-normal text-serif-m layout-padded\">\u2013 Jeg har blitt truffet p\u00e5 scenen i seks \u00e5r. Folk blir bare begeistret, og det kan v\u00e6re farlig, sa Eilish i et intervju i 2023.<\/p>\n","protected":false},"excerpt":{"rendered":"Videoer fra Miami-konserten viser voldsomt \u00f8yeblikk. Foto: Jordan Strauss \/ AP \/ NTB Oppdatert l\u00f8rdag 11. oktober kl.&hellip;\n","protected":false},"author":2,"featured_media":58279,"comment_status":"","ping_status":"","sticky":false,"template":"","format":"standard","meta":{"footnotes":""},"categories":[58],"tags":[6991,71,30,28,29,72],"class_list":{"0":"post-58278","1":"post","2":"type-post","3":"status-publish","4":"format-standard","5":"has-post-thumbnail","7":"category-underholdning","8":"tag-billie-eilish","9":"tag-entertainment","10":"tag-no","11":"tag-norge","12":"tag-norway","13":"tag-underholdning"},"share_on_mastodon":{"url":"","error":""},"_links":{"self":[{"href":"https:\/\/www.europesays.com\/no\/wp-json\/wp\/v2\/posts\/58278","targetHints":{"allow":["GET"]}}],"collection":[{"href":"https:\/\/www.europesays.com\/no\/wp-json\/wp\/v2\/posts"}],"about":[{"href":"https:\/\/www.europesays.com\/no\/wp-json\/wp\/v2\/types\/post"}],"author":[{"embeddable":true,"href":"https:\/\/www.europesays.com\/no\/wp-json\/wp\/v2\/users\/2"}],"replies":[{"embeddable":true,"href":"https:\/\/www.europesays.com\/no\/wp-json\/wp\/v2\/comments?post=58278"}],"version-history":[{"count":0,"href":"https:\/\/www.europesays.com\/no\/wp-json\/wp\/v2\/posts\/58278\/revisions"}],"wp:featuredmedia":[{"embeddable":true,"href":"https:\/\/www.europesays.com\/no\/wp-json\/wp\/v2\/media\/58279"}],"wp:attachment":[{"href":"https:\/\/www.europesays.com\/no\/wp-json\/wp\/v2\/media?parent=58278"}],"wp:term":[{"taxonomy":"category","embeddable":true,"href":"https:\/\/www.europesays.com\/no\/wp-json\/wp\/v2\/categories?post=58278"},{"taxonomy":"post_tag","embeddable":true,"href":"https:\/\/www.europesays.com\/no\/wp-json\/wp\/v2\/tags?post=58278"}],"curies":[{"name":"wp","href":"https:\/\/api.w.org\/{rel}","templated":true}]}}