{"id":58373,"date":"2025-10-12T01:24:11","date_gmt":"2025-10-12T01:24:11","guid":{"rendered":"https:\/\/www.europesays.com\/no\/58373\/"},"modified":"2025-10-12T01:24:11","modified_gmt":"2025-10-12T01:24:11","slug":"12-dab-sendere-gikk-pa-reservestrom-under-stormen-amy-digi-no","status":"publish","type":"post","link":"https:\/\/www.europesays.com\/no\/58373\/","title":{"rendered":"12 DAB-sendere gikk p\u00e5 reservestr\u00f8m under stormen Amy &#8211; Digi.no"},"content":{"rendered":"<ol>\n<li><a href=\"https:\/\/news.google.com\/rss\/articles\/CBMikwFBVV95cUxPbWprTzBiUENFNTVySmptZjRSV2pSWFQ1ZDQ0ZEVfc0pJQW0wQ3hpRnJPX2lpTV9zNlhScmpBV01sNkhWRlh6NDU3ZWE0M3dRZG92cGlYWGNhOXpaanpGTkgzdzZoNjMzQUlnR2x3dDFmVUtLcGo2bWJPVHV0UlBnUl9rcUtaamduVExpWXVxa3RiNU0?oc=5\" target=\"_blank\" rel=\"nofollow noopener\">12 DAB-sendere gikk p\u00e5 reservestr\u00f8m under stormen Amy<\/a>&nbsp;&nbsp;Digi.no<\/li>\n<li><a href=\"https:\/\/news.google.com\/rss\/articles\/CBMijgFBVV95cUxORDVVVVNMUEN2TDQ5RUpjbDJVLWw4UTdNdGkySE9vcmhrdFg1S0ptX1BSNXZlcjdKcTc1Y2c0aVJ3MXhIYk9aSlJWNTNVQ3doVDVCUE9wVnB1Uk5CUlE1UUNSWnBYaV8weWtXeHZfUUNVdi0wSEd5TmNLOXdzT3NXNDQtUVVlbWZpTlY4NUxB?oc=5\" target=\"_blank\" rel=\"nofollow noopener\">Beredskap, Uv\u00ear | Styresmaktene: Du m\u00e5 vere budd p\u00e5 at denne stilnar<\/a>&nbsp;&nbsp;Firda<\/li>\n<li><a href=\"https:\/\/news.google.com\/rss\/articles\/CBMiowFBVV95cUxOeFBuaF9xV0ZWd0c3c0FuZDBWSjNjS3pKdDdqQUpxVm92cjJtSWlmRjZZWGJCekRpNmJwS0hnVlJlX2plbTVsM0t6YzVTbU8wWlZhMzV4OEh0eXpER1ZlY0FPVHRYSWNrSEU2cEt1V2Q2RmtmYmlqV3A1ODhMYkltY3RPMURIemg3LUxwYVg0Qm53WFd1cmxfcHdCZnVyT0JEaXk0?oc=5\" target=\"_blank\" rel=\"nofollow noopener\">Bj\u00f8rnar raser mot nettgigant: \u2013 Det er rett og slett for d\u00e5rlig<\/a>&nbsp;&nbsp;varden.no<\/li>\n<li><a href=\"https:\/\/news.google.com\/rss\/articles\/CBMingFBVV95cUxPakxNUU5PTllPSTRtSU10TlNKeGZNSThHQnloUGMwbmhfSmxKdmN3dC1QQXQ3Ri1WMUZ6a2NLZnFzSHRkNm5MczNTVW5oUG1Gc2g5TWplQ3ItVVFvOEJmdW41UF85dXFVbzF4NU9qWjJBdm9kR1VRelpKV1VfRnVhN2Vzal9aTDNyNVROWUpoZ2pFdjlJSVdPdDNSX0ZwQQ?oc=5\" target=\"_blank\" rel=\"nofollow noopener\">N\u00e5r kommunen mister b\u00e5de str\u00f8m og nett \u2013 hva skjer egentlig?<\/a>&nbsp;&nbsp;opp.no<\/li>\n<li><a href=\"https:\/\/news.google.com\/rss\/articles\/CBMijwFBVV95cUxPZVVvNF9YdHpqa3FacHh2TDduYmR0M2xZVHQwY2RsTTE5VDQ2QlpBTERMVktjMzFBakpWdm1vdlR0RmFTMTNaRG5LemVVVGRfQjZyU0dNb1BaTkRCM2I5VUVvQjlwLTRpTndiM1RNUkVQTDl6V1BpU3BsTDRramJqeTU3cFhXZkdqVFpjaHM0aw?oc=5\" target=\"_blank\" rel=\"nofollow noopener\">Lover bedre mobil\u00addekning<\/a>&nbsp;&nbsp;tronderbladet.no<\/li>\n<\/ol>\n","protected":false},"excerpt":{"rendered":"12 DAB-sendere gikk p\u00e5 reservestr\u00f8m under stormen Amy&nbsp;&nbsp;Digi.no Beredskap, Uv\u00ear | Styresmaktene: Du m\u00e5 vere budd p\u00e5 at&hellip;\n","protected":false},"author":2,"featured_media":58374,"comment_status":"","ping_status":"","sticky":false,"template":"","format":"standard","meta":{"footnotes":""},"categories":[10],"tags":[3851,20,21,8658,24,25,15,22,23,13,30,28,29,14,16,4214,1376,26,27],"class_list":{"0":"post-58373","1":"post","2":"type-post","3":"status-publish","4":"format-standard","5":"has-post-thumbnail","7":"category-norge","8":"tag-beredskap","9":"tag-breaking-news","10":"tag-breakingnews","11":"tag-dab","12":"tag-featured-news","13":"tag-featurednews","14":"tag-headlines","15":"tag-latest-news","16":"tag-latestnews","17":"tag-news","18":"tag-no","19":"tag-norge","20":"tag-norway","21":"tag-nyheter","22":"tag-overskrifter","23":"tag-radio","24":"tag-telekom","25":"tag-top-stories","26":"tag-topstories"},"share_on_mastodon":{"url":"","error":""},"_links":{"self":[{"href":"https:\/\/www.europesays.com\/no\/wp-json\/wp\/v2\/posts\/58373","targetHints":{"allow":["GET"]}}],"collection":[{"href":"https:\/\/www.europesays.com\/no\/wp-json\/wp\/v2\/posts"}],"about":[{"href":"https:\/\/www.europesays.com\/no\/wp-json\/wp\/v2\/types\/post"}],"author":[{"embeddable":true,"href":"https:\/\/www.europesays.com\/no\/wp-json\/wp\/v2\/users\/2"}],"replies":[{"embeddable":true,"href":"https:\/\/www.europesays.com\/no\/wp-json\/wp\/v2\/comments?post=58373"}],"version-history":[{"count":0,"href":"https:\/\/www.europesays.com\/no\/wp-json\/wp\/v2\/posts\/58373\/revisions"}],"wp:featuredmedia":[{"embeddable":true,"href":"https:\/\/www.europesays.com\/no\/wp-json\/wp\/v2\/media\/58374"}],"wp:attachment":[{"href":"https:\/\/www.europesays.com\/no\/wp-json\/wp\/v2\/media?parent=58373"}],"wp:term":[{"taxonomy":"category","embeddable":true,"href":"https:\/\/www.europesays.com\/no\/wp-json\/wp\/v2\/categories?post=58373"},{"taxonomy":"post_tag","embeddable":true,"href":"https:\/\/www.europesays.com\/no\/wp-json\/wp\/v2\/tags?post=58373"}],"curies":[{"name":"wp","href":"https:\/\/api.w.org\/{rel}","templated":true}]}}