{"id":58423,"date":"2025-10-12T03:23:29","date_gmt":"2025-10-12T03:23:29","guid":{"rendered":"https:\/\/www.europesays.com\/no\/58423\/"},"modified":"2025-10-12T03:23:29","modified_gmt":"2025-10-12T03:23:29","slug":"mannen-i-naboleligheten-flyttet-inn-mot-19-arige-lineas-vilje-brot-besoksforbudet-11-ganger","status":"publish","type":"post","link":"https:\/\/www.europesays.com\/no\/58423\/","title":{"rendered":"Mannen i naboleligheten flyttet inn mot 19-\u00e5rige Lineas vilje: Br\u00f8t bes\u00f8ksforbudet 11 ganger."},"content":{"rendered":"\n<p class=\"_paragraph_o9xde_4 _paragraph_xtcu6_10 layout-component text-serif-m layout-normal text-serif-m layout-padded _medium_xtcu6_25\">En ukes tid senere ringer Linea politiet f\u00f8rste gang.<\/p>\n<p class=\"_paragraph_o9xde_4 _paragraph_xtcu6_10 layout-component text-serif-m layout-normal text-serif-m layout-padded\">Hun forteller at naboen ikke vil forlate leiligheten hennes i Yrkesvegen. <\/p>\n<p class=\"_paragraph_o9xde_4 _paragraph_xtcu6_10 layout-component text-serif-m layout-normal text-serif-m layout-padded\">I bakgrunnen h\u00f8rer politiet krangling.<\/p>\n<p class=\"_paragraph_o9xde_4 _paragraph_xtcu6_10 layout-component text-serif-m layout-normal text-serif-m layout-padded\">Mannen f\u00e5r et p\u00e5legg om \u00e5 holde seg unna leiligheten i 24 timer. <\/p>\n<p class=\"_paragraph_o9xde_4 _paragraph_xtcu6_10 layout-component text-serif-m layout-normal text-serif-m layout-padded\">Men han bor vegg i vegg med Linea.<\/p>\n<p class=\"_paragraph_o9xde_4 _paragraph_xtcu6_10 layout-component text-serif-m layout-normal text-serif-m layout-padded\">Allerede fem timer senere st\u00e5r han og banker p\u00e5 d\u00f8ren igjen. <\/p>\n<p class=\"_paragraph_o9xde_4 _paragraph_xtcu6_10 layout-component text-serif-m layout-normal text-serif-m layout-padded\">Politiet anmelderanmelder\u00c5 anmelde betyr \u00e5 rapportere en hendelse til politiet, ofte i forbindelse med en kriminell handling. mannen.<\/p>\n<p class=\"_paragraph_o9xde_4 _paragraph_xtcu6_10 layout-component text-serif-m layout-normal text-serif-m layout-padded\">Dagen etter ringer Linea stores\u00f8steren.<\/p>\n<p class=\"_paragraph_o9xde_4 _paragraph_xtcu6_10 layout-component text-serif-m layout-normal text-serif-m layout-padded\">Fordi veggene er s\u00e5 tynne, setter Linea seg p\u00e5 badet. Der er det mindre lytt.<\/p>\n<p class=\"_paragraph_o9xde_4 _paragraph_xtcu6_10 layout-component text-serif-m layout-normal text-serif-m layout-padded\">Hun vil ha bevis \u2013 og ber stores\u00f8steren om \u00e5 filme:<\/p>\n<p class=\"_paragraph_o9xde_4 _paragraph_xtcu6_10 layout-component text-serif-m layout-normal text-serif-m layout-padded\">\u2013 Tror du at du hadde turt \u00e5 anmelde ham? sp\u00f8r Oda.<\/p>\n<p class=\"_paragraph_o9xde_4 _paragraph_xtcu6_10 layout-component text-serif-m layout-normal text-serif-m layout-padded\">\u2013 Jeg vet ikke, svarer Linea. <\/p>\n<p class=\"_paragraph_o9xde_4 _paragraph_xtcu6_10 layout-component text-serif-m layout-normal text-serif-m layout-padded\"><strong class=\"_strong_o9xde_25\">Tirsdag 17. oktober <\/strong>2023 har hun fortsatt ikke anmeldt mannen.<\/p>\n<p class=\"_paragraph_o9xde_4 _paragraph_xtcu6_10 layout-component text-serif-m layout-normal text-serif-m layout-padded\">Denne formiddagen er situasjonen i ferd med \u00e5 eskalere i Yrkesvegen i <a href=\"https:\/\/www.vg.no\/tag\/stjoerdal?utm_source=vg-article&amp;utm_medium=auto-tagger&amp;utm_campaign=Xjvoen\" class=\"_link_o9xde_39\" rel=\"nofollow noopener\" target=\"_blank\">Stj\u00f8rdal<\/a>.<\/p>\n<p class=\"_paragraph_o9xde_4 _paragraph_xtcu6_10 layout-component text-serif-m layout-normal text-serif-m layout-padded\">Linea gr\u00e5ter da hun ringer politiet:<\/p>\n<p class=\"_paragraph_o9xde_4 _paragraph_xtcu6_10 layout-component text-serif-m layout-normal text-serif-m layout-padded\">Da politiet ankommer, forteller Linea at mannen de siste ukene har voldtatt henne, truet med \u00e5 drepe henne og har v\u00e6rt voldelig.<\/p>\n<p class=\"_paragraph_o9xde_4 _paragraph_xtcu6_10 layout-component text-serif-m layout-normal text-serif-m layout-padded\">Han har ogs\u00e5 stukket en n\u00e5l i hennes venstre underarm flere ganger, forteller hun.<\/p>\n<ul class=\"_list_o9xde_3 _list_xtcu6_9 _unordered_o9xde_106 layout-component text-serif-m layout-normal text-serif-m layout-padded\">\n<li class=\"_item_o9xde_30\">VG har forelagt mannens forsvarer alt som kommer frem i denne historien. \u2013 Jeg \u00f8nsker ikke \u00e5 kommentere saken f\u00f8r rettssaken, sier advokat Kjell Myrland.<\/li>\n<\/ul>\n<p class=\"_paragraph_o9xde_4 _paragraph_xtcu6_10 layout-component text-serif-m layout-normal text-serif-m layout-padded\">Politiets bilder viser at 19-\u00e5ringen har store bl\u00e5merker p\u00e5 beina, armene og p\u00e5 overkroppen.<\/p>\n<p class=\"_paragraph_o9xde_4 _paragraph_xtcu6_10 layout-component text-serif-m layout-normal text-serif-m layout-padded\">S\u00e6rlig et bl\u00e5merke p\u00e5 kragebeinet mot halsen er veldig tydelig. <\/p>\n<p><img alt=\"Foto: Politiet\" class=\"_image_qp4xg_65 layout-component layout-fullwidth\" data-fullscreen- data-track-element-type=\"Article image fullscreen\" data-track-name=\"ImageFullscreen\" decoding=\"async\" loading=\"lazy\" height=\"839\" itemprop=\"image\"  src=\"https:\/\/www.europesays.com\/no\/wp-content\/uploads\/2025\/10\/4cb32544-6d54-4ba1-ba47-4ff3e6f2cef5\"  style=\"object-position:0% 0%\" width=\"618\"\/>Foto: Politiet<img alt=\"Foto: Politiet\" class=\"_image_qp4xg_65 layout-component layout-fullwidth\" data-fullscreen- data-track-element-type=\"Article image fullscreen\" data-track-name=\"ImageFullscreen\" decoding=\"async\" loading=\"lazy\" height=\"455\" itemprop=\"image\"  src=\"https:\/\/www.europesays.com\/no\/wp-content\/uploads\/2025\/10\/6684bffc-186d-44c5-acdc-90d9ad9f11a8\"  style=\"object-position:0% 0%\" width=\"618\"\/>Foto: Politiet<img alt=\"Foto: Politiet\" class=\"_image_qp4xg_65 layout-component layout-fullwidth\" data-fullscreen- data-track-element-type=\"Article image fullscreen\" data-track-name=\"ImageFullscreen\" decoding=\"async\" loading=\"lazy\" height=\"455\" itemprop=\"image\"  src=\"https:\/\/www.europesays.com\/no\/wp-content\/uploads\/2025\/10\/6684bffc-186d-44c5-acdc-90d9ad9f11a8\"  style=\"object-position:0% 0%\" width=\"618\"\/>Foto: Politiet<\/p>\n<p class=\"_paragraph_o9xde_4 _paragraph_xtcu6_10 layout-component text-serif-m layout-normal text-serif-m layout-padded _large_xtcu6_30\"><strong class=\"_strong_o9xde_25\">Mannen i 30-\u00e5rene har flyttet inn i leiligheten hennes \u2013 mot hennes vilje, sier hun.<\/strong> <\/p>\n<p class=\"_paragraph_o9xde_4 _paragraph_xtcu6_10 layout-component text-serif-m layout-normal text-serif-m layout-padded\">Linea forteller politiet at han ogs\u00e5 har skaffet seg n\u00f8kler til d\u00f8ren hennes.<\/p>\n<p class=\"_paragraph_o9xde_4 _paragraph_xtcu6_10 layout-component text-serif-m layout-normal text-serif-m layout-padded\">N\u00e5 f\u00e5r mannen sitt f\u00f8rste av flere bes\u00f8ksforbudbes\u00f8ksforbudEt bes\u00f8ksforbud er en juridisk ordre som forbyr en person fra \u00e5 kontakte eller n\u00e6rme seg en annen person..<\/p>\n<p class=\"_paragraph_o9xde_4 _paragraph_xtcu6_10 layout-component text-serif-m layout-normal text-serif-m layout-padded\">For familien er det en lettelse. Men det varer ikke lenge.<\/p>\n<p class=\"_paragraph_o9xde_4 _paragraph_xtcu6_10 layout-component text-serif-m layout-normal text-serif-m layout-padded\">\u2013 Han kom jo uansett. De bodde tross alt vegg i vegg, sier stores\u00f8steren Oda (23).<\/p>\n<p><img alt=\"\" class=\"_image_qp4xg_65 layout-component layout-normal\" data-fullscreen- data-track-element-type=\"Article image fullscreen\" data-track-name=\"ImageFullscreen\" decoding=\"async\" loading=\"lazy\" height=\"4853\" itemprop=\"image\"  src=\"https:\/\/www.europesays.com\/no\/wp-content\/uploads\/2025\/10\/78d88823-517a-45a1-b251-f8c42d8656ea\"  style=\"object-position:0% 0%\" width=\"6471\"\/><\/p>\n<p class=\"_paragraph_o9xde_4 _paragraph_xtcu6_10 layout-component text-serif-m layout-normal text-serif-m layout-padded\">Politiet registrerer flere brudd p\u00e5 bes\u00f8ksforbudet i denne perioden, og p\u00e5griper mannen.<\/p>\n<p class=\"_paragraph_o9xde_4 _paragraph_xtcu6_10 layout-component text-serif-m layout-normal text-serif-m layout-padded\">Men ti dager etter det f\u00f8rste bes\u00f8ksforbudet blir ilagt, ber Linea om at det fjernes.<\/p>\n<p class=\"_paragraph_o9xde_4 _paragraph_xtcu6_10 layout-component text-serif-m layout-normal text-serif-m layout-padded\">Hvorfor gj\u00f8r hun det? Fordi hun er redd, tror s\u00f8steren.<\/p>\n<p class=\"_paragraph_o9xde_4 _paragraph_xtcu6_10 layout-component text-serif-m layout-normal text-serif-m layout-padded\">Volden eskalerer. Politiet rykker ut \u2013 flere ganger.<\/p>\n<p class=\"_paragraph_o9xde_4 _paragraph_xtcu6_10 layout-component text-serif-m layout-normal text-serif-m layout-padded\">Denne h\u00f8sten kj\u00f8rer st\u00f8ttespilleren Anna Estenstad ofte ut for \u00e5 lete etter Linea og hjelpe henne. <\/p>\n<p class=\"_paragraph_o9xde_4 _paragraph_xtcu6_10 layout-component text-serif-m layout-normal text-serif-m layout-padded\">Hun frykter for Lineas sikkerhet \u2013 b\u00e5de i m\u00f8te med mannen og for Linea selv.<\/p>\n<p class=\"_paragraph_o9xde_4 _paragraph_xtcu6_10 layout-component text-serif-m layout-normal text-serif-m layout-padded\">Hun ser at Linea g\u00e5r kraftig ned i vekt, og f\u00e5r 19-\u00e5ringen til legen. <\/p>\n<p><img alt=\"\" class=\"_image_qp4xg_65 layout-component layout-normal\" data-fullscreen- data-track-element-type=\"Article image fullscreen\" data-track-name=\"ImageFullscreen\" decoding=\"async\" loading=\"lazy\" height=\"5504\" itemprop=\"image\"  src=\"https:\/\/www.europesays.com\/no\/wp-content\/uploads\/2025\/10\/b0b185a6-224b-4411-a26d-123fa9f83678\"  style=\"object-position:0% 0%\" width=\"4128\"\/><\/p>\n<p class=\"_paragraph_o9xde_4 _paragraph_xtcu6_10 layout-component text-serif-m layout-normal text-serif-m layout-padded\">Hun varsler ogs\u00e5 politiet, og i november skriver hun til dem \u00abat hun er bekymret for at vi kan ende opp med \u00e5 bist\u00e5 i begravelsen av denne jenta f\u00f8r \u00e5ret er omme\u00bb.<\/p>\n<p class=\"_paragraph_o9xde_4 _paragraph_xtcu6_10 layout-component text-serif-m layout-normal text-serif-m layout-padded\">I dag sier politiet i Tr\u00f8ndelag at de iverksatte flere tiltak rundt Linea da hun bodde i Yrkesvegen.<\/p>\n<p class=\"_paragraph_o9xde_4 _paragraph_xtcu6_10 layout-component text-serif-m layout-normal text-serif-m layout-padded\">Politiet samarbeidet ogs\u00e5 med andre etater som hadde kontakt med henne. <\/p>\n<p class=\"_paragraph_o9xde_4 _paragraph_xtcu6_10 layout-component text-serif-m layout-normal text-serif-m layout-padded\"><strong class=\"_strong_o9xde_25\">Gang p\u00e5 gang fors\u00f8ker<\/strong> Anna \u00e5 f\u00e5 Linea tvangsinnlagt, uten \u00e5 lykkes, forteller hun. <\/p>\n<p class=\"_paragraph_o9xde_4 _paragraph_xtcu6_10 layout-component text-serif-m layout-normal text-serif-m layout-padded\">\u2013 Linea fungerte alltid best under strenge rammer. Det ville ha hjulpet henne. Men det er vanskelig \u00e5 f\u00e5 tvangsinnleggelse i dag.<\/p>\n<p class=\"_paragraph_o9xde_4 _paragraph_xtcu6_10 layout-component text-serif-m layout-normal text-serif-m layout-padded\">Anna forteller at kommunen advarer henne mot \u00e5 g\u00e5 inn i leiligheten i Yrkesvegen, av hensyn til sin egen sikkerhet.<\/p>\n<p class=\"_paragraph_o9xde_4 _paragraph_xtcu6_10 layout-component text-serif-m layout-normal text-serif-m layout-padded\">Da VG er inne i blokken h\u00f8sten 2025, ser det slik ut: <\/p>\n<p class=\"_paragraph_o9xde_4 _paragraph_xtcu6_10 layout-component text-serif-m layout-normal text-serif-m layout-padded\">Det som skjedde h\u00f8sten for to \u00e5r siden, er noe av det vondeste Anna har opplevd: <\/p>\n<p class=\"_paragraph_o9xde_4 _paragraph_xtcu6_10 layout-component text-serif-m layout-normal text-serif-m layout-padded\">\u2013 Linea inviterte meg inn p\u00e5 bes\u00f8k i leiligheten, men jeg m\u00e5tte svare at jeg ikke kunne, p\u00e5 grunn av min egen sikkerhet. <\/p>\n<p class=\"_paragraph_o9xde_4 _paragraph_xtcu6_10 layout-component text-serif-m layout-normal text-serif-m layout-padded\">\u2013 Da svarte hun at \u00abdu vil ikke bes\u00f8ke meg engang, men jeg m\u00e5 bo her\u00bb.<\/p>\n<p><img decoding=\"async\" alt=\"Bilde av Tor Jakob Reitan\" class=\"_image_ygndg_42\" height=\"40\" itemprop=\"image\" loading=\"lazy\"  src=\"https:\/\/www.europesays.com\/no\/wp-content\/uploads\/2025\/10\/1760239401_956_4406e2f9-760d-4743-9634-1f9e1eed7614\"  width=\"40\"\/><strong class=\"_name_ygndg_51 title-serif-xs\">Tor Jakob Reitan<\/strong><\/p>\n<p class=\"_paragraph_o9xde_4 text-sans-m _description_ygndg_56\">Kommunedirekt\u00f8r i Stj\u00f8rdal<\/p>\n<p class=\"_paragraph_o9xde_4 _paragraph_xtcu6_10 layout-component text-serif-m layout-normal text-serif-m layout-padded\">Advarselen til hjelperen Anna ble gitt i en periode med anmeldelser og br\u00e5k blant beboerne i Yrkesvegen og ikke p\u00e5 generell bakgrunn, opplyser Tor Jakob Reitan i Stj\u00f8rdal kommune til VG.<\/p>\n<p class=\"_paragraph_o9xde_4 _paragraph_xtcu6_10 layout-component text-serif-m layout-normal text-serif-m layout-padded\">If\u00f8lge kommunen endret situasjonen seg raskt til det bedre. <\/p>\n<p class=\"_paragraph_o9xde_4 _paragraph_xtcu6_10 layout-component text-serif-m layout-normal text-serif-m layout-padded\"><strong class=\"_strong_o9xde_25\">H\u00f8sten 2023 <\/strong>tar moren med seg kniv n\u00e5r hun skal p\u00e5 bes\u00f8k til datteren \u2013 for sin egen sikkerhet.<\/p>\n<p class=\"_paragraph_o9xde_4 _paragraph_xtcu6_10 layout-component text-serif-m layout-normal text-serif-m layout-padded\">Hver gang stores\u00f8steren Oda kommer til leiligheten, er nabomannen der. <\/p>\n<p class=\"_paragraph_o9xde_4 _paragraph_xtcu6_10 layout-component text-serif-m layout-normal text-serif-m layout-padded\">\u2013 Han lot som at han var grei og tok vare p\u00e5 Linea, men jeg visste jo sannheten. Han var veldig falsk og det var lett \u00e5 se gjennom, forteller Oda.<\/p>\n<p class=\"_paragraph_o9xde_4 _paragraph_xtcu6_10 layout-component text-serif-m layout-normal text-serif-m layout-padded\">\u2013 Men hun var redd, s\u00e5 jeg kunne ikke si noe. <\/p>\n<p><img alt=\"Foto: Emma Fondenes \u00d8vreb\u00f8 \/ VG\" class=\"_image_qp4xg_65 layout-component layout-normal\" data-fullscreen- data-track-element-type=\"Article image fullscreen\" data-track-name=\"ImageFullscreen\" decoding=\"async\" loading=\"lazy\" height=\"4462\" itemprop=\"image\"  src=\"https:\/\/www.europesays.com\/no\/wp-content\/uploads\/2025\/10\/e014367a-8eed-4629-af63-0bf720fc19b6\"  style=\"object-position:0% 0%\" width=\"5949\"\/>Foto: Emma Fondenes \u00d8vreb\u00f8 \/ VG<\/p>\n<p class=\"_paragraph_o9xde_4 _paragraph_xtcu6_10 layout-component text-serif-m layout-normal text-serif-m layout-padded\">Stores\u00f8steren f\u00f8ler seg hjelpel\u00f8s.<\/p>\n<p class=\"_paragraph_o9xde_4 _paragraph_xtcu6_10 layout-component text-serif-m layout-normal text-serif-m layout-padded\">\u2013 Hva om jeg hadde f\u00e5tt henne ut derfra? Jeg skulle \u00f8nske jeg kunne gjort mer for \u00e5 f\u00e5 henne bort fra ham. <\/p>\n<p class=\"_paragraph_o9xde_4 _paragraph_xtcu6_10 layout-component text-serif-m layout-normal text-serif-m layout-padded\">Men familien gj\u00f8r det de kan.<\/p>\n<p class=\"_paragraph_o9xde_4 _paragraph_xtcu6_10 layout-component text-serif-m layout-normal text-serif-m layout-padded\">De varsler kommunen, politiet, friomsorgen og StatsforvalterenStatsforvalterenStatsforvalteren er en statlig myndighet i Norge som f\u00f8rer tilsyn med kommunene og sikrer at lover og regler f\u00f8lges. i Tr\u00f8ndelag om alt Linea blir utsatt for. <\/p>\n<p class=\"_paragraph_o9xde_4 _paragraph_xtcu6_10 layout-component text-serif-m layout-normal text-serif-m layout-padded\">Samtidig fortsetter hun \u00e5 bo i Yrkesvegen \u2013 vegg i vegg med mannen.<\/p>\n<p><img decoding=\"async\" alt=\"Bilde av Kathinka Meirik\" class=\"_image_ygndg_42\" height=\"40\" itemprop=\"image\" loading=\"lazy\"  src=\"https:\/\/www.europesays.com\/no\/wp-content\/uploads\/2025\/10\/8210cba6-e5f1-48e1-a564-8a5fe75999ba\"  width=\"40\"\/><strong class=\"_name_ygndg_51 title-serif-xs\">Kathinka Meirik<\/strong><\/p>\n<p class=\"_paragraph_o9xde_4 text-sans-m _description_ygndg_56\">Fylkeslege i Tr\u00f8ndelag<\/p>\n<p class=\"_paragraph_o9xde_4 _paragraph_xtcu6_10 layout-component text-serif-m layout-normal text-serif-m layout-padded\">Statsforvalteren mottok flere bekymringsmeldinger om Linea og opprettet tilsynssak mot kommunen, bekrefter fylkeslege Kathinka Meirik i Tr\u00f8ndelag. <\/p>\n<p class=\"_paragraph_o9xde_4 _paragraph_xtcu6_10 layout-component text-serif-m layout-normal text-serif-m layout-padded\">Linea f\u00e5r tilbud om rusbehandling, men takker nei. <\/p>\n<p class=\"_paragraph_o9xde_4 _paragraph_xtcu6_10 layout-component text-serif-m layout-normal text-serif-m layout-padded\">Egentlig skal hun f\u00f8lge et narkotikaprogramnarkotikaprogramND-program st\u00e5r for narkotikaprogram med domstolskontroll og er en landsdekkende straffereaksjon innf\u00f8rt fra 2016. Ordningen inneb\u00e6rer straffegjennomf\u00f8ring i frihet og er et alternativ til soning i fengsel.. <\/p>\n<p class=\"_paragraph_o9xde_4 _paragraph_xtcu6_10 layout-component text-serif-m layout-normal text-serif-m layout-padded\">Men Linea m\u00f8ter kun to ganger hos friomsorgenfriomsorgenFriomsorgen er en del av kriminalomsorgen i Norge som har ansvar for oppf\u00f8lging av personer som soner straff utenfor fengsel. for \u00e5 ta spyttpr\u00f8ver, viser dokumenter VG har sett.<\/p>\n<ul class=\"_list_o9xde_3 _list_xtcu6_9 _unordered_o9xde_106 layout-component text-serif-m layout-normal text-serif-m layout-padded\">\n<li class=\"_item_o9xde_30\">Friomsorgsleder i Tr\u00f8ndelag, Tore R\u00e5en, viser til taushetsplikten, og svarer p\u00e5 generelt grunnlag at domfelte i narkotikaprogram ofte har store rusproblemer ved oppstart:<br \/>\u2013 Konsekvensene skjerpes gradvis gjennom de fire fasene i programmet, ut fra en forventning om at livssituasjonen stabiliseres. I en del tilfeller medf\u00f8rer situasjonen straffen blir omgjort til ubetinget fengsel.<\/li>\n<\/ul>\n<p class=\"_paragraph_o9xde_4 _paragraph_xtcu6_10 layout-component text-serif-m layout-normal text-serif-m layout-padded\">Familien opplever at ingen av tiltakene blir fulgt opp.<\/p>\n<p><img alt=\"\" class=\"_image_qp4xg_65 layout-component layout-normal\" data-fullscreen- data-track-element-type=\"Article image fullscreen\" data-track-name=\"ImageFullscreen\" decoding=\"async\" loading=\"lazy\" height=\"1435\" itemprop=\"image\"  src=\"https:\/\/www.europesays.com\/no\/wp-content\/uploads\/2025\/10\/b4ad0936-f862-4d73-a6df-6e4dc2b662e3\"  style=\"object-position:0% 0%\" width=\"1077\"\/><\/p>\n<p class=\"_paragraph_o9xde_4 _paragraph_xtcu6_10 layout-component text-serif-m layout-normal text-serif-m layout-padded\">\u00abHvilken rehabilitering er dette? Hvorfor griper ingen inn? Hun har det mye bedre i fengsel\u00bb, skriver moren i brevet til Statsforvalteren<\/p>\n<p class=\"_paragraph_o9xde_4 _paragraph_xtcu6_10 layout-component text-serif-m layout-normal text-serif-m layout-padded\">\u00abDet som n\u00e5 skjer, er en enveisbillett til d\u00f8den\u00bb.<\/p>\n<p class=\"_paragraph_o9xde_4 _paragraph_xtcu6_10 layout-component text-serif-m layout-normal text-serif-m layout-padded\">Linea kunne reist hjem til familien i Leksvik, men b\u00e5de de og Linea selv mener at milj\u00f8et rundt henne er for utrygt.<\/p>\n<p class=\"_paragraph_o9xde_4 _paragraph_xtcu6_10 layout-component text-serif-m layout-normal text-serif-m layout-padded\">Statsforvalteren konkluderte med at kommunen ikke hadde gjort noe feil. <\/p>\n<p><img alt=\"\" class=\"_image_qp4xg_65 layout-component layout-normal\" data-fullscreen- data-track-element-type=\"Article image fullscreen\" data-track-name=\"ImageFullscreen\" decoding=\"async\" loading=\"lazy\" height=\"7339\" itemprop=\"image\"  src=\"https:\/\/www.europesays.com\/no\/wp-content\/uploads\/2025\/10\/22c53b36-7cc5-4af3-bfb3-8b54f34e90fd\"  style=\"object-position:0% 0%\" width=\"5504\"\/><img alt=\"\" class=\"_image_qp4xg_65 layout-component layout-wide\" data-fullscreen- data-track-element-type=\"Article image fullscreen\" data-track-name=\"ImageFullscreen\" decoding=\"async\" loading=\"lazy\" height=\"5504\" itemprop=\"image\"  src=\"https:\/\/www.europesays.com\/no\/wp-content\/uploads\/2025\/10\/bf41333e-a7e2-440c-9d31-3b3f14970b27\"  style=\"object-position:0% 0%\" width=\"8256\"\/><\/p>\n<p class=\"_paragraph_o9xde_4 _paragraph_xtcu6_10 layout-component text-serif-m layout-normal text-serif-m layout-padded _large_xtcu6_30\"><strong class=\"_strong_o9xde_25\">S\u00f8ndag 5. november 2023 pr\u00f8ver mannen \u00e5 dirke opp l\u00e5sen i Lineas ytterd\u00f8r. <\/strong><\/p>\n<p class=\"_paragraph_o9xde_4 _paragraph_xtcu6_10 layout-component text-serif-m layout-normal text-serif-m layout-padded\">Linea og en venninne st\u00e5r og holder den igjen for at han ikke skal komme inn.<\/p>\n<p class=\"_paragraph_o9xde_4 _paragraph_xtcu6_10 layout-component text-serif-m layout-normal text-serif-m layout-padded\">Politiet har en lengre samtale med dem. Linea forteller at hun ikke vil bo sammen med mannen, men at hun ikke klarer \u00e5 si nei til ham.<\/p>\n<p class=\"_paragraph_o9xde_4 _paragraph_xtcu6_10 layout-component text-serif-m layout-normal text-serif-m layout-padded\">Den 14 \u00e5r eldre mannen g\u00e5r tilbake til sin egen leilighet.<\/p>\n<p><img alt=\"Naboens leilighet 17. november 2023.   Foto: Politiet\" class=\"_image_qp4xg_65 layout-component layout-normal\" data-fullscreen- data-track-element-type=\"Article image fullscreen\" data-track-name=\"ImageFullscreen\" decoding=\"async\" loading=\"lazy\" height=\"518\" itemprop=\"image\"  src=\"https:\/\/www.europesays.com\/no\/wp-content\/uploads\/2025\/10\/5f04018c-9124-463f-85a1-4c80219e5188\"  style=\"object-position:0% 0%\" width=\"691\"\/>Naboens leilighet 17. november 2023.   Foto: Politiet<\/p>\n<p class=\"_paragraph_o9xde_4 _paragraph_xtcu6_10 layout-component text-serif-m layout-normal text-serif-m layout-padded\">Dagen etter har Linea f\u00e5tt tilbud om d\u00f8gnbehandling og avrusing, men hun m\u00f8ter ikke opp.<\/p>\n<p class=\"_paragraph_o9xde_4 _paragraph_xtcu6_10 layout-component text-serif-m layout-normal text-serif-m layout-padded\">Neste dag rykker politiet ut igjen. Linea forteller at hun vil at mannen skal dra fra leiligheten hennes. Politiet ber ham om \u00e5 holde seg unna.<\/p>\n<p class=\"_paragraph_o9xde_4 _paragraph_xtcu6_10 layout-component text-serif-m layout-normal text-serif-m layout-padded\">Men senere samme dag h\u00f8rer en nabo rop om hjelp og dunking fra Lineas leilighet, og ringer til politiet. <\/p>\n<p class=\"_paragraph_o9xde_4 _paragraph_xtcu6_10 layout-component text-serif-m layout-normal text-serif-m layout-padded _large_xtcu6_30\">Mannen nekter \u00e5 \u00e5pne d\u00f8ren da politiet kommer, og sperrer den med et stativ.<\/p>\n<p class=\"_paragraph_o9xde_4 _paragraph_xtcu6_10 layout-component text-serif-m layout-normal text-serif-m layout-padded _large_xtcu6_30\">Inne i leiligheten h\u00f8rer de Lineas stemme. <\/p>\n<p><img alt=\"Foto: Politiet\" class=\"_image_qp4xg_65 layout-component layout-normal\" data-fullscreen- data-track-element-type=\"Article image fullscreen\" data-track-name=\"ImageFullscreen\" decoding=\"async\" loading=\"lazy\" height=\"1614\" itemprop=\"image\"  src=\"https:\/\/www.europesays.com\/no\/wp-content\/uploads\/2025\/10\/9de293e6-fc44-4738-9c8a-0d1a846656ed\"  style=\"object-position:0% 0%\" width=\"1210\"\/>Foto: Politiet<\/p>\n<p class=\"_paragraph_o9xde_4 _paragraph_xtcu6_10 layout-component text-serif-m layout-normal text-serif-m layout-padded _large_xtcu6_30\">Politiet bryter seg inn og finner Linea p\u00e5 sofaen. <\/p>\n<p class=\"_paragraph_o9xde_4 _paragraph_xtcu6_10 layout-component text-serif-m layout-normal text-serif-m layout-padded _large_xtcu6_30\">Hun forteller at hun v\u00e5knet av at mannen sto ved siden av henne. <\/p>\n<p><img alt=\"Foto: Politiet\" class=\"_image_qp4xg_65 layout-component layout-normal\" data-fullscreen- data-track-element-type=\"Article image fullscreen\" data-track-name=\"ImageFullscreen\" decoding=\"async\" loading=\"lazy\" height=\"1478\" itemprop=\"image\"  src=\"https:\/\/www.europesays.com\/no\/wp-content\/uploads\/2025\/10\/522d67ba-ff7c-4c31-98a1-f10811843741\"  style=\"object-position:0% 0%\" width=\"1108\"\/>Foto: Politiet<\/p>\n<p class=\"_paragraph_o9xde_4 _paragraph_xtcu6_10 layout-component text-serif-m layout-normal text-serif-m layout-padded _large_xtcu6_30\">Ytterd\u00f8ren hennes blir \u00f8delagt da politiet bryter seg inn. <\/p>\n<p class=\"_paragraph_o9xde_4 _paragraph_xtcu6_10 layout-component text-serif-m layout-normal text-serif-m layout-padded _large_xtcu6_30\">Til familien melder Linea at hun sitter innel\u00e5st p\u00e5 badet \u2013 livredd.<\/p>\n<p class=\"_paragraph_o9xde_4 _paragraph_xtcu6_10 layout-component text-serif-m layout-normal text-serif-m layout-padded _large_xtcu6_30\">De neste ni dagene fortsetter mannen \u00e5 bryte seg inn hos Linea, if\u00f8lge politidokumenter. <\/p>\n<p class=\"_paragraph_o9xde_4 _paragraph_xtcu6_10 layout-component text-serif-m layout-normal text-serif-m layout-padded _large_xtcu6_30\">Han knuser tingene hennes og hun blir truet med en jernstang.<\/p>\n<p><img alt=\"P\u00e5 veggen har Linea skrevet \u00abD\u00f8mt til \u00e5 leve for evig i n\u00f8den. Nederst p\u00e5 stigen der jeg leker med d\u00f8den.\u00bb  Foto: Politiet\" class=\"_image_qp4xg_65 layout-component layout-normal\" data-fullscreen- data-track-element-type=\"Article image fullscreen\" data-track-name=\"ImageFullscreen\" decoding=\"async\" loading=\"lazy\" height=\"1624\" itemprop=\"image\"  src=\"https:\/\/www.europesays.com\/no\/wp-content\/uploads\/2025\/10\/4d94295b-c64f-4fed-97c6-d5cb8326b8a3\"  style=\"object-position:0% 0%\" width=\"1216\"\/>P\u00e5 veggen har Linea skrevet \u00abD\u00f8mt til \u00e5 leve for evig i n\u00f8den. Nederst p\u00e5 stigen der jeg leker med d\u00f8den.\u00bb  Foto: Politiet <\/p>\n<p class=\"_paragraph_o9xde_4 _paragraph_xtcu6_10 layout-component text-serif-m layout-normal text-serif-m layout-padded _large_xtcu6_30\"><strong class=\"_strong_o9xde_25\">Han blir siktet siktet \u00c5 v\u00e6re siktet betyr at politiet mener det er tilstrekkelig bevis for at en person har beg\u00e5tt en kriminell handling, og de vil etterforske videre.for trusler, vold, frihetsber\u00f8velsefrihetsber\u00f8velseFrihetsber\u00f8velse er n\u00e5r en person ulovlig blir fratatt sin frihet, for eksempel ved \u00e5 bli holdt fanget mot sin vilje. og alvorlig, gjentatt mishandling av Linea. <\/strong><\/p>\n<p class=\"_paragraph_o9xde_4 _paragraph_xtcu6_10 layout-component text-serif-m layout-normal text-serif-m layout-padded _large_xtcu6_30\"><strong class=\"_strong_o9xde_25\">Hun anmelder ham ogs\u00e5 for voldtekt. <\/strong><\/p>\n<p class=\"_paragraph_o9xde_4 _paragraph_xtcu6_10 layout-component text-serif-m layout-normal text-serif-m layout-padded\">If\u00f8lge politiets siktelse startet alt den dagen Linea flyttet inn. <\/p>\n<p class=\"_paragraph_o9xde_4 _paragraph_xtcu6_10 layout-component text-serif-m layout-normal text-serif-m layout-padded\">P\u00e5 nytt ilegger politiet mannen bes\u00f8ksforbud. Til tross for siktelsen bor de fortsatt vegg i vegg.<\/p>\n<p class=\"_paragraph_o9xde_4 _paragraph_xtcu6_10 layout-component text-serif-m layout-normal text-serif-m layout-padded\">Det er ikke f\u00f8rste gangen mannen f\u00e5r bes\u00f8ksforbud. Tidligere har han f\u00e5tt det b\u00e5de mot en annen kvinne og sine egne foreldre.<\/p>\n<p class=\"_paragraph_o9xde_4 _paragraph_xtcu6_10 layout-component text-serif-m layout-normal text-serif-m layout-padded\">Men selv om han bryter forbudene, f\u00e5r det ingen konsekvenser for ham, fordi det er usikkerhet rundt hans tilregnelighettilregnelighetDen som ikke er strafferettslig tilregnelig, har ikke skyldevne, som er en grunnleggende forutsetning for straffeansvar og straff. En person som er utilregnelig, skal alts\u00e5 frifinnes for sin ellers straffbare handling..<\/p>\n<p class=\"_paragraph_o9xde_4 _paragraph_xtcu6_10 layout-component text-serif-m layout-normal text-serif-m layout-padded\">Mot Linea bryter han bes\u00f8ksforbudet elleve ganger mens hun bor i Yrkesvegen, viser VGs kartlegging.<\/p>\n<p class=\"_paragraph_o9xde_4 _paragraph_xtcu6_10 layout-component text-serif-m layout-normal text-serif-m layout-padded\"><strong class=\"_strong_o9xde_25\">I slutten av november<\/strong> sender Linea en melding til tanten sin: <\/p>\n<p class=\"message\">&#13;<br \/>\n          Jeg er truet p\u00e5 fuckings livet, og f\u00e5tt beskjed og trussel om at det blir alvorlige konsekvenser, straff og hevn p\u00e5 bakgrunn av at jeg kontakter politi eller ringer n\u00f8dnummer i truende og farlige situasjoner. Jeg vet at han er i stand til \u00e5 knekke meg, og det har jeg sagt lenge n\u00e5: \u00abjeg ender opp med \u00e5 bli drept hvis det fortsetter som det her.&#13;\n        <\/p>\n<p class=\"_paragraph_o9xde_4 _paragraph_xtcu6_10 layout-component text-serif-m layout-normal text-serif-m layout-padded\">Med t\u00e5rer i \u00f8ynene leser tanten meldingen videre: <\/p>\n<p class=\"message\">&#13;<br \/>\n          Systemet som skal v\u00e6re der for \u00e5 hjelpe meg, s\u00f8rger bare for \u00e5 \u00f8delegge meg mer og mer for hver plass jeg har og blir plassert p\u00e5. N\u00e5 har det g\u00e5tt til ekstreme lengder som dere ikke engang kan se for dere.&#13;\n        <\/p>\n<p class=\"_paragraph_o9xde_4 _paragraph_xtcu6_10 layout-component text-serif-m layout-normal text-serif-m layout-padded\">Mens alt dette skjer, f\u00e5r Stj\u00f8rdal kommune gjentatte bekymringsmeldinger fra barnevernstjenesten, Lineas mor og tante, politiet og Anna. <\/p>\n<p class=\"_paragraph_o9xde_4 _paragraph_xtcu6_10 layout-component text-serif-m layout-normal text-serif-m layout-padded\"><strong class=\"_strong_o9xde_25\">Anna forst\u00e5r <\/strong>ikke hvorfor Linea ble plassert i Yrkesvegen.<\/p>\n<p class=\"_paragraph_o9xde_4 _paragraph_xtcu6_10 layout-component text-serif-m layout-normal text-serif-m layout-padded\">\u2013 Hun hadde passert 18 \u00e5r, men hva hadde hun l\u00e6rt seg f\u00f8r den tid? Plutselig skal hun ta vare p\u00e5 seg selv og bo i den verste blokken i Stj\u00f8rdal.<\/p>\n<p class=\"_paragraph_o9xde_4 _paragraph_xtcu6_10 layout-component text-serif-m layout-normal text-serif-m layout-padded\">\u2013 Jeg mener at hun aldri har hatt st\u00f8rre traumer enn dem hun fikk i den boligen.<\/p>\n<p><img alt=\"\" class=\"_image_qp4xg_65 layout-component layout-normal\" data-fullscreen- data-track-element-type=\"Article image fullscreen\" data-track-name=\"ImageFullscreen\" decoding=\"async\" loading=\"lazy\" height=\"4825\" itemprop=\"image\"  src=\"https:\/\/www.europesays.com\/no\/wp-content\/uploads\/2025\/10\/b076bc28-b64e-45a2-9e1e-aa3cf7189334\"  style=\"object-position:0% 0%\" width=\"6433\"\/><\/p>\n<p class=\"_paragraph_o9xde_4 _paragraph_xtcu6_10 layout-component text-serif-m layout-normal text-serif-m layout-padded\">H\u00f8sten 2023 bodde det \u00e9n annen kvinne og \u00e5tte menn i Yrkesvegen 1.<\/p>\n<p class=\"_paragraph_o9xde_4 _paragraph_xtcu6_10 layout-component text-serif-m layout-normal text-serif-m layout-padded\">Alle var minst ti \u00e5r eldre enn Linea.<\/p>\n<p class=\"_paragraph_o9xde_4 _paragraph_xtcu6_10 layout-component text-serif-m layout-normal text-serif-m layout-padded\">Kommunedirekt\u00f8r Tor Jakob Reitan p\u00e5peker at Linea ved flere anledninger i l\u00f8pet av h\u00f8sten 2023 fikk tilbud om en ny leilighet et annet sted.<\/p>\n<p class=\"_paragraph_o9xde_4 _paragraph_xtcu6_10 layout-component text-serif-m layout-normal text-serif-m layout-padded\">Denne leiligheten ligger i samme gate som der hun bodde \u2013 150 meter unna. <\/p>\n<p class=\"_paragraph_o9xde_4 _paragraph_xtcu6_10 layout-component text-serif-m layout-normal text-serif-m layout-padded\">\u2013 Jeg har stor respekt for p\u00e5r\u00f8rendes fortvilelse og bitterhet, men hun ville ikke benytte seg av de tilbud vi hadde.<\/p>\n<p><img alt=\"\" class=\"_image_qp4xg_65 layout-component layout-normal\" data-fullscreen- data-track-element-type=\"Article image fullscreen\" data-track-name=\"ImageFullscreen\" decoding=\"async\" loading=\"lazy\" height=\"5069\" itemprop=\"image\"  src=\"https:\/\/www.europesays.com\/no\/wp-content\/uploads\/2025\/10\/1de9377d-3c39-496d-99fb-004881fa5f57\"  style=\"object-position:0% 0%\" width=\"3801\"\/><\/p>\n<p class=\"_paragraph_o9xde_4 _paragraph_xtcu6_10 layout-component text-serif-m layout-normal text-serif-m layout-padded\">Linea tenkte at det ikke ville bety noe \u00e5 flytte s\u00e5 kort, forteller s\u00f8steren Oda.<\/p>\n<p class=\"_paragraph_o9xde_4 _paragraph_xtcu6_10 layout-component text-serif-m layout-normal text-serif-m layout-padded\">Og hvorfor var det Linea som skulle flytte? Hvorfor ikke mannen? <\/p>\n<p class=\"_paragraph_o9xde_4 _paragraph_xtcu6_10 layout-component text-serif-m layout-normal text-serif-m layout-padded\">I slutten av november 2023 blir Linea tvangsinnlagttvangsinnlagt Tvangsinnleggelse er n\u00e5r en person blir innlagt p\u00e5 en institusjon mot sin vilje, ofte p\u00e5 grunn av psykiske helseproblemer. hos Bl\u00e5 Kors. Bl\u00e5 Kors.Bl\u00e5 Kors er en organisasjon som tilbyr hjelp og behandling for personer med rusproblemer.<\/p>\n<p class=\"_paragraph_o9xde_4 _paragraph_xtcu6_10 layout-component text-serif-m layout-normal text-serif-m layout-padded\">Snart skal hun r\u00f8mme fra institusjonen, men f\u00f8rst skriver hun til Anna at hun pr\u00f8ver alt hun kan for \u00e5 glemme alt som har skjedd.<\/p>\n<p class=\"_paragraph_o9xde_4 _paragraph_xtcu6_10 layout-component text-serif-m layout-normal text-serif-m layout-padded\">\u00abLivet jeg har levd og har m\u00e5ttet st\u00e5tt i etter l\u00f8slatelsen har v\u00e6rt et uendelig mareritt som hverken du eller andre folk vet mye om i detalj. Det dere vet er toppen av isberget\u00bb.<\/p>\n<p><img alt=\"\" class=\"_image_qp4xg_65 layout-component layout-normal\" data-fullscreen- data-track-element-type=\"Article image fullscreen\" data-track-name=\"ImageFullscreen\" decoding=\"async\" loading=\"lazy\" height=\"7338\" itemprop=\"image\"  src=\"https:\/\/www.europesays.com\/no\/wp-content\/uploads\/2025\/10\/ac02d84d-a655-46e3-be02-d082e0fcf4b2\"  style=\"object-position:0% 0%\" width=\"5504\"\/><\/p>\n<p class=\"_paragraph_o9xde_4 _paragraph_xtcu6_10 layout-component text-serif-m layout-normal text-serif-m layout-padded\">19-\u00e5ringen skriver at politiet og kommunen har visst om situasjonen og boforholdene hennes, men de ser bort fra alvoret.<\/p>\n<p class=\"_paragraph_o9xde_4 _paragraph_xtcu6_10 layout-component text-serif-m layout-normal text-serif-m layout-padded\">\u00abJeg ville ikke g\u00e5 tilbake til rusenrusenRus refererer til tilstanden som oppst\u00e5r etter inntak av alkohol eller andre rusmidler, som kan p\u00e5virke en persons oppf\u00f8rsel og d\u00f8mmekraft. etter soningen, men hva faen for noen forutsetninger har jeg f\u00e5tt. Plassert p\u00e5 Yrkesvegen der jeg blir holdt stengt inne, misbrukt, mishandlet (&#8230;)\u00bb.<\/p>\n<p class=\"_paragraph_o9xde_4 _paragraph_xtcu6_10 layout-component text-serif-m layout-normal text-serif-m layout-padded\">If\u00f8lge Linea kalte mannen det \u00abfrivillig tvang\u00bb.<\/p>\n<p class=\"_paragraph_o9xde_4 _paragraph_xtcu6_10 layout-component text-serif-m layout-normal text-serif-m layout-padded\">\u00abHan satt kloa i meg fra dag \u00e9n p\u00e5 Yrkesvegen\u00bb. <\/p>\n<p class=\"_paragraph_o9xde_4 _paragraph_xtcu6_10 layout-component text-serif-m layout-normal text-serif-m layout-padded\">Linea h\u00e5per at hun ikke m\u00e5 tilbake til Stj\u00f8rdal.<\/p>\n<p class=\"_paragraph_o9xde_4 _paragraph_xtcu6_10 layout-component text-serif-m layout-normal text-serif-m layout-padded _medium_xtcu6_25\"><strong class=\"_strong_o9xde_25\">\u00abJeg kommer til \u00e5 bli drept eller alvorlig skadet om jeg m\u00e5 bo der eller treffe ham\u00bb.<\/strong><\/p>\n<p> Emma Fondenes \u00d8vreb\u00f8<\/p>\n<p class=\"text-sans-s\">Journalist<\/p>\n<p><img decoding=\"async\" alt=\"Emma Fondenes \u00d8vreb\u00f8\" class=\"_image_8qg3d_185\" src=\"https:\/\/www.europesays.com\/no\/wp-content\/uploads\/2025\/10\/1760239408_105_a3715f19-7e77-4fbf-b20f-7d6f5cb479de\" width=\"480\"\/>Kontakt Emma Fondenes \u00d8vreb\u00f8<img decoding=\"async\" alt=\"Hanna Espevik\" class=\"_image_8qg3d_185\" src=\"https:\/\/www.europesays.com\/no\/wp-content\/uploads\/2025\/10\/1760239409_187_7d09952f-c496-4be9-9231-2e71060fc939\" width=\"480\"\/>Line M\u00f8ller (foto)<\/p>\n<p class=\"text-sans-s\">Journalist<\/p>\n<p><img decoding=\"async\" alt=\"Line M\u00f8ller (foto)\" class=\"_image_8qg3d_185\" src=\"https:\/\/www.europesays.com\/no\/wp-content\/uploads\/2025\/10\/1760239409_171_86bd1337-52af-4a28-b881-46e1ce6a48f1\" width=\"480\"\/>Kontakt Line M\u00f8ller (foto)     <\/p>\n","protected":false},"excerpt":{"rendered":"En ukes tid senere ringer Linea politiet f\u00f8rste gang. Hun forteller at naboen ikke vil forlate leiligheten hennes&hellip;\n","protected":false},"author":2,"featured_media":58424,"comment_status":"","ping_status":"","sticky":false,"template":"","format":"standard","meta":{"footnotes":""},"categories":[10],"tags":[20,21,24,25,15,22,23,13,30,28,29,14,16,5458,756,26,27,785],"class_list":{"0":"post-58423","1":"post","2":"type-post","3":"status-publish","4":"format-standard","5":"has-post-thumbnail","7":"category-norge","8":"tag-breaking-news","9":"tag-breakingnews","10":"tag-featured-news","11":"tag-featurednews","12":"tag-headlines","13":"tag-latest-news","14":"tag-latestnews","15":"tag-news","16":"tag-no","17":"tag-norge","18":"tag-norway","19":"tag-nyheter","20":"tag-overskrifter","21":"tag-statsforvalteren","22":"tag-stjordal","23":"tag-top-stories","24":"tag-topstories","25":"tag-vghubben"},"share_on_mastodon":{"url":"","error":""},"_links":{"self":[{"href":"https:\/\/www.europesays.com\/no\/wp-json\/wp\/v2\/posts\/58423","targetHints":{"allow":["GET"]}}],"collection":[{"href":"https:\/\/www.europesays.com\/no\/wp-json\/wp\/v2\/posts"}],"about":[{"href":"https:\/\/www.europesays.com\/no\/wp-json\/wp\/v2\/types\/post"}],"author":[{"embeddable":true,"href":"https:\/\/www.europesays.com\/no\/wp-json\/wp\/v2\/users\/2"}],"replies":[{"embeddable":true,"href":"https:\/\/www.europesays.com\/no\/wp-json\/wp\/v2\/comments?post=58423"}],"version-history":[{"count":0,"href":"https:\/\/www.europesays.com\/no\/wp-json\/wp\/v2\/posts\/58423\/revisions"}],"wp:featuredmedia":[{"embeddable":true,"href":"https:\/\/www.europesays.com\/no\/wp-json\/wp\/v2\/media\/58424"}],"wp:attachment":[{"href":"https:\/\/www.europesays.com\/no\/wp-json\/wp\/v2\/media?parent=58423"}],"wp:term":[{"taxonomy":"category","embeddable":true,"href":"https:\/\/www.europesays.com\/no\/wp-json\/wp\/v2\/categories?post=58423"},{"taxonomy":"post_tag","embeddable":true,"href":"https:\/\/www.europesays.com\/no\/wp-json\/wp\/v2\/tags?post=58423"}],"curies":[{"name":"wp","href":"https:\/\/api.w.org\/{rel}","templated":true}]}}