{"id":58432,"date":"2025-10-12T03:45:11","date_gmt":"2025-10-12T03:45:11","guid":{"rendered":"https:\/\/www.europesays.com\/no\/58432\/"},"modified":"2025-10-12T03:45:11","modified_gmt":"2025-10-12T03:45:11","slug":"fem-personer-omkommet-i-bilulykke-pa-e8-i-troms","status":"publish","type":"post","link":"https:\/\/www.europesays.com\/no\/58432\/","title":{"rendered":"Fem personer omkommet i bilulykke p\u00e5 E8 i Troms"},"content":{"rendered":"\n<p class=\"_lead_o9xde_2 _lead_xtcu6_50 layout-component text-serif-m layout-normal text-serif-l layout-component layout-wide layout-padded _wide_17hqh_1 layout-padded\">Seks personer skal v\u00e6re involvert i det politiet tror er en m\u00f8teulykke p\u00e5 E8.<\/p>\n<p><img alt=\" Foto: Johannes Br\u00f8ndbo \/ iTroms\u00f8\" class=\"_image_qp4xg_65 layout-component layout-wide\" data-fullscreen- data-track-element-type=\"Article image fullscreen\" data-track-name=\"ImageFullscreen\" fetchpriority=\"high\" decoding=\"sync\" loading=\"eager\" height=\"3081\" itemprop=\"image\"  src=\"https:\/\/www.europesays.com\/no\/wp-content\/uploads\/2025\/10\/38c84b41-082f-47e0-ba72-00c0c02a9d7f\"  style=\"object-position:0% 0%\" width=\"5840\"\/> Foto: Johannes Br\u00f8ndbo \/ iTroms\u00f8<\/p>\n<ul aria-hidden=\"true\" class=\"_images_1y6fe_106\">\n<li><a class=\"_link_1y6fe_111\" href=\"https:\/\/www.vg.no\/forfatter\/hege-varsi\" style=\"z-index:2\" title=\"Hege Varsi\" rel=\"nofollow noopener\" target=\"_blank\"><img alt=\"Bilde av Hege Varsi\" class=\"_image_1y6fe_88\" fetchpriority=\"low\" loading=\"lazy\" decoding=\"async\" itemprop=\"image\"  src=\"https:\/\/www.europesays.com\/no\/wp-content\/uploads\/2025\/10\/1760240708_501_d48c09ee-ae08-4a71-8e5b-8db7c6b4f37d\"  width=\"480\"\/><\/a><\/li>\n<li><a class=\"_link_1y6fe_111\" href=\"https:\/\/www.vg.no\/forfatter\/ntb\" style=\"z-index:1\" title=\"NTB\" rel=\"nofollow noopener\" target=\"_blank\"><img alt=\"Bilde av NTB\" class=\"_image_1y6fe_88\" fetchpriority=\"low\" loading=\"lazy\" decoding=\"async\" itemprop=\"image\"  src=\"https:\/\/www.europesays.com\/no\/wp-content\/uploads\/2025\/10\/1760240708_406_c33980b0-5d07-4027-84a1-813f90a7c8d6\"  width=\"480\"\/><\/a><\/li>\n<\/ul>\n<p> Oppdatert s\u00f8ndag 12. oktober kl. 05:18     <\/p>\n<p class=\"_paragraph_o9xde_4 _paragraph_xtcu6_10 layout-component text-serif-m layout-normal text-serif-m layout-padded\">Det var seks personer totalt i ulykken, hvorp\u00e5 fem bekreftes omkommet. Det melder operasjonsleder Rune Nilsen i <a href=\"https:\/\/www.vg.no\/tag\/troms?utm_source=vg-article&amp;utm_medium=auto-tagger&amp;utm_campaign=pPomlR\" class=\"_link_o9xde_39\" rel=\"nofollow noopener\" target=\"_blank\">Troms<\/a> politidistrikt klokken 04.38. <\/p>\n<p class=\"_paragraph_o9xde_4 _paragraph_xtcu6_10 layout-component text-serif-m layout-normal text-serif-m layout-padded\">If\u00f8lge politiet var det to biler involvert i ulykken. Ulykken skjedde rundt 16 kilometer s\u00f8r for Troms\u00f8 like f\u00f8r midnatt natt til s\u00f8ndag.<\/p>\n<p class=\"_paragraph_o9xde_4 _paragraph_xtcu6_10 layout-component text-serif-m layout-normal text-serif-m layout-padded\">\u2013 Det var tre personer i hver bil, sier operasjonslederen til VG. <\/p>\n<p class=\"_paragraph_o9xde_4 _paragraph_xtcu6_10 layout-component text-serif-m layout-normal text-serif-m layout-padded\">Alle de fem omkomne var hjemmeh\u00f8rende i Troms\u00f8 kommune, og p\u00e5r\u00f8rende er varslet. <\/p>\n<p class=\"_paragraph_o9xde_4 _paragraph_xtcu6_10 layout-component text-serif-m layout-normal text-serif-m layout-padded\">\u00c9n person er sendt til UNN med ukjent skadeomfang. <\/p>\n<p class=\"_paragraph_o9xde_4 _paragraph_xtcu6_10 layout-component text-serif-m layout-normal text-serif-m layout-padded\">If\u00f8lge politiet kom meldingen om ulykken inn via AMK klokken 23.44 l\u00f8rdag kveld. E8 var i en lenger periode stengt ved Hundbergan rett s\u00f8r for Troms\u00f8 grunnet bilberging og opprydding av ulykkesstedet. Veien ble \u00e5pnet igjen like f\u00f8r klokken 05.30 s\u00f8ndag morgen.<\/p>\n<p class=\"_paragraph_o9xde_4 _paragraph_xtcu6_10 layout-component text-serif-m layout-normal text-serif-m layout-padded\">B\u00e5de politiet, brannvesenet og ambulanse er p\u00e5 ulykkesstedet natt til s\u00f8ndag.<\/p>\n<p class=\"_paragraph_o9xde_4 _paragraph_xtcu6_10 layout-component text-serif-m layout-normal text-serif-m layout-padded\">Vet du noe om ulykken? Tips VG <a href=\"https:\/\/www.vg.no\/tips-oss\" class=\"_link_o9xde_39\" rel=\"nofollow noopener\" target=\"_blank\">her<\/a>. <\/p>\n<p><img alt=\"Politiet er fremdeles p\u00e5 plass natt til s\u00f8ndag for \u00e5 sikre ulykkesstedet.   Foto: Johannes Br\u00f8ndbo \/ iTroms\u00f8\" class=\"_image_qp4xg_65 layout-component layout-normal\" data-fullscreen- data-track-element-type=\"Article image fullscreen\" data-track-name=\"ImageFullscreen\" decoding=\"async\" loading=\"lazy\" height=\"4000\" itemprop=\"image\"  src=\"https:\/\/www.europesays.com\/no\/wp-content\/uploads\/2025\/10\/e2642761-b7e8-419f-b06e-d1a80662e20f\"  style=\"object-position:0% 0%\" width=\"4722\"\/>Politiet er fremdeles p\u00e5 plass natt til s\u00f8ndag for \u00e5 sikre ulykkesstedet.   Foto: Johannes Br\u00f8ndbo \/ iTroms\u00f8<\/p>\n<p class=\"_paragraph_o9xde_4 _paragraph_xtcu6_10 layout-component text-serif-m layout-normal text-serif-m layout-padded\">Det er ikke kjent hva som er \u00e5rsaken til ulykken, som if\u00f8lge innsatsleder Vegard Nilssen skal v\u00e6re en m\u00f8teulykke.<\/p>\n<p class=\"_paragraph_o9xde_4 _paragraph_xtcu6_10 layout-component text-serif-m layout-normal text-serif-m layout-padded\"><strong class=\"_strong_o9xde_25\">\u2013 Det har v\u00e6rt en m\u00f8teulykke mellom de to bilene i 80-sonen her. Utover det, er det for tidlig til \u00e5 si noe om hendelsesforl\u00f8pet, sier Nilssen til avisen <a href=\"https:\/\/www.itromso.no\/nyheter\/i\/al5ky5\/fem-personer-omkommet-i-ulykke-paa-e8\" class=\"_link_o9xde_39\" rel=\"nofollow noopener\" target=\"_blank\">iTroms\u00f8<\/a> klokken 03.32. <\/strong><\/p>\n<p><img alt=\"Innsatsleder Vegard Nilssen forteller at det trolig dreier seg om en m\u00f8teulykke i 80-sonen.  Foto: Johannes Br\u00f8ndbo \/ iTroms\u00f8\" class=\"_image_qp4xg_65 layout-component layout-normal\" data-fullscreen- data-track-element-type=\"Article image fullscreen\" data-track-name=\"ImageFullscreen\" decoding=\"async\" loading=\"lazy\" height=\"4000\" itemprop=\"image\"  src=\"https:\/\/www.europesays.com\/no\/wp-content\/uploads\/2025\/10\/772a574a-5953-4e77-916a-841395d1174a\"  style=\"object-position:0% 0%\" width=\"6000\"\/>Innsatsleder Vegard Nilssen forteller at det trolig dreier seg om en m\u00f8teulykke i 80-sonen.  Foto: Johannes Br\u00f8ndbo \/ iTroms\u00f8<\/p>\n<p class=\"_paragraph_o9xde_4 _paragraph_xtcu6_10 layout-component text-serif-m layout-normal text-serif-m layout-padded\">If\u00f8lge iTroms\u00f8 l\u00e5 bilene rundt 80 meter fra hverandre p\u00e5 samme side av veien. Begge bilene har store skader i front. <\/p>\n<p class=\"_paragraph_o9xde_4 _paragraph_xtcu6_10 layout-component text-serif-m layout-normal text-serif-m layout-padded\">Det er ikke synlige bremsespor p\u00e5 veien, og det er per n\u00e5 ikke kjent at det er vitner til ulykken.<\/p>\n<p class=\"_paragraph_o9xde_4 _paragraph_xtcu6_10 layout-component text-serif-m layout-normal text-serif-m layout-padded\">\u2013 Vi har snakket med folk som kom til like etterp\u00e5, sier han.<\/p>\n<p><img alt=\"E8 er stengt i begge retninger ved krysset til Hundbergan, rett s\u00f8r for Troms\u00f8.  Foto: Veitrafikksentralen\" class=\"_image_qp4xg_65 layout-component layout-normal\" data-fullscreen- data-track-element-type=\"Article image fullscreen\" data-track-name=\"ImageFullscreen\" decoding=\"async\" loading=\"lazy\" height=\"712\" itemprop=\"image\"  src=\"https:\/\/www.europesays.com\/no\/wp-content\/uploads\/2025\/10\/1760240709_156_6c8d93a4-011d-47ac-9c40-c7e592c63e68\"  style=\"object-position:0% 0%\" width=\"1328\"\/>E8 er stengt i begge retninger ved krysset til Hundbergan, rett s\u00f8r for Troms\u00f8.  Foto: Veitrafikksentralen    <img decoding=\"async\" alt=\"Tips oss illustrasjon\" width=\"62px\" height=\"auto\" src=\"https:\/\/www.europesays.com\/no\/wp-content\/uploads\/2025\/08\/1754784428_95_W9avJzE.png\"\/>    <\/p>\n<p class=\"title-serif-s\">Har du tips til oss?<\/p>\n<p class=\"text-sans-m\">Send oss informasjon, bilder eller video<\/p>\n<p>  <a href=\"https:\/\/www.vg.no\/tips-oss\" rel=\"nofollow noopener\" target=\"_blank\"> Tips oss <\/a>      <\/p>\n","protected":false},"excerpt":{"rendered":"Seks personer skal v\u00e6re involvert i det politiet tror er en m\u00f8teulykke p\u00e5 E8. Foto: Johannes Br\u00f8ndbo \/&hellip;\n","protected":false},"author":2,"featured_media":58433,"comment_status":"","ping_status":"","sticky":false,"template":"","format":"standard","meta":{"footnotes":""},"categories":[5],"tags":[20,21,24,25,15,19,22,23,17,18,13,30,28,29,14,16,26,27,2409,263,51],"class_list":{"0":"post-58432","1":"post","2":"type-post","3":"status-publish","4":"format-standard","5":"has-post-thumbnail","7":"category-overskrifter","8":"tag-breaking-news","9":"tag-breakingnews","10":"tag-featured-news","11":"tag-featurednews","12":"tag-headlines","13":"tag-hovedoppslag","14":"tag-latest-news","15":"tag-latestnews","16":"tag-main-news","17":"tag-mainnews","18":"tag-news","19":"tag-no","20":"tag-norge","21":"tag-norway","22":"tag-nyheter","23":"tag-overskrifter","24":"tag-top-stories","25":"tag-topstories","26":"tag-troms","27":"tag-tromso","28":"tag-ulykke"},"share_on_mastodon":{"url":"","error":""},"_links":{"self":[{"href":"https:\/\/www.europesays.com\/no\/wp-json\/wp\/v2\/posts\/58432","targetHints":{"allow":["GET"]}}],"collection":[{"href":"https:\/\/www.europesays.com\/no\/wp-json\/wp\/v2\/posts"}],"about":[{"href":"https:\/\/www.europesays.com\/no\/wp-json\/wp\/v2\/types\/post"}],"author":[{"embeddable":true,"href":"https:\/\/www.europesays.com\/no\/wp-json\/wp\/v2\/users\/2"}],"replies":[{"embeddable":true,"href":"https:\/\/www.europesays.com\/no\/wp-json\/wp\/v2\/comments?post=58432"}],"version-history":[{"count":0,"href":"https:\/\/www.europesays.com\/no\/wp-json\/wp\/v2\/posts\/58432\/revisions"}],"wp:featuredmedia":[{"embeddable":true,"href":"https:\/\/www.europesays.com\/no\/wp-json\/wp\/v2\/media\/58433"}],"wp:attachment":[{"href":"https:\/\/www.europesays.com\/no\/wp-json\/wp\/v2\/media?parent=58432"}],"wp:term":[{"taxonomy":"category","embeddable":true,"href":"https:\/\/www.europesays.com\/no\/wp-json\/wp\/v2\/categories?post=58432"},{"taxonomy":"post_tag","embeddable":true,"href":"https:\/\/www.europesays.com\/no\/wp-json\/wp\/v2\/tags?post=58432"}],"curies":[{"name":"wp","href":"https:\/\/api.w.org\/{rel}","templated":true}]}}