{"id":58510,"date":"2025-10-12T08:11:39","date_gmt":"2025-10-12T08:11:39","guid":{"rendered":"https:\/\/www.europesays.com\/no\/58510\/"},"modified":"2025-10-12T08:11:39","modified_gmt":"2025-10-12T08:11:39","slug":"chris-holsten-og-vivild-falk-berg-bekrefter-brudd-som-gode-venner","status":"publish","type":"post","link":"https:\/\/www.europesays.com\/no\/58510\/","title":{"rendered":"Chris Holsten og Vivild Falk Berg bekrefter brudd som gode venner"},"content":{"rendered":"<p class=\"kicker \" style=\"\">Video sirkulerer:<\/p>\n<p>  Stemingen i garderoben var hysterisk etter 5-0-seieren over Israel. Martin \u00d8degaards rolle vekker oppsikt.<\/p>\n<p>\n    RINGSIDE: Martin \u00d8degaard og kona Helene Spilling var p\u00e5 Ullevaal Stadion i g\u00e5r kveld. Foto: John T. Pedersen\n  <\/p>\n<p>ULLEVAAL (Dagbladet): Ute p\u00e5 den gr\u00f8nne Ullevaal-matta i g\u00e5r kveld: Norge feide over Israel og er p\u00e5 vei til fotball-VM.<\/p>\n<p>P\u00e5 tribunen satt landslagets kneskadde kaptein, Martin \u00d8degaard (26), og kona Helene Spilling (29). Den h\u00f8yprofilerte duoen jublet sammen med resten av Norge.<\/p>\n<p>    <a itemprop=\"url\" href=\"https:\/\/www.dagbladet.no\/sport\/raser-skam-dere\/83711831\" rel=\"nofollow noopener\" target=\"_blank\"><\/p>\n<p>      <img loading=\"lazy\" decoding=\"async\" src=\"https:\/\/www.europesays.com\/no\/wp-content\/uploads\/2025\/10\/83711839.webp\" width=\"147\" height=\"98\" title=\"Raser: - Skam dere!\" alt=\"\" class=\"lazyload\" style=\"--aspect-ratio-image: 1.50; \"\/><\/p>\n<p>        Raser: &#8211; Skam dere!<\/p>\n<p>    <\/a><\/p>\n<p>Men \u00d8degaards rolle var ikke helt ubetydelig l\u00f8rdag kveld. Det avsl\u00f8rer Alexander S\u00f8rloth.<\/p>\n<p>&#8211; Han bidro med musikk, sier Atl\u00e9tico Madrid-spissen. Og avsl\u00f8rer at en smule overtro har spredt seg i laget.<\/p>\n<p>          <img loading=\"lazy\" decoding=\"async\" src=\"https:\/\/www.europesays.com\/no\/wp-content\/uploads\/2025\/10\/83712312.webp\" width=\"686\" height=\"419\" title=\"UVANT ROLLE: Martin \u00d8degaard skulle v\u00e6rt ute p\u00e5 banen. Men en kneskade skaper tr\u00f8bbel. Det er usikkert n\u00e5r han er tilbake. Foto: John T. Pedersen\" alt=\"\" class=\"\" style=\"--aspect-ratio-image: 1.64; \"\/><\/p>\n<p>\n          UVANT ROLLE: Martin \u00d8degaard skulle v\u00e6rt ute p\u00e5 banen. Men en kneskade skaper tr\u00f8bbel. Det er usikkert n\u00e5r han er tilbake. Foto: John T. Pedersen\n      <\/p>\n<p>&#8211; Han er DJ (i garderoben). Det var viktig at vi hadde den samme spillelista som vi alltid har, s\u00e5 vi f\u00e5r den gode f\u00f8lelsen. Vi har vunnet mange kamper med den spillelista. Det var ogs\u00e5 noen velvalgte ord. Han er kaptein med stor \u00abk\u00bb. Det er viktig \u00e5 ha ham i garderoben, sier S\u00f8rloth.<\/p>\n<p>Dette var f\u00f8r kampen. Hva med etterp\u00e5?<\/p>\n<p>&#8211; Det var ikke s\u00e5 lett \u00e5 komme til i den garderoben etter kampen. Han var livredd for \u00e5 stikke kneet borti de scenene der, sier trener St\u00e5le Solbakken.<\/p>\n<p>    <a itemprop=\"url\" href=\"https:\/\/www.dagbladet.no\/sport\/ny-bombe\/83703742\" rel=\"nofollow noopener\" target=\"_blank\"><\/p>\n<p>      <img loading=\"lazy\" decoding=\"async\" src=\"https:\/\/www.europesays.com\/no\/wp-content\/uploads\/2025\/10\/83703749.webp\" width=\"147\" height=\"98\" title=\"Ny bombe\" alt=\"\" class=\"lazyload\" style=\"--aspect-ratio-image: 1.50; \"\/><\/p>\n<p>        Ny bombe<\/p>\n<p>    <\/a><\/p>\n<p>Kort fortalt:<\/p>\n<p>Jubelen fra garderoben h\u00f8rtes godt i gemakkene p\u00e5 Ullevaal.\u00a0<\/p>\n<p>En video som sirkulererer p\u00e5 fotballandslagets sosiale medier, viser at Solbakken br\u00f8ler \u00abcome on\u00bb. S\u00e5 danses det vilt i en ring. \u00d8degaard sitter og biv\u00e5ner det hele, men jubler p\u00e5 sin egen m\u00e5te.<\/p>\n<p class=\"italic m-italic\" data-lab-italic=\"italic\">Se under:<\/p>\n<p class=\"italic m-italic\" data-lab-italic=\"italic\">&#8211; Er det blitt hylt h\u00f8yere i garderoben etter en seier?<\/p>\n<p>&#8211; Nei, dette var bra, sier Kristoffer Ajer til Dagbladet.<\/p>\n<p>&#8211; Det var en voldsom forl\u00f8sning. Alt rundt kampen var spesielt.<\/p>\n<p>    <a itemprop=\"url\" href=\"https:\/\/www.dagbladet.no\/sport\/blank-tier\/83709998\" rel=\"nofollow noopener\" target=\"_blank\"><\/p>\n<p>      <img loading=\"lazy\" decoding=\"async\" src=\"https:\/\/www.europesays.com\/no\/wp-content\/uploads\/2025\/10\/1760256695_37_83711437.webp\" width=\"147\" height=\"98\" title=\"Blank tier!\" alt=\"\" class=\"lazyload\" style=\"--aspect-ratio-image: 1.50; \"\/><\/p>\n<p>        Blank tier!<\/p>\n<p>    <\/a><\/p>\n<p>At Norge vinner 5-0 uten \u00d8degaard p\u00e5 banen, er en maktdemonstrasjon. Arsenal-spilleren er ute med et skadet leddb\u00e5nd. Men oppturen med landslaget betyr s\u00e5 mye at han \u00f8nsket \u00e5 v\u00e6re ringside i g\u00e5r.<\/p>\n<p>&#8211; Han var innom tidligere i uka og i forbindelse med kampen, forteller midtstopper Torbj\u00f8rn Heggem til Dagbladet.<\/p>\n<p>&#8211; Jeg snakket med ham. Han var utrolig lei seg for at han ikke fikk v\u00e6re med og bidra. Alle sammen har et m\u00e5l som henger h\u00f8yt.<\/p>\n<p>          <img loading=\"lazy\" decoding=\"async\" src=\"https:\/\/www.europesays.com\/no\/wp-content\/uploads\/2025\/10\/83712320.webp\" width=\"686\" height=\"426\" title=\"BAMSEKLEM: Alexander S\u00f8rloth og Erling Braut Haaland gir hverandre en stor klem. Foto: Bj\u00f8rn Langsem\" alt=\"\" class=\"\" style=\"--aspect-ratio-image: 1.61; \"\/><\/p>\n<p>\n          BAMSEKLEM: Alexander S\u00f8rloth og Erling Braut Haaland gir hverandre en stor klem. Foto: Bj\u00f8rn Langsem\n      <\/p>\n<p>N\u00e5r Dagbladet utfordrer S\u00f8rloth p\u00e5 hva \u00d8degaard har p\u00e5 spillelista, svarer han:<\/p>\n<p>&#8211; Mye forskjellig. Jeg er ikke helt sikker p\u00e5 hvilke sanger det er, men det er mye bra sanger. Den (spillelista) gj\u00f8r oss komfortable f\u00f8r kamp. Vi har vunnet s\u00e5 mange kamper med den spillelista, at det er en s\u00e5nn \u00abfeel good\u00bb.<\/p>\n<p>Tre m\u00e5l av Haaland og to israelske selvm\u00e5l s\u00f8rget for at den norske fotballfesten fortsetter.<\/p>\n<p>Ingenting har kommet ut offisielt om hvor lenge \u00d8degaard m\u00e5 v\u00e6re p\u00e5 sidelinja. Men denne uka sa tidligere landslagslege Lars Engebretsen til Dagbladet:<\/p>\n<p>&#8211; Jeg har ikke informasjon om hva MR viste. Ut fra skadevideoen kan det v\u00e6re en sideligamentskade. Dersom det er en slik skade, risikerer \u00d8degaard \u00e5 v\u00e6re ute i seks til \u00e5tte uker<\/p>\n<p>          <img loading=\"lazy\" decoding=\"async\" src=\"https:\/\/www.europesays.com\/no\/wp-content\/uploads\/2025\/10\/83712325.webp\" width=\"686\" height=\"405\" title=\"M\u00c5TTE UT: Martin \u00d8degaard skadet seg mot West Ham f\u00f8r landslagsuka. Foto: NTB\" alt=\"\" class=\"\" style=\"--aspect-ratio-image: 1.69; \"\/><\/p>\n<p>\n          M\u00c5TTE UT: Martin \u00d8degaard skadet seg mot West Ham f\u00f8r landslagsuka. Foto: NTB\n      <\/p>\n<p>          <img loading=\"lazy\" decoding=\"async\" src=\"https:\/\/www.europesays.com\/no\/wp-content\/uploads\/2025\/10\/83712517.webp\" width=\"686\" height=\"392\" title=\"MAGISK ULLEVAAL-KVELD: Hele familien var p\u00e5 plass da Norge valset over Israel. Foto: Fredrik Varfjell \/ NTB\" alt=\"\" class=\"\" style=\"--aspect-ratio-image: 1.75; \"\/><\/p>\n<p>\n          MAGISK ULLEVAAL-KVELD: Hele familien var p\u00e5 plass da Norge valset over Israel. Foto: Fredrik Varfjell \/ NTB\n      <\/p>\n<p>Den n\u00e5v\u00e6rende landslagslegen, Ola Sand, har uttalt:<\/p>\n<p>&#8211; Kan ikke si noe. Alt ligger hos Arsenal n\u00e5.<\/p>\n<p>Tirsdag venter privatlandskamp mot New Zealand p\u00e5 Ullevaal.\u00a0<\/p>\n<p>Avspark: Klokka 18.00.<\/p>\n","protected":false},"excerpt":{"rendered":"Video sirkulerer: Stemingen i garderoben var hysterisk etter 5-0-seieren over Israel. Martin \u00d8degaards rolle vekker oppsikt. RINGSIDE: Martin&hellip;\n","protected":false},"author":2,"featured_media":58511,"comment_status":"","ping_status":"","sticky":false,"template":"","format":"standard","meta":{"footnotes":""},"categories":[12],"tags":[20,21,8262,24,25,15,479,22,23,13,30,28,29,14,16,26,27,42,8113,43,44,45],"class_list":{"0":"post-58510","1":"post","2":"type-post","3":"status-publish","4":"format-standard","5":"has-post-thumbnail","7":"category-verden","8":"tag-breaking-news","9":"tag-breakingnews","10":"tag-chris-holsten","11":"tag-featured-news","12":"tag-featurednews","13":"tag-headlines","14":"tag-kjendis","15":"tag-latest-news","16":"tag-latestnews","17":"tag-news","18":"tag-no","19":"tag-norge","20":"tag-norway","21":"tag-nyheter","22":"tag-overskrifter","23":"tag-top-stories","24":"tag-topstories","25":"tag-verden","26":"tag-vivild-falk-berg","27":"tag-world","28":"tag-world-news","29":"tag-worldnews"},"share_on_mastodon":{"url":"","error":""},"_links":{"self":[{"href":"https:\/\/www.europesays.com\/no\/wp-json\/wp\/v2\/posts\/58510","targetHints":{"allow":["GET"]}}],"collection":[{"href":"https:\/\/www.europesays.com\/no\/wp-json\/wp\/v2\/posts"}],"about":[{"href":"https:\/\/www.europesays.com\/no\/wp-json\/wp\/v2\/types\/post"}],"author":[{"embeddable":true,"href":"https:\/\/www.europesays.com\/no\/wp-json\/wp\/v2\/users\/2"}],"replies":[{"embeddable":true,"href":"https:\/\/www.europesays.com\/no\/wp-json\/wp\/v2\/comments?post=58510"}],"version-history":[{"count":0,"href":"https:\/\/www.europesays.com\/no\/wp-json\/wp\/v2\/posts\/58510\/revisions"}],"wp:featuredmedia":[{"embeddable":true,"href":"https:\/\/www.europesays.com\/no\/wp-json\/wp\/v2\/media\/58511"}],"wp:attachment":[{"href":"https:\/\/www.europesays.com\/no\/wp-json\/wp\/v2\/media?parent=58510"}],"wp:term":[{"taxonomy":"category","embeddable":true,"href":"https:\/\/www.europesays.com\/no\/wp-json\/wp\/v2\/categories?post=58510"},{"taxonomy":"post_tag","embeddable":true,"href":"https:\/\/www.europesays.com\/no\/wp-json\/wp\/v2\/tags?post=58510"}],"curies":[{"name":"wp","href":"https:\/\/api.w.org\/{rel}","templated":true}]}}