{"id":58512,"date":"2025-10-12T08:14:31","date_gmt":"2025-10-12T08:14:31","guid":{"rendered":"https:\/\/www.europesays.com\/no\/58512\/"},"modified":"2025-10-12T08:14:31","modified_gmt":"2025-10-12T08:14:31","slug":"frank-loke-og-datteren-ada-avslort-med-mikrofoner-pa-halloweenfest-2","status":"publish","type":"post","link":"https:\/\/www.europesays.com\/no\/58512\/","title":{"rendered":"Frank L\u00f8ke og datteren Ada avsl\u00f8rt med mikrofoner p\u00e5 Halloweenfest"},"content":{"rendered":"<p class=\"kicker \" style=\"\">Frank L\u00f8ke:\u00a0<\/p>\n<p>  P\u00e5 Halloweenfest lot Frank L\u00f8ke maska snakke, men en liten detalj fortalte sin egen historie. Selv holder han seg kryptisk.\u00a0<\/p>\n<p>\n    DETALJ: En liten detalj fikk flere til \u00e5 spekulere i hva Frank L\u00f8ke jobber med for tiden. N\u00e5 forteller han at det er mulig at det kommer et nytt prosjekt. Foto: Andreas Fadum \/ Se og H\u00f8r\n  <\/p>\n<p>Torsdag kveld var det duket for Lykos Halloweenfest, der flere kjendiser m\u00f8tte opp i skumle kostymer.\u00a0<\/p>\n<p>Den tidligere h\u00e5ndballspilleren Frank L\u00f8ke (45) hadde p\u00e5 seg en maske som skulle sende en beskjed til alle haterne.<\/p>\n<p>    <a itemprop=\"url\" href=\"https:\/\/www.seher.no\/kjendis\/tar-forholdet-et-steg-videre\/83705809\" rel=\"nofollow noopener\" target=\"_blank\"><\/p>\n<p>      <img loading=\"lazy\" decoding=\"async\" src=\"https:\/\/www.europesays.com\/no\/wp-content\/uploads\/2025\/10\/1760256870_135_83707153.webp\" width=\"980\" height=\"441\" title=\"Tar forholdet et steg videre\" alt=\"\" class=\"lazyload\" style=\"--aspect-ratio-image: 2.22; \"\/><\/p>\n<p>        Tar forholdet et steg videre<\/p>\n<p>    <\/a><\/p>\n<p>&#8211; Fuck you til alle sammen, alle som hater p\u00e5 meg. Ikke hat det i meg som dere savner i dere selv, sa han til Dagbladet for \u00e5 forklare kostymet.<\/p>\n<p>          <img loading=\"lazy\" decoding=\"async\" src=\"https:\/\/www.europesays.com\/no\/wp-content\/uploads\/2025\/10\/1760256870_764_83703010.webp\" width=\"686\" height=\"755\" title=\"MED MIKROFON: B\u00e5de Frank L\u00f8ke og datteren Ada hadde p\u00e5 seg mikrofoner da de dukket opp p\u00e5 Halloweenfest. Det ble ogs\u00e5 observert et kamerateam. Foto: Andreas Fadum \/ Se og H\u00f8r\" alt=\"\" class=\"\" style=\"--aspect-ratio-image: 0.91; \"\/><\/p>\n<p>\n          MED MIKROFON: B\u00e5de Frank L\u00f8ke og datteren Ada hadde p\u00e5 seg mikrofoner da de dukket opp p\u00e5 Halloweenfest. Det ble ogs\u00e5 observert et kamerateam. Foto: Andreas Fadum \/ Se og H\u00f8r\n      <\/p>\n<p>Ved sin side hadde han datteren Ada (19), som kunne r\u00f8pe at hun ikke st\u00f8tter faren i alt han gj\u00f8r, men det aller meste.\u00a0<\/p>\n<p><b>De ekstra observante la merke til en liten detalj hos duoen. B\u00e5de den tidligere h\u00e5ndballspilleren og datteren hadde nemlig p\u00e5 seg mikrofoner under festen. Og det er ikke f\u00f8rste gang.<\/b><\/p>\n<p>L\u00f8ke holder seg ordknapp rundt hvorfor han og datteren hadde mikrofoner rundt halsen torsdag kveld. Da han blir konfrontert av Dagbladet, sier han:<\/p>\n<p>        UNDER MASKA: Frank L\u00f8ke tok med datteren sin p\u00e5 Lykos \u00e5rlige Halloweenfest. Han hadde kledd seg ut for \u00e5 sende et signal til haterne sine.  Video: Nora Skavhaug<\/p>\n<p class=\"font-weight-bold m-font-weight-bold\" data-lab-font_weight=\"font-weight-bold\">&#8211; Jeg kan egentlig ikke si s\u00e5 mye, men det kan hende at det blir mer L\u00f8ke p\u00e5 TV, ja. L\u00f8ke er som en kakkerlakk, de dukker alltid opp igjen etter at du spyler ned.<\/p>\n<p>Han bekrefter ogs\u00e5 at datteren Ada er med p\u00e5 innspillingen.<\/p>\n<p>          <img loading=\"lazy\" decoding=\"async\" src=\"https:\/\/www.europesays.com\/no\/wp-content\/uploads\/2025\/10\/1760256871_773_83708474.webp\" width=\"686\" height=\"776\" title=\"MASK OFF: Frank L\u00f8ke tok av seg maska for \u00e5 ta et bilde med datteren torsdag kveld. Mikrofonene ble imidlertid beholdt p\u00e5. Foto: Andreas Fadum \/ Se og H\u00f8r\" alt=\"\" class=\"\" style=\"--aspect-ratio-image: 0.88; \"\/><\/p>\n<p>\n          MASK OFF: Frank L\u00f8ke tok av seg maska for \u00e5 ta et bilde med datteren torsdag kveld. Mikrofonene ble imidlertid beholdt p\u00e5. Foto: Andreas Fadum \/ Se og H\u00f8r\n      <\/p>\n<p>Torsdag hadde han med seg Ada p\u00e5 r\u00f8d l\u00f8per for f\u00f8rste gang. Hun fortalte til Dagbladet at hun synes det var g\u00f8y \u00e5 v\u00e6re med faren, og r\u00f8pet samtidig at hun hjelper ham med prosjekter.<\/p>\n<p>&#8211; Jeg synes det er g\u00f8y \u00e5 bidra til de plattformene som han synes er g\u00f8y. Det er jo g\u00f8y \u00e5 v\u00e6re med, sa hun om faren.<\/p>\n<p>    <a itemprop=\"url\" href=\"https:\/\/www.seher.no\/kjendis\/det-var-ekstremt-naivt\/83694106\" rel=\"nofollow noopener\" target=\"_blank\"><\/p>\n<p>      <img loading=\"lazy\" decoding=\"async\" src=\"https:\/\/www.europesays.com\/no\/wp-content\/uploads\/2025\/10\/1760256871_635_83694979.webp\" width=\"980\" height=\"441\" title=\"- Det var ekstremt naivt\" alt=\"\" class=\"lazyload\" style=\"--aspect-ratio-image: 2.22; \"\/><\/p>\n<p>        &#8211; Det var ekstremt naivt<\/p>\n<p>    <\/a><\/p>\n<p>L\u00f8ke er ogs\u00e5 forn\u00f8yd med \u00e5 ha med datteren som gjest, og forteller at han storkoser seg i rollen som pappa, ogs\u00e5 p\u00e5 Halloweenfest.<\/p>\n<p>          <img loading=\"lazy\" decoding=\"async\" src=\"https:\/\/www.europesays.com\/no\/wp-content\/uploads\/2025\/10\/83626469.webp\" width=\"686\" height=\"460\" title=\"IKKE LETT: L\u00f8ke sier at han har full forst\u00e5else for at det ikke alltid er lett \u00e5 v\u00e6re datteren hans. Foto: Carina Johansen \/ NTB\" alt=\"\" class=\"\" style=\"--aspect-ratio-image: 1.49; \"\/><\/p>\n<p>\n          IKKE LETT: L\u00f8ke sier at han har full forst\u00e5else for at det ikke alltid er lett \u00e5 v\u00e6re datteren hans. Foto: Carina Johansen \/ NTB\n      <\/p>\n<p>&#8211; Vi hadde det skikkelig g\u00f8y sammen. Hun har blitt en voksen dame, og jeg er utrolig stolt av henne. Hun er ikke noe vrang ten\u00e5ring, sier han og fortsetter:<\/p>\n<p>&#8211; Hun har opplevd mye sammen med meg som far. Hun er veldig reflektert og sosialt smart. Ikke minst det siste \u00e5ret har v\u00e6rt et vendepunkt, der hun har hjulpet meg og vokst mye. Det er ikke gitt at man f\u00e5r et s\u00e5nt forhold til dattera si.<\/p>\n","protected":false},"excerpt":{"rendered":"Frank L\u00f8ke:\u00a0 P\u00e5 Halloweenfest lot Frank L\u00f8ke maska snakke, men en liten detalj fortalte sin egen historie. Selv&hellip;\n","protected":false},"author":2,"featured_media":58513,"comment_status":"","ping_status":"","sticky":false,"template":"","format":"standard","meta":{"footnotes":""},"categories":[59],"tags":[1561,8568,479,2543,8614,30,28,29,83,82],"class_list":{"0":"post-58512","1":"post","2":"type-post","3":"status-publish","4":"format-standard","5":"has-post-thumbnail","7":"category-sport","8":"tag-frank-loke","9":"tag-halloween","10":"tag-kjendis","11":"tag-kjendisdesken","12":"tag-mikrofon","13":"tag-no","14":"tag-norge","15":"tag-norway","16":"tag-sport","17":"tag-sports"},"share_on_mastodon":{"url":"","error":""},"_links":{"self":[{"href":"https:\/\/www.europesays.com\/no\/wp-json\/wp\/v2\/posts\/58512","targetHints":{"allow":["GET"]}}],"collection":[{"href":"https:\/\/www.europesays.com\/no\/wp-json\/wp\/v2\/posts"}],"about":[{"href":"https:\/\/www.europesays.com\/no\/wp-json\/wp\/v2\/types\/post"}],"author":[{"embeddable":true,"href":"https:\/\/www.europesays.com\/no\/wp-json\/wp\/v2\/users\/2"}],"replies":[{"embeddable":true,"href":"https:\/\/www.europesays.com\/no\/wp-json\/wp\/v2\/comments?post=58512"}],"version-history":[{"count":0,"href":"https:\/\/www.europesays.com\/no\/wp-json\/wp\/v2\/posts\/58512\/revisions"}],"wp:featuredmedia":[{"embeddable":true,"href":"https:\/\/www.europesays.com\/no\/wp-json\/wp\/v2\/media\/58513"}],"wp:attachment":[{"href":"https:\/\/www.europesays.com\/no\/wp-json\/wp\/v2\/media?parent=58512"}],"wp:term":[{"taxonomy":"category","embeddable":true,"href":"https:\/\/www.europesays.com\/no\/wp-json\/wp\/v2\/categories?post=58512"},{"taxonomy":"post_tag","embeddable":true,"href":"https:\/\/www.europesays.com\/no\/wp-json\/wp\/v2\/tags?post=58512"}],"curies":[{"name":"wp","href":"https:\/\/api.w.org\/{rel}","templated":true}]}}