{"id":58530,"date":"2025-10-12T08:34:11","date_gmt":"2025-10-12T08:34:11","guid":{"rendered":"https:\/\/www.europesays.com\/no\/58530\/"},"modified":"2025-10-12T08:34:11","modified_gmt":"2025-10-12T08:34:11","slug":"troms-nyhet-fem-omkom-i-trafikkulykke-i-troms","status":"publish","type":"post","link":"https:\/\/www.europesays.com\/no\/58530\/","title":{"rendered":"Troms, Nyhet | Fem omkom i trafikkulykke i Troms"},"content":{"rendered":"\n<p>(<a href=\"https:\/\/www.nordlys.no\/rykkker-ut-til-trafikkulykke-pa-e8\/s\/5-34-2230660\" rel=\"Follow nofollow noopener\" target=\"_blank\">Nordlys:<\/a>) Fem personer er bekreftet omkommet etter en frontkollisjon p\u00e5 E8 natt til s\u00f8ndag.<\/p>\n<p>Det var to biler involvert i ulykken, med tre personer i hver bil. Den overlevende ble sendt til UNN med ambulanse. Skadeomfang er ukjent, melder Troms politidistrikt klokken 04.40.<\/p>\n<p>AMK ble varslet om ulykken klokken 23.44 l\u00f8rdag.<\/p>\n<p>Alle de involverte var hjemmeh\u00f8rende i Troms\u00f8, opplyser Troms politidistrikt.<\/p>\n<p>De p\u00e5r\u00f8rende er varslet i l\u00f8pet av natten.<\/p>\n<p>Ulykken er den mest alvorlige som har skjedd p\u00e5 veien, sammen med den store ulykken i 2011 som ogs\u00e5 krevde fem menneskeliv.<\/p>\n<p>Veien stengt<\/p>\n<p>Ulykken skjedde p\u00e5 Hundbergklubben, mellom Hundbergan og Ramfjord.<\/p>\n<p>E8 ble like etter ulykken stengt i begge kj\u00f8reretninger.<\/p>\n<p>Vitner p\u00e5 stedet forteller ved midnatt at E6 ble stengt av ved krysset mot Olavsvern.<\/p>\n<p>\u2013 Vi kom fra Troms\u00f8 og fikk ikke kj\u00f8re videre. Veien er stengt av n\u00e5, forteller en bilist til Nordlys klokken 00.10.<\/p>\n<p>Veitrafikksentralen bekreftet like etter til Nordlys at de har f\u00e5tt melding om at det dreier seg om en alvorlig ulykke mellom to personbiler.<\/p>\n<p>    Vil du se neste video?<\/p>\n<p>    <a href=\"https:\/\/www.ifinnmark.no\/nar-jeg-kommer-hit-sa-blir-jeg-javlig-glad\/v\/5-81-2321786\" class=\"recommend-poster\" data-adp-clicklabel=\"video-recommend\" data-adp-clickvalue=\"poster\" rel=\"nofollow noopener\" target=\"_blank\"><br \/>\n      <img decoding=\"async\" width=\"200\" height=\"200\" loading=\"lazy\" src=\"https:\/\/www.europesays.com\/no\/wp-content\/uploads\/2025\/10\/v-i-c98acca0-1866-4e25-8ecf-ca36a81bc48e-1.jpg\" alt=\"\" class=\"brick-c-cFOWSL\" style=\"--brick-image-ratio: 200 \/ 200;\"\/><\/p>\n<p>\u2013 N\u00e5r jeg kommer hit s\u00e5 blir jeg j\u00e6vlig glad0:43<\/p>\n<p>    <\/a><\/p>\n<p>Stor utrykning<\/p>\n<p>Reporter Are Medby var p\u00e5 stedet klokken 00.45.<\/p>\n<p>\u2013 Det er en sv\u00e6rt stor utrykning.<\/p>\n<p>Klokken 01.00 bekrefter Troms politidistrikt at to biler er involvert i det som fremsto som en sv\u00e6rt alvorlig ulykke.<\/p>\n<p>Operasjonsleder Rune Nilsen sa i natt til Nordlys at det forel\u00f8pig var for tidlig \u00e5 si hva som har skjedd. Ulykken karakteriseres som en m\u00f8teulykke.<\/p>\n<p>Det er 80-sone p\u00e5 stedet.<\/p>\n<p>\u2013 Sv\u00e6rt store skader<\/p>\n<p>Klokken 02.15 var Nordlys inne p\u00e5 ulykkesstedet. Reporter Are Medby sier det er en voldsom ulykke.<\/p>\n<p>\u2013 Det er sv\u00e6rt store materielle skader p\u00e5 begge bilene.<\/p>\n<p>De to bilene ligger begge i gr\u00f8fta.<\/p>\n<p>\u2013 Det er vrakdeler over en lang strekning.<\/p>\n<p>De omkomne ble da tatt med til Troms\u00f8.<\/p>\n<p>   <img decoding=\"async\" width=\"4032\" height=\"3024\" fetchpriority=\"low\"  loading=\"lazy\"  src=\"https:\/\/www.europesays.com\/no\/wp-content\/uploads\/2025\/10\/mosaikk.jpg\" alt=\"\" class=\"brick-c-cFOWSL\" style=\"--brick-image-ratio: 4032 \/ 3024;\"\/><\/p>\n<p>    UTENFOR VEIEN: Begge bilene havnet utenfor veien etter ulykken. Her unders\u00f8ker politiet ulykkesstedet.<br \/>\n    Foto: Are Medby\n  <\/p>\n<p>Klokken 02.30 var opprydding p\u00e5 stedet i gang, og bergingsbiler bestilt.<\/p>\n<p>Trafikken ble dirigert forbi stedet fra klokken 01.45. Det var ved 04.30-tiden en periode hvor E8 igjen ble stengt da bilene ble fjernet.<\/p>\n<p>Klokken 05.15 er veien \u00e5pnet for ferdsel.<\/p>\n","protected":false},"excerpt":{"rendered":"(Nordlys:) Fem personer er bekreftet omkommet etter en frontkollisjon p\u00e5 E8 natt til s\u00f8ndag. Det var to biler&hellip;\n","protected":false},"author":2,"featured_media":58531,"comment_status":"","ping_status":"","sticky":false,"template":"","format":"standard","meta":{"footnotes":""},"categories":[5],"tags":[36,20,21,24,25,15,19,22,23,17,18,13,30,28,29,447,14,16,1510,26,27,2409,51],"class_list":{"0":"post-58530","1":"post","2":"type-post","3":"status-publish","4":"format-standard","5":"has-post-thumbnail","7":"category-overskrifter","8":"tag-art","9":"tag-breaking-news","10":"tag-breakingnews","11":"tag-featured-news","12":"tag-featurednews","13":"tag-headlines","14":"tag-hovedoppslag","15":"tag-latest-news","16":"tag-latestnews","17":"tag-main-news","18":"tag-mainnews","19":"tag-news","20":"tag-no","21":"tag-norge","22":"tag-norway","23":"tag-nyhet","24":"tag-nyheter","25":"tag-overskrifter","26":"tag-story","27":"tag-top-stories","28":"tag-topstories","29":"tag-troms","30":"tag-ulykke"},"share_on_mastodon":{"url":"","error":""},"_links":{"self":[{"href":"https:\/\/www.europesays.com\/no\/wp-json\/wp\/v2\/posts\/58530","targetHints":{"allow":["GET"]}}],"collection":[{"href":"https:\/\/www.europesays.com\/no\/wp-json\/wp\/v2\/posts"}],"about":[{"href":"https:\/\/www.europesays.com\/no\/wp-json\/wp\/v2\/types\/post"}],"author":[{"embeddable":true,"href":"https:\/\/www.europesays.com\/no\/wp-json\/wp\/v2\/users\/2"}],"replies":[{"embeddable":true,"href":"https:\/\/www.europesays.com\/no\/wp-json\/wp\/v2\/comments?post=58530"}],"version-history":[{"count":0,"href":"https:\/\/www.europesays.com\/no\/wp-json\/wp\/v2\/posts\/58530\/revisions"}],"wp:featuredmedia":[{"embeddable":true,"href":"https:\/\/www.europesays.com\/no\/wp-json\/wp\/v2\/media\/58531"}],"wp:attachment":[{"href":"https:\/\/www.europesays.com\/no\/wp-json\/wp\/v2\/media?parent=58530"}],"wp:term":[{"taxonomy":"category","embeddable":true,"href":"https:\/\/www.europesays.com\/no\/wp-json\/wp\/v2\/categories?post=58530"},{"taxonomy":"post_tag","embeddable":true,"href":"https:\/\/www.europesays.com\/no\/wp-json\/wp\/v2\/tags?post=58530"}],"curies":[{"name":"wp","href":"https:\/\/api.w.org\/{rel}","templated":true}]}}