{"id":58553,"date":"2025-10-12T09:08:15","date_gmt":"2025-10-12T09:08:15","guid":{"rendered":"https:\/\/www.europesays.com\/no\/58553\/"},"modified":"2025-10-12T09:08:15","modified_gmt":"2025-10-12T09:08:15","slug":"politi-krim-tatt-for-parfymetyveri-pa-sartor-da-politiet-sjekket-bilen-fant-de-mer","status":"publish","type":"post","link":"https:\/\/www.europesays.com\/no\/58553\/","title":{"rendered":"Politi, Krim | Tatt for parfymetyveri p\u00e5 Sartor \u2014 da politiet sjekket bilen, fant de mer"},"content":{"rendered":"\n<p>Klokken 1555 l\u00f8rdag ettermiddag fikk politiet melding om at <a href=\"https:\/\/www.ba.no\/ba-direkte\/s\/5-8-1245793?p=lc-10331066-7073-bergensavisen\" rel=\"Follow nofollow noopener\" target=\"_blank\">en butikk p\u00e5 Sartor senter hadde blitt frastj\u00e5let parfyme<\/a>. Da politiet klokken 2138 l\u00f8rdag kveld meldte om dette, kunne operasjonsleder Dan Erik Johannessen opplyse om at politiet etter utrykning og etterforskning hadde p\u00e5grepet en mann i midten av 40-\u00e5rene.<\/p>\n<p>\u2013 Han ble stoppet av en vekter p\u00e5 senteret, og s\u00e5 ringte senteret til politiet, sier Valland.<\/p>\n<p>Etter det BA f\u00e5r opplyst, fikk mannen med seg parfyme til rundt 8000 kroner.<\/p>\n<p>   <img decoding=\"async\" width=\"490\" height=\"365\" fetchpriority=\"low\"  loading=\"lazy\"  src=\"https:\/\/www.europesays.com\/no\/wp-content\/uploads\/2025\/10\/image002.png\" alt=\"\" class=\"brick-c-cFOWSL\" style=\"--brick-image-ratio: 490 \/ 365;\"\/><\/p>\n<p>    Foto: Politiet\n  <\/p>\n<p>S\u00f8ndag morgen sier politiadvokat Per \u00d8yvind Valland til BA at politiet gjorde et funn da de ransaket bilen til den p\u00e5grepne mannen.<\/p>\n<p>\u2013 Det ble ransaket i bilen han disponerte, og der ble det funnet en del barberblader som var meldt stj\u00e5let fra senteret i Knarvik. Verdien ble vel ansl\u00e5tt til oppunder 4000 kroner, sier politiadvokaten.<\/p>\n<p>   <img decoding=\"async\" width=\"441\" height=\"583\" fetchpriority=\"low\"  loading=\"lazy\"  src=\"https:\/\/www.europesays.com\/no\/wp-content\/uploads\/2025\/10\/image001.png\" alt=\"\" class=\"brick-c-cFOWSL\" style=\"--brick-image-ratio: 441 \/ 583;\"\/><\/p>\n<p>    Foto: Politiet\n  <\/p>\n<p>Dette tyveriet ble if\u00f8lge Valland utf\u00f8rt mandag 6. oktober, og ble meldt til politiet fra senteret.<\/p>\n<p>som forteller at mannen har erkjent tyveriene.<\/p>\n<p>\u2013 Han fikk et forelegg for disse, og har vedtatt forelegget, sier han til BA s\u00f8ndag morgen.<\/p>\n<p><b>If\u00f8lge Valland sitter personen s\u00f8ndag morgen i arresten i p\u00e5vente av utlendingsmyndighetenes vedtak om eventuell utvisning fra landet.<\/b><\/p>\n","protected":false},"excerpt":{"rendered":"Klokken 1555 l\u00f8rdag ettermiddag fikk politiet melding om at en butikk p\u00e5 Sartor senter hadde blitt frastj\u00e5let parfyme.&hellip;\n","protected":false},"author":2,"featured_media":58554,"comment_status":"","ping_status":"","sticky":false,"template":"","format":"standard","meta":{"footnotes":""},"categories":[10],"tags":[36,20,21,24,25,15,3275,983,22,23,13,30,28,29,14,16,254,8674,1510,26,27],"class_list":{"0":"post-58553","1":"post","2":"type-post","3":"status-publish","4":"format-standard","5":"has-post-thumbnail","7":"category-norge","8":"tag-art","9":"tag-breaking-news","10":"tag-breakingnews","11":"tag-featured-news","12":"tag-featurednews","13":"tag-headlines","14":"tag-knarvik","15":"tag-krim","16":"tag-latest-news","17":"tag-latestnews","18":"tag-news","19":"tag-no","20":"tag-norge","21":"tag-norway","22":"tag-nyheter","23":"tag-overskrifter","24":"tag-politi","25":"tag-sartor","26":"tag-story","27":"tag-top-stories","28":"tag-topstories"},"share_on_mastodon":{"url":"","error":""},"_links":{"self":[{"href":"https:\/\/www.europesays.com\/no\/wp-json\/wp\/v2\/posts\/58553","targetHints":{"allow":["GET"]}}],"collection":[{"href":"https:\/\/www.europesays.com\/no\/wp-json\/wp\/v2\/posts"}],"about":[{"href":"https:\/\/www.europesays.com\/no\/wp-json\/wp\/v2\/types\/post"}],"author":[{"embeddable":true,"href":"https:\/\/www.europesays.com\/no\/wp-json\/wp\/v2\/users\/2"}],"replies":[{"embeddable":true,"href":"https:\/\/www.europesays.com\/no\/wp-json\/wp\/v2\/comments?post=58553"}],"version-history":[{"count":0,"href":"https:\/\/www.europesays.com\/no\/wp-json\/wp\/v2\/posts\/58553\/revisions"}],"wp:featuredmedia":[{"embeddable":true,"href":"https:\/\/www.europesays.com\/no\/wp-json\/wp\/v2\/media\/58554"}],"wp:attachment":[{"href":"https:\/\/www.europesays.com\/no\/wp-json\/wp\/v2\/media?parent=58553"}],"wp:term":[{"taxonomy":"category","embeddable":true,"href":"https:\/\/www.europesays.com\/no\/wp-json\/wp\/v2\/categories?post=58553"},{"taxonomy":"post_tag","embeddable":true,"href":"https:\/\/www.europesays.com\/no\/wp-json\/wp\/v2\/tags?post=58553"}],"curies":[{"name":"wp","href":"https:\/\/api.w.org\/{rel}","templated":true}]}}