{"id":58559,"date":"2025-10-12T09:15:19","date_gmt":"2025-10-12T09:15:19","guid":{"rendered":"https:\/\/www.europesays.com\/no\/58559\/"},"modified":"2025-10-12T09:15:19","modified_gmt":"2025-10-12T09:15:19","slug":"debatt-helse-nord-helse-nord-febersyk-pasient-med-bortreist-kommunikasjonsdirektor","status":"publish","type":"post","link":"https:\/\/www.europesays.com\/no\/58559\/","title":{"rendered":"Debatt, Helse Nord | Helse Nord: Febersyk pasient med \u00abbortreist\u00bb kommunikasjonsdirekt\u00f8r"},"content":{"rendered":"\n<p>(Denne kommentaren ble publisert i <a href=\"https:\/\/www.kampanje.com\" rel=\"Follow nofollow noopener\" target=\"_blank\">Kampanje <\/a>fredag)<\/p>\n<p>\u2013 Hva forteller g\u00e5rdagens Debatten p\u00e5 NRK1 om kommunikasjonsfaget i Norge? var det en som spurte meg i dag.<\/p>\n<p>\u2013 Det forteller det \u00e5penbare, svarte jeg \u2013 at det er med kommunikasjonsfaget som med alle andre handverk, at niv\u00e5et p\u00e5 kunnskap, kompetanse og ikke minst strategisk forst\u00e5else og handlekraft, varierer, ja ofte og mye. Evner du ikke \u00e5 hamre inn en spiker, vel, da st\u00e5r du der!<\/p>\n<p>Debatten p\u00e5 NRK i g\u00e5r bekrefter det vi tidvis f\u00e5r demonstrert i offentligheten; at virksomheter har en vei \u00e5 g\u00e5 i sin kommunikasjon med omverden. S\u00e6rlig n\u00e5r kriser melder seg. At det vi s\u00e5 i g\u00e5r, handlet om en s\u00e5pass stor offentlig virksomhet som Helse Nord, er naturlig nok alvorlig, fordi dette handler om sykehustilbudet til mennesker i hele Nord-Norge samt Svalbard.<\/p>\n<p>Debatten eksponerte solid l\u00f8nnede toppledere, administrerende direkt\u00f8r Marit Lind og styreleder Renate Larsen i Helse Nord, som mer og mindre hjelpel\u00f8se pasienter vis-\u00e0-vis Fredrik Solvang, som fors\u00f8kte \u00e5 stille en diagnose, med sp\u00f8rsm\u00e5l igjen og igjen, uten \u00e5 f\u00e5 fornuftige svar. Det ble en forestilling i feberpreget ledelse.<\/p>\n<p>Helse Nord hadde ved utgangen av august et underskudd p\u00e5 330 millioner kroner, if\u00f8lge NRK, og m\u00e5 legge ned avdelinger og stramme inn, til massiv og h\u00f8ylytt kritikk i nord. Likevel vedtas og innf\u00f8res direkt\u00f8rl\u00f8nninger og ikke minst l\u00f8nns\u00f8kninger p\u00e5 et niv\u00e5 som provoserer omverden.<\/p>\n<p>N\u00e5r du i denne situasjonen \u00f8ker l\u00f8nnsniv\u00e5et til b\u00e5de toppleder og ny kommunikasjonsdirekt\u00f8r, sistnevnte til 1,85 millioner \u2013 for en etterf\u00f8lger Marit Lind mener er 230.000 kroner flinkere enn Skjalg Fjellheim som var den forrige, b\u00f8r du i alle fall ha vett og forstand til \u00e5 m\u00f8te kritikken du selvf\u00f8lgelig vet vil komme.<\/p>\n<p>I stedet har administrerende direkt\u00f8r Marit Lind og hennes styreleder utvist b\u00e5de arroganse og frav\u00e6r fra p\u00e5g\u00e5ende medier. Hvorfor l\u00e6rer aldri ledere? Hvorfor er de ikke mer lydh\u00f8re? Eksemplene er mange oppigjennom, fra ledere som trodde de kunne styre enten mediene, virkeligheten eller aller helst begge deler.<\/p>\n<p>Virksomheter og toppledere kommer stort sett aldri helskinnet igjennom slike prosesser, n\u00e5r de maler seg selv inn i hj\u00f8rner som dette. Helse Nord-lederne ville ikke svare verken Avisa Nordland i Bod\u00f8 eller NRK Nordland, og ble n\u00e6rmest tvunget til deltakelse i Debatten p\u00e5 NRK1 torsdag kveld.<\/p>\n<p>Hvis \u00absv\u00e6rt god kommunikasjons- og samfunnskompetanse er sv\u00e6rt viktig for Helse Nord\u00bb, som administrerende direkt\u00f8r Marit Lind siteres p\u00e5 i Aftenposten, n\u00e5r hun fors\u00f8ker \u00e5 forklare bakgrunnen for ansettelsen av ny kommunikasjonsdirekt\u00f8r bosatt i Oslo, hvorfor i all verden gav hun og hennes styreleder nasjonen denne pinlige oppvisningen i NRKs Debatten? Og hvor var den nye kommunikasjonsdirekt\u00f8ren?<\/p>\n<p>Selvf\u00f8lgelig finnes det flinke kommunikasjons-handverkere som jobber og bor i Nord-Norge i 2025, som i alle andre landsdeler. Men, n\u00e5r Helse Nords administrerende direkt\u00f8r ganske s\u00e5 usminket disser hele landsdelen for mangel p\u00e5 dyktige kommunikat\u00f8rer som forsvar for at hun m\u00e5tte til Oslo for \u00e5 hente ny kommunikasjonsdirekt\u00f8r til 1,85 millioner i l\u00f8nn, for s\u00e5 \u00e5 demonstrere Helse Nords kommunikasjonsniv\u00e5 og evner i NRKs Debatten, ja da f\u00e5r vi bare si som min fastlege alltid sier:<\/p>\n<p>God bedring da!<\/p>\n","protected":false},"excerpt":{"rendered":"(Denne kommentaren ble publisert i Kampanje fredag) \u2013 Hva forteller g\u00e5rdagens Debatten p\u00e5 NRK1 om kommunikasjonsfaget i Norge?&hellip;\n","protected":false},"author":2,"featured_media":58560,"comment_status":"","ping_status":"","sticky":false,"template":"","format":"standard","meta":{"footnotes":""},"categories":[10],"tags":[36,20,21,37,24,25,15,8164,8179,22,23,13,30,28,29,14,1533,16,26,27],"class_list":{"0":"post-58559","1":"post","2":"type-post","3":"status-publish","4":"format-standard","5":"has-post-thumbnail","7":"category-norge","8":"tag-art","9":"tag-breaking-news","10":"tag-breakingnews","11":"tag-debatt","12":"tag-featured-news","13":"tag-featurednews","14":"tag-headlines","15":"tag-helse-nord","16":"tag-kommunikasjon","17":"tag-latest-news","18":"tag-latestnews","19":"tag-news","20":"tag-no","21":"tag-norge","22":"tag-norway","23":"tag-nyheter","24":"tag-opinion","25":"tag-overskrifter","26":"tag-top-stories","27":"tag-topstories"},"share_on_mastodon":{"url":"","error":""},"_links":{"self":[{"href":"https:\/\/www.europesays.com\/no\/wp-json\/wp\/v2\/posts\/58559","targetHints":{"allow":["GET"]}}],"collection":[{"href":"https:\/\/www.europesays.com\/no\/wp-json\/wp\/v2\/posts"}],"about":[{"href":"https:\/\/www.europesays.com\/no\/wp-json\/wp\/v2\/types\/post"}],"author":[{"embeddable":true,"href":"https:\/\/www.europesays.com\/no\/wp-json\/wp\/v2\/users\/2"}],"replies":[{"embeddable":true,"href":"https:\/\/www.europesays.com\/no\/wp-json\/wp\/v2\/comments?post=58559"}],"version-history":[{"count":0,"href":"https:\/\/www.europesays.com\/no\/wp-json\/wp\/v2\/posts\/58559\/revisions"}],"wp:featuredmedia":[{"embeddable":true,"href":"https:\/\/www.europesays.com\/no\/wp-json\/wp\/v2\/media\/58560"}],"wp:attachment":[{"href":"https:\/\/www.europesays.com\/no\/wp-json\/wp\/v2\/media?parent=58559"}],"wp:term":[{"taxonomy":"category","embeddable":true,"href":"https:\/\/www.europesays.com\/no\/wp-json\/wp\/v2\/categories?post=58559"},{"taxonomy":"post_tag","embeddable":true,"href":"https:\/\/www.europesays.com\/no\/wp-json\/wp\/v2\/tags?post=58559"}],"curies":[{"name":"wp","href":"https:\/\/api.w.org\/{rel}","templated":true}]}}