{"id":58594,"date":"2025-10-12T10:06:12","date_gmt":"2025-10-12T10:06:12","guid":{"rendered":"https:\/\/www.europesays.com\/no\/58594\/"},"modified":"2025-10-12T10:06:12","modified_gmt":"2025-10-12T10:06:12","slug":"far-eksperthjelp-i-jakten-pa-nobel-lekkasjen","status":"publish","type":"post","link":"https:\/\/www.europesays.com\/no\/58594\/","title":{"rendered":"F\u00e5r eksperthjelp i jakten p\u00e5 Nobel-lekkasjen"},"content":{"rendered":"<p>  Nobelinstituttet legger til grunn at informasjon om fredsprisvinneren har kommet p\u00e5 avveie. N\u00e5 f\u00e5r de eksperthjelp fra internasjonale granskingsmilj\u00f8er.<\/p>\n<p>\n    BR\u00c5K: Nobelkomiteens leder, J\u00f8rgen Watne Frydnes, kunngjorde fredag at det var Venezuelas opposisjonsleder Mar\u00eda Corina Machado som f\u00e5r Nobels fredspris for 2025. S\u00e5 ble det br\u00e5k. Foto: Rodrigo Freitas \/ NTB\n  <\/p>\n<p>Fredag klokka 11 kunngjorde leder i Nobelkomiteen, J\u00f8rgen Watne Frydnes, at nobelprisen for 2025 g\u00e5r til Mar\u00eda Corina Machado.\u00a0<\/p>\n<p>Flere timer forut for dette, natt til fredag, ble det satset store pengesummer p\u00e5 at nettopp Machado skulle vinne fredsprisen.\u00a0<\/p>\n<p>Nobelinstituttet legger n\u00e5 til grunn at informasjon om tildelingen har kommet p\u00e5 avveie, sier Direkt\u00f8r Kristian Berg Harpviken til Dagbladet.\u00a0\u00a0<\/p>\n<p>&#8211; Vi tar det for gitt at noen har f\u00e5tt tak i informasjon. Det er \u00e5penbart n\u00e5r man ser disse handlene, som det er riktig \u00e5 kalle det, at de som har plassert penger har f\u00f8lt seg helt sikre p\u00e5 at Mar\u00eda Corina Machado ville vinne fredsprisen.\u00a0<\/p>\n<p>        SVARER: Under en pressekonferanse svarer Trump p\u00e5 utdelingen av \u00e5rets fredspris. Video: Reuters. Reporter: Trond Markus Gravdal<\/p>\n<p>&#8211; Vi kan dr\u00f8mme om at dette var en tilfeldighet, men sannsynligheten for det er veldig liten. Vi tar utgangspunkt i at noen har f\u00e5tt tak i informasjon, sier Harpviken.\u00a0<\/p>\n<p>F\u00e5r ekstern hjelp\t<\/p>\n<p>Nobelinstituttet har satt i gang arbeidet med \u00e5 fors\u00f8ke \u00e5 kartlegge hva som har skjedd. Hovedteorien er at de er utsatt for en form for cyber-spionasje.\u00a0<\/p>\n<p>&#8211; Vi har begynt arbeidet med \u00e5 unders\u00f8ke dette. Vi har ikke noe tungt IT-milj\u00f8 hos Nobelinstituttet, s\u00e5 vi har allerede satt i gang flere eksterne milj\u00f8er for \u00e5 hjelpe oss med dette, sier Harpviken.\u00a0<\/p>\n<p>          <img loading=\"lazy\" decoding=\"async\" src=\"https:\/\/www.europesays.com\/no\/wp-content\/uploads\/2025\/10\/83712725.webp\" width=\"980\" height=\"559\" title=\"MISTENKER CYBER-SPIONASJE: Direkt\u00f8r ved Nobelinstituttet og sekret\u00e6r for Nobelkomiteen, Kristian Berg Harpviken Foto: REUTERS\/Tom Little\/File Photo\" alt=\"\" class=\"\" style=\"--aspect-ratio-image: 1.75; \"\/><\/p>\n<p>\n          MISTENKER CYBER-SPIONASJE: Direkt\u00f8r ved Nobelinstituttet og sekret\u00e6r for Nobelkomiteen, Kristian Berg Harpviken Foto: REUTERS\/Tom Little\/File Photo\n      <\/p>\n<p class=\"font-weight-bold m-font-weight-bold\" data-lab-font_weight=\"font-weight-bold\">Han vil ikke r\u00f8pe hvem som har f\u00e5tt i oppdrag \u00e5 hjelpe Nobelinstituttet.<\/p>\n<p>&#8211; Det vil vi ikke oppgi, men det dreier seg om flere internasjonalt ledende milj\u00f8er som ser p\u00e5 forskjellige typer mulig svikt. Avlytting, dokumentsikkerhet, it-sikkerhet. Det er flere spor \u00e5 f\u00f8lge, sier Harpviken.\u00a0\u00a0<\/p>\n<p>    <a itemprop=\"url\" href=\"https:\/\/www.dagbladet.no\/meninger\/burde-vaere-fornoyd\/83706320\" rel=\"nofollow noopener\" target=\"_blank\"><\/p>\n<p>      <img loading=\"lazy\" decoding=\"async\" src=\"https:\/\/www.europesays.com\/no\/wp-content\/uploads\/2025\/10\/83707849.webp\" width=\"980\" height=\"441\" title=\"Burde v\u00e6re forn\u00f8yd\" alt=\"\" class=\"lazyload\" style=\"--aspect-ratio-image: 2.22; \"\/><\/p>\n<p>        Burde v\u00e6re forn\u00f8yd<\/p>\n<p>    <\/a><\/p>\n<p class=\"font-weight-bold m-font-weight-bold\" data-lab-font_weight=\"font-weight-bold\">Saken er s\u00e5 langt ikke politianmeldt.\u00a0<\/p>\n<p>&#8211; Vi har ikke noe som er konkret nok til \u00e5 anmelde p\u00e5 det n\u00e5v\u00e6rende tidspunkt. Det eneste vi vet med sikkerhet er at noen har skaffet seg informasjon som de har brukt til \u00f8konomisk vinning.\u00a0<\/p>\n<p>&#8211; Men vi kan ikke v\u00e6re sikre p\u00e5 at \u00f8konomi er det egentlige motivet, det kan ogs\u00e5 v\u00e6re et ledd i noe som er politisk motivert, sier Harpviken.\u00a0<\/p>\n<p>Attraktivt m\u00e5l\t<\/p>\n<p>En av de som har vunnet store penger p\u00e5 tildelingen, er en mystisk, nyopprettet bruker p\u00e5 bettingsiden Polymarket, med brukernavnet \u00ab6741\u00bb. Investeringsdirekt\u00f8r i Nordea, Robert N\u00e6ss,\u00a0<a href=\"https:\/\/www.dn.no\/utenriks\/nobels-fredspris\/tror-personen-bak-nobel-traden-var-proff\/2-1-1884442\" rel=\"nofollow noopener\" target=\"_blank\">har overfor DN omtalt denne brukerens bettingsm\u00f8nster forut for tildelingen som \u00abproff\u00bb\u00a0<\/a><\/p>\n<p>    <a itemprop=\"url\" href=\"https:\/\/www.dagbladet.no\/nyheter\/til-aere-for-deg\/83709451\" rel=\"nofollow noopener\" target=\"_blank\"><\/p>\n<p>      <img loading=\"lazy\" decoding=\"async\" src=\"https:\/\/www.europesays.com\/no\/wp-content\/uploads\/2025\/10\/83709456.webp\" width=\"980\" height=\"441\" title=\"\u00abTil \u00e6re for deg\u00bb\" alt=\"\" class=\"lazyload\" style=\"--aspect-ratio-image: 2.22; \"\/><\/p>\n<p>        \u00abTil \u00e6re for deg\u00bb<\/p>\n<p>    <\/a><\/p>\n<p>N\u00e5r Harpviken s\u00e5 tydelig sier at \u00abspionasje\u00bb er en sannsynlig forklaring, handler det om tidligere erfaringer. Nobelinstituttet har de siste \u00e5rene v\u00e6rt utsatt for en rekke dataangrep, fors\u00f8k p\u00e5 datainnbrudd og p\u00e5virkningskampanjer.\u00a0<\/p>\n<p>&#8211; N\u00e5r jeg velger \u00e5 bruke ordet \u00abspionasje\u00bb framfor \u00ablekkasje\u00bb, er det fordi ordet \u00ablekkasje\u00bb indikerer at noen hos oss bevisst har lekket dette. Det er en beklagelig kjensgjerning at vi er et attraktivt m\u00e5l for spionasje, mange \u00f8nsker \u00e5 vite hvem vi vurderer og hvem som velges, delvis av politiske og delvis av \u00f8konomiske grunner, sier Harpviken.\u00a0\u00a0<\/p>\n<p>Han sier at han ikke kan utelukke at noen internt eller i det nettverket av folk Nobelkomiteen konsulterer kan ha gitt slipp p\u00e5 informasjon.\u00a0<\/p>\n<p>&#8211; Men at dette handler om en form for cyberspionasje er en sannsynlig forklaring, sier han.\u00a0<\/p>\n<p>    <a itemprop=\"url\" href=\"https:\/\/www.dagbladet.no\/meninger\/spekuleres-hoylytt-ute-i-verden\/83706421\" rel=\"nofollow noopener\" target=\"_blank\"><\/p>\n<p>      <img loading=\"lazy\" decoding=\"async\" src=\"https:\/\/www.europesays.com\/no\/wp-content\/uploads\/2025\/10\/83673745.webp\" width=\"980\" height=\"441\" title=\"Spekuleres h\u00f8ylytt ute i verden\" alt=\"\" class=\"lazyload\" style=\"--aspect-ratio-image: 2.22; \"\/><\/p>\n<p>        Spekuleres h\u00f8ylytt ute i verden<\/p>\n<p>    <\/a><\/p>\n<p class=\"font-weight-bold m-font-weight-bold\" data-lab-font_weight=\"font-weight-bold\">Ingen av Nobelkomiteens m\u00f8ter er digitale.\u00a0<\/p>\n<p>&#8211; Nei, komiteen har kun fysiske m\u00f8ter, sier Harpviken.\u00a0<\/p>\n<p>\u00a0<\/p>\n","protected":false},"excerpt":{"rendered":"Nobelinstituttet legger til grunn at informasjon om fredsprisvinneren har kommet p\u00e5 avveie. N\u00e5 f\u00e5r de eksperthjelp fra internasjonale&hellip;\n","protected":false},"author":2,"featured_media":58595,"comment_status":"","ping_status":"","sticky":false,"template":"","format":"standard","meta":{"footnotes":""},"categories":[5],"tags":[20,21,6314,3146,24,25,15,19,2539,22,23,17,18,13,30,8679,8678,8649,28,29,14,16,8680,26,27],"class_list":{"0":"post-58594","1":"post","2":"type-post","3":"status-publish","4":"format-standard","5":"has-post-thumbnail","7":"category-overskrifter","8":"tag-breaking-news","9":"tag-breakingnews","10":"tag-cybersikkerhet","11":"tag-datainnbrudd","12":"tag-featured-news","13":"tag-featurednews","14":"tag-headlines","15":"tag-hovedoppslag","16":"tag-innenriks","17":"tag-latest-news","18":"tag-latestnews","19":"tag-main-news","20":"tag-mainnews","21":"tag-news","22":"tag-no","23":"tag-nobelinstituttet","24":"tag-nobelkomiteen","25":"tag-nobels_fredspris","26":"tag-norge","27":"tag-norway","28":"tag-nyheter","29":"tag-overskrifter","30":"tag-spionasje","31":"tag-top-stories","32":"tag-topstories"},"share_on_mastodon":{"url":"","error":""},"_links":{"self":[{"href":"https:\/\/www.europesays.com\/no\/wp-json\/wp\/v2\/posts\/58594","targetHints":{"allow":["GET"]}}],"collection":[{"href":"https:\/\/www.europesays.com\/no\/wp-json\/wp\/v2\/posts"}],"about":[{"href":"https:\/\/www.europesays.com\/no\/wp-json\/wp\/v2\/types\/post"}],"author":[{"embeddable":true,"href":"https:\/\/www.europesays.com\/no\/wp-json\/wp\/v2\/users\/2"}],"replies":[{"embeddable":true,"href":"https:\/\/www.europesays.com\/no\/wp-json\/wp\/v2\/comments?post=58594"}],"version-history":[{"count":0,"href":"https:\/\/www.europesays.com\/no\/wp-json\/wp\/v2\/posts\/58594\/revisions"}],"wp:featuredmedia":[{"embeddable":true,"href":"https:\/\/www.europesays.com\/no\/wp-json\/wp\/v2\/media\/58595"}],"wp:attachment":[{"href":"https:\/\/www.europesays.com\/no\/wp-json\/wp\/v2\/media?parent=58594"}],"wp:term":[{"taxonomy":"category","embeddable":true,"href":"https:\/\/www.europesays.com\/no\/wp-json\/wp\/v2\/categories?post=58594"},{"taxonomy":"post_tag","embeddable":true,"href":"https:\/\/www.europesays.com\/no\/wp-json\/wp\/v2\/tags?post=58594"}],"curies":[{"name":"wp","href":"https:\/\/api.w.org\/{rel}","templated":true}]}}