{"id":58603,"date":"2025-10-12T10:13:14","date_gmt":"2025-10-12T10:13:14","guid":{"rendered":"https:\/\/www.europesays.com\/no\/58603\/"},"modified":"2025-10-12T10:13:14","modified_gmt":"2025-10-12T10:13:14","slug":"faeroyene-sorger-katastrofe","status":"publish","type":"post","link":"https:\/\/www.europesays.com\/no\/58603\/","title":{"rendered":"F\u00e6r\u00f8yene s\u00f8rger: \u2013 Katastrofe"},"content":{"rendered":"<p class=\"kicker text-red color_mobile_text-red\" style=\"\">N\u00f8tte:<\/p>\n<p>  10. september ble siste boks med sm\u00f8rep\u00e5legget N\u00f8tte produsert hos Sunda i Oslo. I Norge var det en nyhet. P\u00e5 F\u00e6r\u00f8yene var det en nasjonal begivenhet.<\/p>\n<p>\n    N\u00f8tte (t.h.) i butikkhylla p\u00e5 Sk\u00f8yen i Oslo i 2019. I f\u00e6r\u00f8yske butikkhyller har p\u00e5legget pleid \u00e5 ta opp betraktelig st\u00f8rre plass. Foto: Terje Pedersen \/ NTB\n  <\/p>\n<p>Anslagsvis 42 produsent av produksjonen gikk nemlig til \u00f8yriket 700 kilometer vest for oss, if\u00f8lge eier Orklas egne tall. <\/p>\n<p>\u2013 Totalt ble det produsert rundt 100 000 bokser, og det har ikke v\u00e6rt eksport til andre land enn F\u00e6r\u00f8yene, skriver kommunikasjonssjef Kristoffer Barb\u00f8l Vikebak i Orkla Foods Norge i en epost til NTB.<\/p>\n<p>Med om lag 55.000 innbyggere i \u00f8yriket betyr det alts\u00e5 at F\u00e6r\u00f8yene importerte totalt 0,76 bokser N\u00f8tte per person i fjor. Vikebak forteller at deres f\u00e6r\u00f8yske distribut\u00f8r har respekt for beslutningen om \u00e5 stanse produksjonen, selv om de gjerne skulle sett det annerledes.<\/p>\n<p>    <a itemprop=\"url\" href=\"https:\/\/sol.no\/nyheter\/soppekspert-lurt-a-laere-seg\/83678059\" rel=\"nofollow noopener\" target=\"_blank\"><\/p>\n<p>      <img loading=\"lazy\" decoding=\"async\" src=\"https:\/\/www.europesays.com\/no\/wp-content\/uploads\/2025\/10\/1760263992_627_83689699.webp\" width=\"980\" height=\"441\" title=\"Soppekspert: - Lurt \u00e5 l\u00e6re seg\" alt=\"\" class=\"lazyload\" style=\"--aspect-ratio-image: 2.22; \"\/><\/p>\n<p>        Soppekspert: &#8211; Lurt \u00e5 l\u00e6re seg<\/p>\n<p>sol.no<\/p>\n<p>    <\/a><\/p>\n<p>\u2013 Har dere spist s\u00f8m i Norge?\t<\/p>\n<p>\nDet ser det ogs\u00e5 ut til at mange f\u00e6r\u00f8yinger skulle \u00f8nske. Matbutikker melder ut p\u00e5 Facebook at de har satt sin aller siste forsendelse av N\u00f8tte ut i hyllene \u2013 og det meldes raskt som utsolgt. Ogs\u00e5 landets st\u00f8rste butikk, <a href=\"https:\/\/www.facebook.com\/photo\/?fbid=1517199709354521&amp;set=pb.100031935206719.-2207520000\" target=\"_blank\" rel=\"nofollow noopener\">Miklagardur<\/a><br \/>\n, har n\u00e5 fylt hyllene med hasseln\u00f8ttp\u00e5legget for aller siste gang.<\/p>\n<p>\n\u2013 Har dere spist s\u00f8m i Norge?!? Hvis Norge noensinne har tenkt seg \u00e5 f\u00e5 F\u00e6r\u00f8yene tilbake, s\u00e5 fortsetter dere \u00e5 produsere N\u00f8tte, skrev journalisten Sigurj\u00f3n Einarsson hos den f\u00e6r\u00f8yske kringkasteren KVF p\u00e5 <a href=\"https:\/\/x.com\/SiggiLamba\/status\/1965716723052802100\" target=\"_blank\" rel=\"nofollow\">X<\/a>.<\/p>\n<p>\u00abDu m\u00e5 have spist s\u00f8m\u00bb er et dansk uttrykk som tilsvarer det norske \u00abdet m\u00e5 ha klikket for deg\u00bb. <\/p>\n<p>          <img loading=\"lazy\" decoding=\"async\" src=\"https:\/\/www.europesays.com\/no\/wp-content\/uploads\/2025\/10\/83712534.webp\" width=\"980\" height=\"559\" title=\"De v\u00e6rharde F\u00e6r\u00f8yene s\u00f8rger over tapet av p\u00e5legget. Foto: Terje Pedersen \/ NTB\" alt=\"\" class=\"\" style=\"--aspect-ratio-image: 1.75; \"\/><\/p>\n<p>\n          De v\u00e6rharde F\u00e6r\u00f8yene s\u00f8rger over tapet av p\u00e5legget. Foto: Terje Pedersen \/ NTB\n      <\/p>\n<p>I en epost til NTB forklarer han at p\u00e5legget har v\u00e6rt popul\u00e6rt p\u00e5 F\u00e6r\u00f8yene i flere ti\u00e5r. Ogs\u00e5 i \u00f8yriket er N\u00f8tte en slags nostalgisk klassiker, men alts\u00e5 med en sv\u00e6rt stor og trofast tilhengerskare. Stor nok til at norske oppskrifter p\u00e5 n\u00f8ttep\u00e5legg n\u00e5 deles p\u00e5 Facebook, og det stilles sp\u00f8rsm\u00e5l om det g\u00e5r an \u00e5 fryse N\u00f8tte. <\/p>\n<p>\u2013 Folk p\u00e5 F\u00e6r\u00f8yene elsker s\u00f8te saker, skriver han.<\/p>\n<p>    <a itemprop=\"url\" href=\"https:\/\/sol.no\/nyheter\/risikerer-utryddelse\/83710231\" rel=\"nofollow noopener\" target=\"_blank\"><\/p>\n<p>      <img loading=\"lazy\" decoding=\"async\" src=\"https:\/\/www.europesays.com\/no\/wp-content\/uploads\/2025\/10\/83710236.webp\" width=\"980\" height=\"441\" title=\"Risikerer utryddelse\" alt=\"\" class=\"lazyload\" style=\"--aspect-ratio-image: 2.22; \"\/><\/p>\n<p>        Risikerer utryddelse<\/p>\n<p>sol.no<\/p>\n<p>    <\/a><\/p>\n<p>Ble tatt opp p\u00e5 radio\t<\/p>\n<p>Einarsson minnes at han ofte hadde det travelt p\u00e5 morgenen som barn, og at det ofte var enkelt \u00e5 sm\u00f8re N\u00f8tte p\u00e5 en br\u00f8dskive og l\u00f8pe til skolebussen. <\/p>\n<p>\u2013 Jeg skal ut og hamstre noen bokser med N\u00f8tte, b\u00e5de fordi jeg er storforbruker av N\u00f8tte, men ogs\u00e5 p\u00e5 grunn av nostalgi, sier han.<\/p>\n<p>\nSaken har til og med blitt tatt opp i KVFs <a href=\"https:\/\/kvf.fo\/ljod\/sending\/gmf?sid=196794\" target=\"_blank\" rel=\"nofollow noopener\">morgensending <\/a><br \/>\np\u00e5 radio.<\/p>\n<p>\u2013 Jeg kan si at for meg personlig er dette en katastrofe, sier den ene verten sp\u00f8kefullt.<\/p>\n<p>\u2013 Lever i h\u00e5pet<\/p>\n<p>\nFor noen \u00e5r siden ble det til og med lagd en <a href=\"https:\/\/www.youtube.com\/watch?v=pwlPRFRMqp0\" target=\"_blank\" rel=\"nofollow noopener\">musikkvideo om N\u00f8tte p\u00e5 f\u00e6r\u00f8ysk <\/a><br \/>\n\u2013 til melodien fra Justin Biebers \u00abBaby\u00bb. <\/p>\n<p>Grunnen til at Orkla skrinla produksjonen av n\u00f8ttesm\u00f8ret etter 60 \u00e5r var lave salgstall, kombinert med gammelt produksjonsutstyr som vanskelig lot seg vedlikeholde. Samme skjebne led for \u00f8vrig ogs\u00e5 p\u00e5leggsklassikeren Sunda. <\/p>\n<p>\u2013 Jeg tenker noen burde produsere N\u00f8tte p\u00e5 F\u00e6r\u00f8yene. Jeg lever i h\u00e5pet, skriver Einarsson.<\/p>\n<p>\nPS! Selv om det nok er vanskelig \u00e5 finne N\u00f8tte i norske matbutikker, selges det stadig bokser med p\u00e5legget p\u00e5 <a href=\"https:\/\/www.finn.no\/recommerce\/forsale\/search?q=n%C3%B8tte\" target=\"_blank\" rel=\"nofollow noopener\">finn.no<\/a>. Prisene varierer i skrivende stund fra 130 til 500 kroner boksen.<\/p>\n","protected":false},"excerpt":{"rendered":"N\u00f8tte: 10. september ble siste boks med sm\u00f8rep\u00e5legget N\u00f8tte produsert hos Sunda i Oslo. I Norge var det&hellip;\n","protected":false},"author":2,"featured_media":58604,"comment_status":"","ping_status":"","sticky":false,"template":"","format":"standard","meta":{"footnotes":""},"categories":[5],"tags":[20,21,4092,24,25,15,19,410,22,23,724,17,18,737,13,30,28,29,14,16,26,27],"class_list":{"0":"post-58603","1":"post","2":"type-post","3":"status-publish","4":"format-standard","5":"has-post-thumbnail","7":"category-overskrifter","8":"tag-breaking-news","9":"tag-breakingnews","10":"tag-faeroyene","11":"tag-featured-news","12":"tag-featurednews","13":"tag-headlines","14":"tag-hovedoppslag","15":"tag-kultur","16":"tag-latest-news","17":"tag-latestnews","18":"tag-livsstil","19":"tag-main-news","20":"tag-mainnews","21":"tag-mat","22":"tag-news","23":"tag-no","24":"tag-norge","25":"tag-norway","26":"tag-nyheter","27":"tag-overskrifter","28":"tag-top-stories","29":"tag-topstories"},"share_on_mastodon":{"url":"","error":""},"_links":{"self":[{"href":"https:\/\/www.europesays.com\/no\/wp-json\/wp\/v2\/posts\/58603","targetHints":{"allow":["GET"]}}],"collection":[{"href":"https:\/\/www.europesays.com\/no\/wp-json\/wp\/v2\/posts"}],"about":[{"href":"https:\/\/www.europesays.com\/no\/wp-json\/wp\/v2\/types\/post"}],"author":[{"embeddable":true,"href":"https:\/\/www.europesays.com\/no\/wp-json\/wp\/v2\/users\/2"}],"replies":[{"embeddable":true,"href":"https:\/\/www.europesays.com\/no\/wp-json\/wp\/v2\/comments?post=58603"}],"version-history":[{"count":0,"href":"https:\/\/www.europesays.com\/no\/wp-json\/wp\/v2\/posts\/58603\/revisions"}],"wp:featuredmedia":[{"embeddable":true,"href":"https:\/\/www.europesays.com\/no\/wp-json\/wp\/v2\/media\/58604"}],"wp:attachment":[{"href":"https:\/\/www.europesays.com\/no\/wp-json\/wp\/v2\/media?parent=58603"}],"wp:term":[{"taxonomy":"category","embeddable":true,"href":"https:\/\/www.europesays.com\/no\/wp-json\/wp\/v2\/categories?post=58603"},{"taxonomy":"post_tag","embeddable":true,"href":"https:\/\/www.europesays.com\/no\/wp-json\/wp\/v2\/tags?post=58603"}],"curies":[{"name":"wp","href":"https:\/\/api.w.org\/{rel}","templated":true}]}}