{"id":58662,"date":"2025-10-12T12:12:10","date_gmt":"2025-10-12T12:12:10","guid":{"rendered":"https:\/\/www.europesays.com\/no\/58662\/"},"modified":"2025-10-12T12:12:10","modified_gmt":"2025-10-12T12:12:10","slug":"18-personer-til-legevakt-etter-bussulykke-i-kobenhavn-sjafor-skal-ha-fatt-illebefinnende","status":"publish","type":"post","link":"https:\/\/www.europesays.com\/no\/58662\/","title":{"rendered":"18 personer til legevakt etter bussulykke i K\u00f8benhavn \u2013 sj\u00e5f\u00f8r skal ha f\u00e5tt illebefinnende"},"content":{"rendered":"\n<p class=\"_lead_o9xde_2 _lead_xtcu6_50 layout-component text-serif-m layout-normal text-serif-l layout-component layout-wide layout-padded _wide_17hqh_1 layout-padded\">En buss kj\u00f8rte tidlig s\u00f8ndag morgen inn i en bygning i sentrum av Danmarks hovedstad K\u00f8benhavn. Sj\u00e5f\u00f8ren og 17 passasjerer er sendt til legevakt.<\/p>\n<p><img alt=\" Foto: Steven Knap \/ NTB\" class=\"_image_qp4xg_65 layout-component layout-wide\" data-fullscreen- data-track-element-type=\"Article image fullscreen\" data-track-name=\"ImageFullscreen\" fetchpriority=\"high\" decoding=\"sync\" loading=\"eager\" height=\"3269\" itemprop=\"image\"  src=\"https:\/\/www.europesays.com\/no\/wp-content\/uploads\/2025\/10\/c77745f8-92df-4ac6-a798-303eb5643cdf\"  style=\"object-position:0% 0%\" width=\"4400\"\/> Foto: Steven Knap \/ NTB<\/p>\n<ul aria-hidden=\"true\" class=\"_images_1y6fe_106\">\n<li><a class=\"_link_1y6fe_111\" href=\"https:\/\/www.vg.no\/forfatter\/ntb\" style=\"z-index:1\" title=\"NTB\" rel=\"nofollow noopener\" target=\"_blank\"><img alt=\"Bilde av NTB\" class=\"_image_1y6fe_88\" fetchpriority=\"low\" loading=\"lazy\" decoding=\"async\" itemprop=\"image\"  src=\"https:\/\/www.europesays.com\/no\/wp-content\/uploads\/2025\/10\/1760271130_993_c33980b0-5d07-4027-84a1-813f90a7c8d6\"  width=\"480\"\/><\/a><\/li>\n<\/ul>\n<p> Oppdatert s\u00f8ndag 12. oktober kl. 11:30     <\/p>\n<p class=\"_paragraph_o9xde_4 _paragraph_xtcu6_10 layout-component text-serif-m layout-normal text-serif-m layout-padded\">Kuns seks personer slapp fra ulykken uskadet. I hovedsak var passasjerene unge voksne p\u00e5 vei hjem fra byen. Krysset \u00d8stre Voldgade\/S\u00f8lvgade er stengt for trafikk og bygget m\u00e5 avstives f\u00f8r bussen kan fjernes.<\/p>\n<p class=\"_paragraph_o9xde_4 _paragraph_xtcu6_10 layout-component text-serif-m layout-normal text-serif-m layout-padded\">\u2013 Bussj\u00e5f\u00f8ren har formentlig f\u00e5tt et illebefinnende, sier operasjonsleder Henrik Stormer i <a href=\"https:\/\/www.vg.no\/tag\/koebenhavn?utm_source=vg-article&amp;utm_medium=auto-tagger&amp;utm_campaign=QMdOlQ\" class=\"_link_o9xde_39\" rel=\"nofollow noopener\" target=\"_blank\">K\u00f8benhavns<\/a> politikreds til nyhetsbyr\u00e5et Ritzau.<\/p>\n<p class=\"_paragraph_o9xde_4 _paragraph_xtcu6_10 layout-component text-serif-m layout-normal text-serif-m layout-padded\">Krysset ulykken skjedde i ligger like ved det danske nasjonalgalleriet. Bygningen det gjelder er mest kjent som hovedkontoret til det danske jernbaneselskapet DSB, men er i dag gjort om til studentboliger.<\/p>\n","protected":false},"excerpt":{"rendered":"En buss kj\u00f8rte tidlig s\u00f8ndag morgen inn i en bygning i sentrum av Danmarks hovedstad K\u00f8benhavn. Sj\u00e5f\u00f8ren og&hellip;\n","protected":false},"author":2,"featured_media":58663,"comment_status":"","ping_status":"","sticky":false,"template":"","format":"standard","meta":{"footnotes":""},"categories":[12],"tags":[20,21,2760,24,25,15,2967,22,23,13,30,28,29,14,16,26,27,42,43,44,45],"class_list":{"0":"post-58662","1":"post","2":"type-post","3":"status-publish","4":"format-standard","5":"has-post-thumbnail","7":"category-verden","8":"tag-breaking-news","9":"tag-breakingnews","10":"tag-buss","11":"tag-featured-news","12":"tag-featurednews","13":"tag-headlines","14":"tag-kobenhavn","15":"tag-latest-news","16":"tag-latestnews","17":"tag-news","18":"tag-no","19":"tag-norge","20":"tag-norway","21":"tag-nyheter","22":"tag-overskrifter","23":"tag-top-stories","24":"tag-topstories","25":"tag-verden","26":"tag-world","27":"tag-world-news","28":"tag-worldnews"},"share_on_mastodon":{"url":"","error":""},"_links":{"self":[{"href":"https:\/\/www.europesays.com\/no\/wp-json\/wp\/v2\/posts\/58662","targetHints":{"allow":["GET"]}}],"collection":[{"href":"https:\/\/www.europesays.com\/no\/wp-json\/wp\/v2\/posts"}],"about":[{"href":"https:\/\/www.europesays.com\/no\/wp-json\/wp\/v2\/types\/post"}],"author":[{"embeddable":true,"href":"https:\/\/www.europesays.com\/no\/wp-json\/wp\/v2\/users\/2"}],"replies":[{"embeddable":true,"href":"https:\/\/www.europesays.com\/no\/wp-json\/wp\/v2\/comments?post=58662"}],"version-history":[{"count":0,"href":"https:\/\/www.europesays.com\/no\/wp-json\/wp\/v2\/posts\/58662\/revisions"}],"wp:featuredmedia":[{"embeddable":true,"href":"https:\/\/www.europesays.com\/no\/wp-json\/wp\/v2\/media\/58663"}],"wp:attachment":[{"href":"https:\/\/www.europesays.com\/no\/wp-json\/wp\/v2\/media?parent=58662"}],"wp:term":[{"taxonomy":"category","embeddable":true,"href":"https:\/\/www.europesays.com\/no\/wp-json\/wp\/v2\/categories?post=58662"},{"taxonomy":"post_tag","embeddable":true,"href":"https:\/\/www.europesays.com\/no\/wp-json\/wp\/v2\/tags?post=58662"}],"curies":[{"name":"wp","href":"https:\/\/api.w.org\/{rel}","templated":true}]}}