{"id":58842,"date":"2025-10-12T17:32:09","date_gmt":"2025-10-12T17:32:09","guid":{"rendered":"https:\/\/www.europesays.com\/no\/58842\/"},"modified":"2025-10-12T17:32:09","modified_gmt":"2025-10-12T17:32:09","slug":"ulykker-og-hendelser-hovik-stort-oppbud-av-nodetater-pa-hovik","status":"publish","type":"post","link":"https:\/\/www.europesays.com\/no\/58842\/","title":{"rendered":"Ulykker og hendelser, H\u00f8vik | Stort oppbud av n\u00f8detater p\u00e5 H\u00f8vik"},"content":{"rendered":"\n<p>Saken oppdateres<\/p>\n<p>\u2013 Vi er i Kirkeveien og Ekebergveien i B\u00e6rum og gj\u00f8r unders\u00f8kelser etter at noen har h\u00f8rt et smell og flere personer skal v\u00e6re sett l\u00f8pende fra en adresse, skriver operasjonsleder Eirik Sannes i Oslo politidistrikt.<\/p>\n<p>   <img decoding=\"async\" width=\"4554\" height=\"3036\" fetchpriority=\"low\"  loading=\"lazy\"  src=\"https:\/\/www.europesays.com\/no\/wp-content\/uploads\/2025\/10\/H%C3%98VIK.jpg\" alt=\"\" class=\"brick-c-cFOWSL\" style=\"--brick-image-ratio: 4554 \/ 3036;\"\/><\/p>\n<p>    Det er et stort oppbud av n\u00f8detater p\u00e5 stedet.<\/p>\n<p>\u2013 Vi snakker med vitner og s\u00f8ker etter involverte personer. Per n\u00e5 fremst\u00e5r ingen som skadet.<\/p>\n<p>Helikopter og hundepatrulje<\/p>\n<p>Brannvesenet bekrefter til Budstikka at de rykket ut til stedet, men at de ble raskt dimittert. Politi og mannskaper fra helse er fortsatt p\u00e5 stedet.<\/p>\n<p>Budstikkas journalist p\u00e5 stedet kan fortelle at politiet har helikopter i luften og drone. Etter det Budstikka erfarer har politiet ogs\u00e5 en hundepatrulje som er i s\u00f8k etter personene som mistenkes \u00e5 ha noe med smellet \u00e5 gj\u00f8re.<\/p>\n<p>   <img decoding=\"async\" width=\"3744\" height=\"2495\" fetchpriority=\"low\"  loading=\"lazy\"  src=\"https:\/\/www.europesays.com\/no\/wp-content\/uploads\/2025\/10\/N%C3%98DETATER.jpg\" alt=\"\" class=\"brick-c-cFOWSL\" style=\"--brick-image-ratio: 3744 \/ 2495;\"\/><\/p>\n<p>    Politiet jobber n\u00e5 med \u00e5 n\u00f8ste opp i hva som har skjedd og hvorfor.<br \/>\n    Foto: TRULS FENRE\n  <\/p>\n<p>  \u2013 Knust rute<\/p>\n<p>\u2013 Det er litt uklart hva som har skjedd. Vi fikk melding inn til oss klokken 18.12. Det var flere uavhengige meldere som hadde h\u00f8rt smell i omr\u00e5det, sier operasjonsleder Eirik Sannes til Budstikka.<\/p>\n<p>Politiet rykket da ut med flere patruljer og fikk etter hvert sirklet seg inn p\u00e5 en adresse i omr\u00e5det.<\/p>\n<p>\u2013 Der finner vi en knust rute. Det er ikke tegn til at ruten er knust som f\u00f8lge av skudd eller eksplosjon, det er snakk om at den har blitt manuelt knust, fortsetter han.<\/p>\n<p>Flere personer skal ha blitt sett l\u00f8pende fra adressen etter smellet, og det er n\u00e5 p\u00e5g\u00e5ende s\u00f8k etter de mistenke.<\/p>\n<p>\u2013 Vi pr\u00f8ver n\u00e5 \u00e5 n\u00f8ste opp i hvorfor det har skjedd, og s\u00f8ker med blant annet drone og helikopter.<\/p>\n","protected":false},"excerpt":{"rendered":"Saken oppdateres \u2013 Vi er i Kirkeveien og Ekebergveien i B\u00e6rum og gj\u00f8r unders\u00f8kelser etter at noen har&hellip;\n","protected":false},"author":2,"featured_media":58843,"comment_status":"","ping_status":"","sticky":false,"template":"","format":"standard","meta":{"footnotes":""},"categories":[5],"tags":[36,997,20,21,24,25,15,19,7647,22,23,17,18,13,30,28,29,14,16,254,1510,26,27,941],"class_list":{"0":"post-58842","1":"post","2":"type-post","3":"status-publish","4":"format-standard","5":"has-post-thumbnail","7":"category-overskrifter","8":"tag-art","9":"tag-baerum","10":"tag-breaking-news","11":"tag-breakingnews","12":"tag-featured-news","13":"tag-featurednews","14":"tag-headlines","15":"tag-hovedoppslag","16":"tag-hovik","17":"tag-latest-news","18":"tag-latestnews","19":"tag-main-news","20":"tag-mainnews","21":"tag-news","22":"tag-no","23":"tag-norge","24":"tag-norway","25":"tag-nyheter","26":"tag-overskrifter","27":"tag-politi","28":"tag-story","29":"tag-top-stories","30":"tag-topstories","31":"tag-ulykker-og-hendelser"},"share_on_mastodon":{"url":"","error":""},"_links":{"self":[{"href":"https:\/\/www.europesays.com\/no\/wp-json\/wp\/v2\/posts\/58842","targetHints":{"allow":["GET"]}}],"collection":[{"href":"https:\/\/www.europesays.com\/no\/wp-json\/wp\/v2\/posts"}],"about":[{"href":"https:\/\/www.europesays.com\/no\/wp-json\/wp\/v2\/types\/post"}],"author":[{"embeddable":true,"href":"https:\/\/www.europesays.com\/no\/wp-json\/wp\/v2\/users\/2"}],"replies":[{"embeddable":true,"href":"https:\/\/www.europesays.com\/no\/wp-json\/wp\/v2\/comments?post=58842"}],"version-history":[{"count":0,"href":"https:\/\/www.europesays.com\/no\/wp-json\/wp\/v2\/posts\/58842\/revisions"}],"wp:featuredmedia":[{"embeddable":true,"href":"https:\/\/www.europesays.com\/no\/wp-json\/wp\/v2\/media\/58843"}],"wp:attachment":[{"href":"https:\/\/www.europesays.com\/no\/wp-json\/wp\/v2\/media?parent=58842"}],"wp:term":[{"taxonomy":"category","embeddable":true,"href":"https:\/\/www.europesays.com\/no\/wp-json\/wp\/v2\/categories?post=58842"},{"taxonomy":"post_tag","embeddable":true,"href":"https:\/\/www.europesays.com\/no\/wp-json\/wp\/v2\/tags?post=58842"}],"curies":[{"name":"wp","href":"https:\/\/api.w.org\/{rel}","templated":true}]}}